{"id":430242,"date":"2025-10-01T04:21:18","date_gmt":"2025-10-01T04:21:18","guid":{"rendered":"https:\/\/www.europesays.com\/fr\/430242\/"},"modified":"2025-10-01T04:21:18","modified_gmt":"2025-10-01T04:21:18","slug":"apres-poissy-le-groupe-met-en-pause-deux-autres-usines-francaises","status":"publish","type":"post","link":"https:\/\/www.europesays.com\/fr\/430242\/","title":{"rendered":"apr\u00e8s Poissy, le groupe met en pause deux autres usines fran\u00e7aises !"},"content":{"rendered":"<p itemprop=\"description\">Quelques jours apr\u00e8s l\u2019annonce de la mise \u00e0 l\u2019arr\u00eat de la production dans plusieurs sites europ\u00e9ens, dont Poissy, Stellantis s\u2019appr\u00eate maintenant \u00e0 mettre en pause deux nouvelles usines fran\u00e7aises. Dont le site historique de Sochaux.<\/p>\n<p style=\"font-weight: 400;\">On vient d\u2019apprendre que Stellantis va arr\u00eater temporairement la production dans deux de ses usines fran\u00e7aises. <strong>Une d\u00e9cision qui intervient quelques jours apr\u00e8s l\u2019annonce de la mise en pause de plusieurs sites europ\u00e9ens.<\/strong> Cette fois, le groupe \u00e9voque, entre autres, des difficult\u00e9s li\u00e9es \u00e0 l\u2019approvisionnement. Toutefois, cette interruption sera de plus courte dur\u00e9e que dans les autres usines mises \u00e0 l\u2019arr\u00eat.<\/p>\n<p>\t\t\t<strong>Des difficult\u00e9s d\u2019approvisionnement \u00e0 Sochaux<\/strong> <\/p>\n<p style=\"font-weight: 400;\">Bien qu\u2019il ne s\u2019agisse pas de la premi\u00e8re annonce de ce genre, ces derniers jours, l\u2019interruption de la production dans l\u2019usine de Sochaux rev\u00eat une tout autre symbolique. <strong>Ce site de production, situ\u00e9 dans le Doubs, est le fief historique de <a href=\"https:\/\/www.autoplus.fr\/actualite\/peugeot-toutes-les-nouveautes-a-venir-jusquen-2026-1393022.html\" target=\"_blank\" rel=\"noopener nofollow\">Peugeot<\/a>. C\u2019est l\u00e0-bas que sont fabriqu\u00e9s les 3008 et 5008.<\/strong><\/p>\n<p style=\"font-weight: 400;\">Stellantis s\u2019appr\u00eate donc \u00e0 mettre en pause son usine sochalienne. Toutefois, contrairement aux autres sites de production, mis en pause en raison d\u2019une baisse de la demande, <strong><a href=\"https:\/\/www.stellantis.com\/fr\" target=\"_blank\" rel=\"noopener nofollow\">le groupe<\/a> \u00e9voque cette fois des difficult\u00e9s d\u2019approvisionnement.<\/strong> \u00ab\u00a0Notre portefeuille de commandes sur les Peugeot 3008\/5008 pr\u00e9sente une part importante de versions PHEV et Long Range. Nous devons construire nos programmes de production en fonction des contraintes capacitaires de nos fournisseurs pour r\u00e9pondre \u00e0 ce mix, tout en g\u00e9rant les stocks aussi efficacement que possible avant la fin de l\u2019ann\u00e9e\u00a0\u00bb, peut-on lire dans le communiqu\u00e9.<\/p>\n<p style=\"font-weight: 400;\"><strong>L\u2019usine sera mise en pause les vendredi 10, 17 et 24 octobre, ainsi que les nuits du dimanche 5 et du vendredi 31 octobre.<\/strong><\/p>\n<p> <img loading=\"lazy\" decoding=\"async\" aria-describedby=\"caption-attachment-1342846\" itemprop=\"thumbnailUrl\" class=\"wp-image-1342846 img-responsive  size-large\" src=\"https:\/\/www.europesays.com\/fr\/wp-content\/uploads\/2025\/10\/peugeot-e-3008-2024-1280-921f135e35ac88518c3f3c8750d182add1-768x576.jpg\" alt=\"Peugeot 3008\" width=\"768\" height=\"576\"  \/> \u00a9  Peugeot<\/p>\n<p id=\"caption-attachment-1342846\" class=\"wp-caption-text\">L\u00a0\u00bbusine historique de Sochaux fabrique actuellement des Peugeot 3008 et 5008.<\/p>\n<p>    <strong>L\u2019usine Stellantis de Mulhouse \u00e9galement mise en stand-by<\/strong> <\/p>\n<p style=\"font-weight: 400;\"><strong>\u00c0 Sochaux, ce sont 2 500 salari\u00e9s qui seront impact\u00e9s par cette interruption de la production.<\/strong> Des r\u00e9percussions que d\u00e9plore la CGT\u00a0: \u00ab\u00a0ces annonces sont un v\u00e9ritable coup pour les travailleurs de Sochaux\u00a0\u00bb.<\/p>\n<p style=\"font-weight: 400;\">Autre mauvaise nouvelle,<strong> qui concerne cette fois le site de Mulhouse.<\/strong> Le groupe a annonc\u00e9 \u00ab\u00a0l\u2019arr\u00eat de la production de l\u2019unit\u00e9 terminale fabriquant les mod\u00e8les <a href=\"https:\/\/www.autoplus.fr\/environnement\/nouvelle-peugeot-e-308-restylee-les-commandes-ouvrent-voici-les-prix-1398138.html\" target=\"_blank\" rel=\"noopener nofollow\">308<\/a>, 408 et DS 7 pour une semaine, du 27 octobre au 2 novembre\u00a0\u00bb. Mais dans ce cas pr\u00e9cis, cette d\u00e9cision n\u2019est pas li\u00e9e \u00e0 l\u2019approvisionnement. Ici, <strong>Stellantis justifie cette pause par un contexte difficile sur le march\u00e9 europ\u00e9en.<\/strong> Dans un communiqu\u00e9, le syndicat CFE-CGC rapporte que la direction \u00e9voque \u00ab une baisse des ventes de v\u00e9hicules en Europe \u00bb. Mais aussi \u00ab\u00a0une concurrence tarifaire agressive qui fragilise les parts de march\u00e9\u00a0\u00bb. Comme \u00e0 Sochaux, <strong>la suspension des activit\u00e9s \u00e0 Mulhouse aura de grosses r\u00e9percussions. En effet, 2 000 salari\u00e9s seront concern\u00e9s.<\/strong><\/p>\n<p style=\"font-weight: 400;\">Sochaux et Mulhouse s\u2019ajoutent donc \u00e0 la liste des usines qui tourneront au ralenti, en octobre. En plus de ces deux sites,<strong> la production sera \u00e9galement interrompue \u00e0 <a href=\"https:\/\/www.autoplus.fr\/actualite\/stellantis-lusine-de-poissy-va-etre-mise-en-pause-faute-de-demande-1399227.html\" target=\"_blank\" rel=\"noopener nofollow\">Poissy<\/a>, Pomigliano (Italie), Tychy (Pologne), Eisenach (Allemagne), Saragosse et Madrid (Espagne).<\/strong><\/p>\n","protected":false},"excerpt":{"rendered":"Quelques jours apr\u00e8s l\u2019annonce de la mise \u00e0 l\u2019arr\u00eat de la production dans plusieurs sites europ\u00e9ens, dont Poissy,&hellip;\n","protected":false},"author":2,"featured_media":430243,"comment_status":"","ping_status":"","sticky":false,"template":"","format":"standard","meta":{"footnotes":""},"categories":[6],"tags":[35,33,34,1011,27,1638],"class_list":{"0":"post-430242","1":"post","2":"type-post","3":"status-publish","4":"format-standard","5":"has-post-thumbnail","7":"category-economie","8":"tag-business","9":"tag-economie","10":"tag-economy","11":"tag-fr","12":"tag-france","13":"tag-has_diapo"},"share_on_mastodon":{"url":"https:\/\/pubeurope.com\/@fr\/115296999215707966","error":""},"_links":{"self":[{"href":"https:\/\/www.europesays.com\/fr\/wp-json\/wp\/v2\/posts\/430242","targetHints":{"allow":["GET"]}}],"collection":[{"href":"https:\/\/www.europesays.com\/fr\/wp-json\/wp\/v2\/posts"}],"about":[{"href":"https:\/\/www.europesays.com\/fr\/wp-json\/wp\/v2\/types\/post"}],"author":[{"embeddable":true,"href":"https:\/\/www.europesays.com\/fr\/wp-json\/wp\/v2\/users\/2"}],"replies":[{"embeddable":true,"href":"https:\/\/www.europesays.com\/fr\/wp-json\/wp\/v2\/comments?post=430242"}],"version-history":[{"count":0,"href":"https:\/\/www.europesays.com\/fr\/wp-json\/wp\/v2\/posts\/430242\/revisions"}],"wp:featuredmedia":[{"embeddable":true,"href":"https:\/\/www.europesays.com\/fr\/wp-json\/wp\/v2\/media\/430243"}],"wp:attachment":[{"href":"https:\/\/www.europesays.com\/fr\/wp-json\/wp\/v2\/media?parent=430242"}],"wp:term":[{"taxonomy":"category","embeddable":true,"href":"https:\/\/www.europesays.com\/fr\/wp-json\/wp\/v2\/categories?post=430242"},{"taxonomy":"post_tag","embeddable":true,"href":"https:\/\/www.europesays.com\/fr\/wp-json\/wp\/v2\/tags?post=430242"}],"curies":[{"name":"wp","href":"https:\/\/api.w.org\/{rel}","templated":true}]}}