{"id":430244,"date":"2025-10-01T04:22:12","date_gmt":"2025-10-01T04:22:12","guid":{"rendered":"https:\/\/www.europesays.com\/fr\/430244\/"},"modified":"2025-10-01T04:22:12","modified_gmt":"2025-10-01T04:22:12","slug":"lex-president-joseph-kabila-condamne-a-mort-pour-crimes-de-guerre","status":"publish","type":"post","link":"https:\/\/www.europesays.com\/fr\/430244\/","title":{"rendered":"L\u2019ex-pr\u00e9sident Joseph Kabila condamn\u00e9 \u00e0 mort pour \u00ab\u00a0crimes de guerre\u00a0\u00bb"},"content":{"rendered":"<p><a href=\"https:\/\/www.20minutes.fr\/dossier\/joseph_kabila\" target=\"_blank\" class=\"c-link c-link--is-underlined\" rel=\"noopener\">Joseph Kabila<\/a> sait d\u00e9sormais ce qu\u2019il risque s\u2019il venait \u00e0 rentrer dans son pays dans lequel il ne r\u00e9side plus depuis deux ans. L\u2019ancien pr\u00e9sident de la <a href=\"https:\/\/www.20minutes.fr\/monde\/republique_democratique_du_congo\/\" target=\"_blank\" class=\"c-link c-link--is-underlined\" rel=\"noopener\">R\u00e9publique d\u00e9mocratique du Congo<\/a> (RDC) a \u00e9t\u00e9 condamn\u00e9 \u00e0 mort mardi au terme d\u2019un proc\u00e8s par contumace pour \u00ab\u00a0trahison\u00a0\u00bb et \u00ab\u00a0crimes de guerre\u00a0\u00bb.<\/p>\n<p>Selon des observateurs, cette condamnation vise \u00e0 \u00e9carter la possibilit\u00e9 qu\u2019il puisse f\u00e9d\u00e9rer l\u2019opposition, m\u00eame si aucune information n\u2019a \u00e9t\u00e9 donn\u00e9e sur l\u2019endroit o\u00f9 l\u2019ancien chef d\u2019Etat (2001-2019) se trouve actuellement.<\/p>\n<p>Le M23 en position de force<\/p>\n<p>\u00c2g\u00e9 de 54 ans, Joseph Kabila, qui n\u2019\u00e9tait pas pr\u00e9sent \u00e0 son proc\u00e8s devant la justice militaire dans la capitale Kinshasa et n\u2019y \u00e9tait pas non plus repr\u00e9sent\u00e9, a \u00e9t\u00e9 reconnu coupable de complicit\u00e9 avec le M23. Entre janvier et f\u00e9vrier, ce groupe arm\u00e9 soutenu par le <a href=\"https:\/\/www.20minutes.fr\/monde\/rwanda\/\" target=\"_blank\" class=\"c-link c-link--is-underlined\" rel=\"noopener\">Rwanda<\/a> et son arm\u00e9e a conduit des offensives d\u2019ampleur dans l\u2019est de la RDC, s\u2019emparant de vastes pans de territoires.<\/p>\n<\/p>\n<p>Peu apr\u00e8s ces revers militaires qui ont fragilis\u00e9 le r\u00e9gime de Kinshasa, Joseph Kabila, qui avait quitt\u00e9 le sol congolais en\u00a02023 selon son entourage, a fait une apparition surprise \u00e0 Goma, capitale de la province du Nord-Kivu et fief du M23.<\/p>\n<p>Ces derni\u00e8res ann\u00e9es, l\u2019ancien pr\u00e9sident, expert dans l\u2019art de manier le secret, \u00e9tait rest\u00e9 tr\u00e8s discret sur ses nouveaux lieux d\u2019attache, faisant quelques apparitions notamment en <a href=\"https:\/\/www.20minutes.fr\/dossier\/afrique_du_sud\" target=\"_blank\" class=\"c-link c-link--is-underlined\" rel=\"noopener\">Afrique du Sud<\/a> et en <a href=\"https:\/\/www.20minutes.fr\/dossier\/namibie\" target=\"_blank\" class=\"c-link c-link--is-underlined\" rel=\"noopener\">Namibie<\/a>. En mai, dans une rare allocution en ligne, il avait d\u00e9clar\u00e9 que \u00ab\u00a0la dictature doit prendre fin\u00a0\u00bb en RDC et s\u2019\u00e9tait dit pr\u00eat \u00e0 \u00ab\u00a0jouer sa partition\u00a0\u00bb, se posant ouvertement comme un opposant \u00e0 l\u2019actuel pr\u00e9sident F\u00e9lix Tshisekedi.<\/p>\n<p>Un accord de paix sign\u00e9 \u00e0 Washington<\/p>\n<p>Sur injonction du gouvernement, l\u2019immunit\u00e9 parlementaire de Joseph Kabila en tant que s\u00e9nateur \u00e0 vie a \u00e9t\u00e9 lev\u00e9e fin mai. Au terme d\u2019une audience de pr\u00e8s de cinq heures mardi, le pr\u00e9sident de la Haute cour militaire a ass\u00e9n\u00e9 la sentence \u00ab\u00a0sans admission des circonstances att\u00e9nuantes \u00e0 la peine de mort\u00a0\u00bb. Les motifs\u00a0: crime de guerre par homicide intentionnel ou meurtre, par viol, torture, ainsi que par trahison et organisation d\u2019un mouvement insurrectionnel. Joseph Kabila est \u00e9galement condamn\u00e9 \u00e0 quinze ans de prison pour complot.<\/p>\n<p><a href=\"https:\/\/www.20minutes.fr\/monde\/republique_democratique_du_congo\/\" target=\"_blank\" class=\"c-link c-btn c-btn--primary\" rel=\"noopener\">Nos articles sur la RDC<\/a><\/p>\n<p>L\u2019Est congolais, riche en ressources naturelles, est d\u00e9chir\u00e9 par des conflits depuis trente ans. Le M23, qui clame sa volont\u00e9 de renverser le r\u00e9gime du pr\u00e9sident Tshisekedi, est r\u00e9apparu dans la r\u00e9gion fin\u00a02021. Un accord de paix entre les gouvernements congolais et rwandais a \u00e9t\u00e9 sign\u00e9 en juin \u00e0 Washington. Une d\u00e9claration de principes avec le M23 \u00ab\u00a0en faveur d\u2019un cessez-le-feu permanent\u00a0\u00bb a \u00e9galement \u00e9t\u00e9 sign\u00e9e au Qatar en juillet, mais les violences sur le terrain persistent.<\/p>\n<p>Fils de Laurent-D\u00e9sir\u00e9 Kabila, rebelle ayant fait tomber le dictateur Mobutu Sese Seko, Joseph Kabila a h\u00e9rit\u00e9 du pouvoir en\u00a02001 par succession de type monarchique apr\u00e8s l\u2019assassinat de son p\u00e8re en janvier de la m\u00eame ann\u00e9e. En\u00a02019, apr\u00e8s deux mandats, il a quitt\u00e9 le pouvoir en laissant la place \u00e0 F\u00e9lix Tshisekedi.<\/p>\n","protected":false},"excerpt":{"rendered":"Joseph Kabila sait d\u00e9sormais ce qu\u2019il risque s\u2019il venait \u00e0 rentrer dans son pays dans lequel il ne&hellip;\n","protected":false},"author":2,"featured_media":430245,"comment_status":"","ping_status":"","sticky":false,"template":"","format":"standard","meta":{"footnotes":""},"categories":[5],"tags":[47,11,10945,2048,1011,27,14,28798,303,74,12,942,4456,15568,133,28],"class_list":{"0":"post-430244","1":"post","2":"type-post","3":"status-publish","4":"format-standard","5":"has-post-thumbnail","7":"category-international","8":"tag-actualite","9":"tag-actualites","10":"tag-condamnation-a-mort","11":"tag-crime-de-guerre","12":"tag-fr","13":"tag-france","14":"tag-international","15":"tag-joseph-kabila","16":"tag-justice","17":"tag-monde","18":"tag-news","19":"tag-peine-de-mort","20":"tag-republique-democratique-du-congo","21":"tag-rwanda","22":"tag-video","23":"tag-world"},"share_on_mastodon":{"url":"https:\/\/pubeurope.com\/@fr\/115297002744516500","error":""},"_links":{"self":[{"href":"https:\/\/www.europesays.com\/fr\/wp-json\/wp\/v2\/posts\/430244","targetHints":{"allow":["GET"]}}],"collection":[{"href":"https:\/\/www.europesays.com\/fr\/wp-json\/wp\/v2\/posts"}],"about":[{"href":"https:\/\/www.europesays.com\/fr\/wp-json\/wp\/v2\/types\/post"}],"author":[{"embeddable":true,"href":"https:\/\/www.europesays.com\/fr\/wp-json\/wp\/v2\/users\/2"}],"replies":[{"embeddable":true,"href":"https:\/\/www.europesays.com\/fr\/wp-json\/wp\/v2\/comments?post=430244"}],"version-history":[{"count":0,"href":"https:\/\/www.europesays.com\/fr\/wp-json\/wp\/v2\/posts\/430244\/revisions"}],"wp:featuredmedia":[{"embeddable":true,"href":"https:\/\/www.europesays.com\/fr\/wp-json\/wp\/v2\/media\/430245"}],"wp:attachment":[{"href":"https:\/\/www.europesays.com\/fr\/wp-json\/wp\/v2\/media?parent=430244"}],"wp:term":[{"taxonomy":"category","embeddable":true,"href":"https:\/\/www.europesays.com\/fr\/wp-json\/wp\/v2\/categories?post=430244"},{"taxonomy":"post_tag","embeddable":true,"href":"https:\/\/www.europesays.com\/fr\/wp-json\/wp\/v2\/tags?post=430244"}],"curies":[{"name":"wp","href":"https:\/\/api.w.org\/{rel}","templated":true}]}}