{"id":430250,"date":"2025-10-01T04:25:19","date_gmt":"2025-10-01T04:25:19","guid":{"rendered":"https:\/\/www.europesays.com\/fr\/430250\/"},"modified":"2025-10-01T04:25:19","modified_gmt":"2025-10-01T04:25:19","slug":"loutra-la-nouvelle-marque-stephanoise-de-vetements-ecolos","status":"publish","type":"post","link":"https:\/\/www.europesays.com\/fr\/430250\/","title":{"rendered":"Loutra, la nouvelle marque st\u00e9phanoise de v\u00eatements \u00e9colos"},"content":{"rendered":"<p>La nouvelle aventure de Julie Th\u00e9venet avec Loutra a r\u00e9ellement d\u00e9but\u00e9 lors de la derni\u00e8re Journ\u00e9e V\u00e9locio. Au sommet du col de la R\u00e9publique, elle a pr\u00e9sent\u00e9 ses sacoches de v\u00e9lo aux cyclistes.<\/p>\n<p>\u00ab\u00a0C\u2019est la premi\u00e8re fois que je montrais ce que je fais, hormis \u00e0 ma famille et \u00e0 mes amis. L\u2019accueil a \u00e9t\u00e9 tr\u00e8s positif.\u00a0\u00bb<\/p>\n<p>\u00ab\u00a0Je veux cr\u00e9er des accessoires \u00e9coresponsables le plus clean possible\u00a0\u00bb<\/p>\n<p>Si tr\u00e8s peu de fournitures de ce type sont fabriqu\u00e9es dans la r\u00e9gion, elles le sont encore moins avec des mati\u00e8res premi\u00e8res&#8230;<\/p>\n","protected":false},"excerpt":{"rendered":"La nouvelle aventure de Julie Th\u00e9venet avec Loutra a r\u00e9ellement d\u00e9but\u00e9 lors de la derni\u00e8re Journ\u00e9e V\u00e9locio. Au&hellip;\n","protected":false},"author":2,"featured_media":430251,"comment_status":"","ping_status":"","sticky":false,"template":"","format":"standard","meta":{"footnotes":""},"categories":[9653],"tags":[1111,11,2430,4406,33,7539,1777,674,1011,27,12,25,4001,7538],"class_list":{"0":"post-430250","1":"post","2":"type-post","3":"status-publish","4":"format-standard","5":"has-post-thumbnail","7":"category-saint-etienne","8":"tag-actu","9":"tag-actualites","10":"tag-auvergne-rhone-alpes","11":"tag-commerce-et-services","12":"tag-economie","13":"tag-edition-loire-sud","14":"tag-eu","15":"tag-europe","16":"tag-fr","17":"tag-france","18":"tag-news","19":"tag-republique-francaise","20":"tag-saint-etienne","21":"tag-saint-etienne-ville"},"share_on_mastodon":{"url":"https:\/\/pubeurope.com\/@fr\/115297014570613378","error":""},"_links":{"self":[{"href":"https:\/\/www.europesays.com\/fr\/wp-json\/wp\/v2\/posts\/430250","targetHints":{"allow":["GET"]}}],"collection":[{"href":"https:\/\/www.europesays.com\/fr\/wp-json\/wp\/v2\/posts"}],"about":[{"href":"https:\/\/www.europesays.com\/fr\/wp-json\/wp\/v2\/types\/post"}],"author":[{"embeddable":true,"href":"https:\/\/www.europesays.com\/fr\/wp-json\/wp\/v2\/users\/2"}],"replies":[{"embeddable":true,"href":"https:\/\/www.europesays.com\/fr\/wp-json\/wp\/v2\/comments?post=430250"}],"version-history":[{"count":0,"href":"https:\/\/www.europesays.com\/fr\/wp-json\/wp\/v2\/posts\/430250\/revisions"}],"wp:featuredmedia":[{"embeddable":true,"href":"https:\/\/www.europesays.com\/fr\/wp-json\/wp\/v2\/media\/430251"}],"wp:attachment":[{"href":"https:\/\/www.europesays.com\/fr\/wp-json\/wp\/v2\/media?parent=430250"}],"wp:term":[{"taxonomy":"category","embeddable":true,"href":"https:\/\/www.europesays.com\/fr\/wp-json\/wp\/v2\/categories?post=430250"},{"taxonomy":"post_tag","embeddable":true,"href":"https:\/\/www.europesays.com\/fr\/wp-json\/wp\/v2\/tags?post=430250"}],"curies":[{"name":"wp","href":"https:\/\/api.w.org\/{rel}","templated":true}]}}