{"id":430252,"date":"2025-10-01T04:26:16","date_gmt":"2025-10-01T04:26:16","guid":{"rendered":"https:\/\/www.europesays.com\/fr\/430252\/"},"modified":"2025-10-01T04:26:16","modified_gmt":"2025-10-01T04:26:16","slug":"a-saint-etienne-ca-fait-boom-ailleurs-ca-fait-pschitt","status":"publish","type":"post","link":"https:\/\/www.europesays.com\/fr\/430252\/","title":{"rendered":"\u00e0 Saint-\u00c9tienne, \u00e7a fait \u00ab\u00a0boom\u00a0\u00bb, ailleurs \u00e7a fait \u00ab\u00a0pschitt\u00a0\u00bb"},"content":{"rendered":"<p>\u00c0 Saint-\u00c9tienne, le proc\u00e8s du chantage \u00e0 la mairie fait les gros titres, s\u2019invite dans de tr\u00e8s nombreuses conversations. Il est suivi \u00e0 la loupe, scrut\u00e9, diss\u00e9qu\u00e9. Il est vrai que cette affaire qui m\u00eale \u00ab\u00a0pouvoir, sexe et trahison\u00a0\u00bb, comme l\u2019a rappel\u00e9 ma\u00eetre Sauvayre ce vendredi matin dans sa plaidoirie pour la d\u00e9fense des \u00e9poux Giacomel (association France-Lettonie), rassemble tous les ingr\u00e9dients pour faire le buzz. Et pourtant\u2026<\/p>\n<p>Pourtant, il semble qu\u2019il faut \u00eatre St\u00e9phanois pour que ce proc\u00e8s suscite la curiosit\u00e9 et l\u2019int\u00e9r\u00eat.<\/p>\n<p>Onde de choc<\/p>\n<p>Si les r\u00e9quisitions de jeudi de la procureure Audrey Quey \u2013 cinq ans de prison dont trois ans ferme requis contre le maire de Saint-\u00c9tienne \u2013 ont \u00e9t\u00e9 mentionn\u00e9es dans de nombreuses radios, sur les cha\u00eenes info et dans les journaux nationaux (Lib\u00e9ration, Le Parisien, Le Monde\u2026), l\u2019onde de choc v\u00e9cue \u00e0 Saint-\u00c9tienne n\u2019a pas secou\u00e9 le reste du pays avec la m\u00eame force, le m\u00eame bruit.<\/p>\n<p><a href=\"https:\/\/www.leprogres.fr\/p\/gael-perdriau\" target=\"_blank\" rel=\"nofollow noopener\">Ga\u00ebl Perdriau<\/a> avait, face \u00e0 lui, une&#8230;<\/p>\n","protected":false},"excerpt":{"rendered":"\u00c0 Saint-\u00c9tienne, le proc\u00e8s du chantage \u00e0 la mairie fait les gros titres, s\u2019invite dans de tr\u00e8s nombreuses&hellip;\n","protected":false},"author":2,"featured_media":430253,"comment_status":"","ping_status":"","sticky":false,"template":"","format":"standard","meta":{"footnotes":""},"categories":[9653],"tags":[1111,11,2430,1984,7539,1777,674,274,107,1011,27,3367,12,316,25,4001,7538],"class_list":{"0":"post-430252","1":"post","2":"type-post","3":"status-publish","4":"format-standard","5":"has-post-thumbnail","7":"category-saint-etienne","8":"tag-actu","9":"tag-actualites","10":"tag-auvergne-rhone-alpes","11":"tag-conseil-municipal","12":"tag-edition-loire-sud","13":"tag-eu","14":"tag-europe","15":"tag-faits-divers-justice","16":"tag-fil-info","17":"tag-fr","18":"tag-france","19":"tag-loire","20":"tag-news","21":"tag-politique","22":"tag-republique-francaise","23":"tag-saint-etienne","24":"tag-saint-etienne-ville"},"share_on_mastodon":{"url":"https:\/\/pubeurope.com\/@fr\/115297018404923869","error":""},"_links":{"self":[{"href":"https:\/\/www.europesays.com\/fr\/wp-json\/wp\/v2\/posts\/430252","targetHints":{"allow":["GET"]}}],"collection":[{"href":"https:\/\/www.europesays.com\/fr\/wp-json\/wp\/v2\/posts"}],"about":[{"href":"https:\/\/www.europesays.com\/fr\/wp-json\/wp\/v2\/types\/post"}],"author":[{"embeddable":true,"href":"https:\/\/www.europesays.com\/fr\/wp-json\/wp\/v2\/users\/2"}],"replies":[{"embeddable":true,"href":"https:\/\/www.europesays.com\/fr\/wp-json\/wp\/v2\/comments?post=430252"}],"version-history":[{"count":0,"href":"https:\/\/www.europesays.com\/fr\/wp-json\/wp\/v2\/posts\/430252\/revisions"}],"wp:featuredmedia":[{"embeddable":true,"href":"https:\/\/www.europesays.com\/fr\/wp-json\/wp\/v2\/media\/430253"}],"wp:attachment":[{"href":"https:\/\/www.europesays.com\/fr\/wp-json\/wp\/v2\/media?parent=430252"}],"wp:term":[{"taxonomy":"category","embeddable":true,"href":"https:\/\/www.europesays.com\/fr\/wp-json\/wp\/v2\/categories?post=430252"},{"taxonomy":"post_tag","embeddable":true,"href":"https:\/\/www.europesays.com\/fr\/wp-json\/wp\/v2\/tags?post=430252"}],"curies":[{"name":"wp","href":"https:\/\/api.w.org\/{rel}","templated":true}]}}