{"id":43027,"date":"2025-04-22T03:43:20","date_gmt":"2025-04-22T03:43:20","guid":{"rendered":"https:\/\/www.europesays.com\/fr\/43027\/"},"modified":"2025-04-22T03:43:20","modified_gmt":"2025-04-22T03:43:20","slug":"nunn-elu-meilleur-joueur-de-leuroligue-le-parisien-tj-shorts-sur-le-podium","status":"publish","type":"post","link":"https:\/\/www.europesays.com\/fr\/43027\/","title":{"rendered":"Nunn \u00e9lu meilleur joueur de l\u2019Euroligue, le Parisien TJ Shorts sur le podium"},"content":{"rendered":"<p>L\u2019arri\u00e8re am\u00e9ricain Kendrick Nunn, taulier du Panathina\u00efkos, a \u00e9t\u00e9 \u00e9lu MVP de la saison r\u00e9guli\u00e8re d\u2019Euroligue lundi. TJ Shorts, meneur du Paris Basketball, termine troisi\u00e8me du classement.<\/p>\n<p class=\"fig-paragraph\">Apr\u00e8s\u00a0<a href=\"http:\/\/www.lefigaro.fr\/sports\/basket\/basket-mike-james-meilleur-joueur-de-la-saison-d-euroligue-20240514\" data-fig-type=\"NewsFlash\" data-gtm-custom-categorie=\"navigation\" data-gtm-custom-action=\"crossclick\" data-gtm-custom-label=\"Contextuel\" data-gtm-event=\"customEventSPE\" data-fig-domain=\"LEFIGARO\" target=\"_blank\" rel=\"noopener\">Mike James avec l\u2019AS Monaco l\u2019an dernier<\/a>, le troph\u00e9e de MVP de l\u2019Euroligue quitte le championnat de France. L\u2019Am\u00e9ricain voit ainsi un compatriote lui succ\u00e9der\u00a0: Kendrick Nunn, arri\u00e8re du Panathina\u00efkos, champion d\u2019Europe en titre. \u00c2g\u00e9 de 29 ans, Nunn a termin\u00e9 meilleur marqueur de la saison r\u00e9guli\u00e8re (21,1 points par match) et contribu\u00e9 \u00e0 la troisi\u00e8me place du club grec au classement.<\/p>\n<p class=\"fig-paragraph\">Nunn vit sa deuxi\u00e8me saison au Panathina\u00efkos apr\u00e8s des ann\u00e9es en NBA, dont une finale disput\u00e9e avec le Miami Heat en 2020. Il devance Sasha Vezenkov (Olympiakos), \u00e9lu MVP en 2023, et TJ Shorts (Paris Basketball). Shorts a disput\u00e9 sa premi\u00e8re saison d\u2019Euroligue \u00e0 27 ans, finissant quatri\u00e8me meilleur marqueur (18,8 pts) et meilleur passeur (7,5 passes d\u00e9cisives).<\/p>\n<p class=\"fig-paragraph\">Les playoffs de l\u2019Euroligue d\u00e9butent ce mardi. Paris\u00a0<a href=\"http:\/\/www.lefigaro.fr\/sports\/basket\/basket-jusqu-ou-peut-aller-paris-en-euroligue-apres-son-exploit-contre-le-real-madrid-20250416\" data-fig-type=\"NewsFlash\" data-gtm-custom-categorie=\"navigation\" data-gtm-custom-action=\"crossclick\" data-gtm-custom-label=\"Contextuel\" data-gtm-event=\"customEventSPE\" data-fig-domain=\"LEFIGARO\" target=\"_blank\" rel=\"noopener\">affronte Fenerbahce en quarts de finale<\/a>\u00a0dans une s\u00e9rie au meilleur des cinq manches. Monaco re\u00e7oit le FC Barcelone mercredi. Le Paris de Shorts pourrait retrouver le Panathina\u00efkos de Nunn au tour suivant, lors du Final Four pr\u00e9vu du 23 au 25 mai.<\/p>\n","protected":false},"excerpt":{"rendered":"L\u2019arri\u00e8re am\u00e9ricain Kendrick Nunn, taulier du Panathina\u00efkos, a \u00e9t\u00e9 \u00e9lu MVP de la saison r\u00e9guli\u00e8re d\u2019Euroligue lundi. TJ&hellip;\n","protected":false},"author":2,"featured_media":43028,"comment_status":"","ping_status":"","sticky":false,"template":"","format":"standard","meta":{"footnotes":""},"categories":[1888],"tags":[1111,1928,11,1927,2190,1465,1464,2180,2192,814,64,1777,450,2183,674,1011,27,2191,2193,820,2181,2182,12,1926,626,1925,2189,2186,2184,2185,25,1980,2188,2187],"class_list":{"0":"post-43027","1":"post","2":"type-post","3":"status-publish","4":"format-standard","5":"has-post-thumbnail","7":"category-paris","8":"tag-actu","9":"tag-actu-paris","10":"tag-actualites","11":"tag-actualites-paris","12":"tag-asvel","13":"tag-basket","14":"tag-basketball","15":"tag-championnats-deurope","16":"tag-cholet","17":"tag-direct","18":"tag-equipe-de-france","19":"tag-eu","20":"tag-euro","21":"tag-euroligue","22":"tag-europe","23":"tag-fr","24":"tag-france","25":"tag-le-mans","26":"tag-limoges","27":"tag-live","28":"tag-mondial","29":"tag-nba","30":"tag-news","31":"tag-news-paris","32":"tag-paris","33":"tag-paris-news","34":"tag-photos","35":"tag-play-offs","36":"tag-pro-a","37":"tag-pro-b","38":"tag-republique-francaise","39":"tag-resultats","40":"tag-statistiques","41":"tag-stats"},"share_on_mastodon":{"url":"https:\/\/pubeurope.com\/@fr\/114379555140885424","error":""},"_links":{"self":[{"href":"https:\/\/www.europesays.com\/fr\/wp-json\/wp\/v2\/posts\/43027","targetHints":{"allow":["GET"]}}],"collection":[{"href":"https:\/\/www.europesays.com\/fr\/wp-json\/wp\/v2\/posts"}],"about":[{"href":"https:\/\/www.europesays.com\/fr\/wp-json\/wp\/v2\/types\/post"}],"author":[{"embeddable":true,"href":"https:\/\/www.europesays.com\/fr\/wp-json\/wp\/v2\/users\/2"}],"replies":[{"embeddable":true,"href":"https:\/\/www.europesays.com\/fr\/wp-json\/wp\/v2\/comments?post=43027"}],"version-history":[{"count":0,"href":"https:\/\/www.europesays.com\/fr\/wp-json\/wp\/v2\/posts\/43027\/revisions"}],"wp:featuredmedia":[{"embeddable":true,"href":"https:\/\/www.europesays.com\/fr\/wp-json\/wp\/v2\/media\/43028"}],"wp:attachment":[{"href":"https:\/\/www.europesays.com\/fr\/wp-json\/wp\/v2\/media?parent=43027"}],"wp:term":[{"taxonomy":"category","embeddable":true,"href":"https:\/\/www.europesays.com\/fr\/wp-json\/wp\/v2\/categories?post=43027"},{"taxonomy":"post_tag","embeddable":true,"href":"https:\/\/www.europesays.com\/fr\/wp-json\/wp\/v2\/tags?post=43027"}],"curies":[{"name":"wp","href":"https:\/\/api.w.org\/{rel}","templated":true}]}}