{"id":430288,"date":"2025-10-01T04:50:11","date_gmt":"2025-10-01T04:50:11","guid":{"rendered":"https:\/\/www.europesays.com\/fr\/430288\/"},"modified":"2025-10-01T04:50:11","modified_gmt":"2025-10-01T04:50:11","slug":"pourquoi-le-centre-ville-sera-t-il-bloque","status":"publish","type":"post","link":"https:\/\/www.europesays.com\/fr\/430288\/","title":{"rendered":"pourquoi le centre-ville sera-t-il bloqu\u00e9\u00a0?"},"content":{"rendered":"<p>            Par<br \/>\n        <strong><br \/>\n            <a href=\"https:\/\/actu.fr\/auteur\/lea-afonso\" title=\"Consulter tous les articles de L\u00e9a Afonso\" target=\"_blank\" rel=\"noopener\">L\u00e9a Afonso<\/a><br \/>\n        <\/strong><\/p>\n<p>        Publi\u00e9 le<\/p>\n<p>            1 oct. 2025 \u00e0 6h46        <\/p>\n<p>De la solidarit\u00e9, une cause \u00e0 d\u00e9fendre et une course festive : voil\u00e0 le cocktail qui animera <a href=\"https:\/\/actu.fr\/toulouse\/\" target=\"_blank\" rel=\"noopener\">Toulouse<\/a> ce jeudi 2 octobre 2025. Le centre-ville sera en partie boucl\u00e9 pour accueillir<strong> la Nuit des Relais<\/strong>, un \u00e9v\u00e9nement \u00e0 la fois sportif et engag\u00e9.<\/p>\n<p>Une course contre les violences faites aux femmes<\/p>\n<p class=\" wall-content\">Cr\u00e9\u00e9e en 2016 par la Fondation des Femmes, la<strong> Nuit des Relais<\/strong> est bien plus qu\u2019une simple course. Il s\u2019agit d\u2019une <strong>soir\u00e9e solidaire<\/strong> destin\u00e9e \u00e0 collecter des fonds pour <strong>soutenir les femmes victimes de violences<\/strong> et promouvoir l\u2019\u00e9galit\u00e9 entre les sexes.<\/p>\n<p class=\" wall-content\">Le principe est simple : les \u00e9quipes inscrites l\u00e8vent des fonds avant l\u2019\u00e9v\u00e9nement, puis participent \u00e0 une course relais de 90 minutes. \u00ab Les sommes collect\u00e9es permettent de <strong>financer des projets \u00e0 fort impact en faveur de l\u2019\u00e9galit\u00e9 femmes-hommes et de la lutte contre les violence<\/strong>s \u00bb, rappellent les organisateurs.<\/p>\n<p>Le programme de la soir\u00e9e<\/p>\n<p class=\" wall-content\">D\u00e8s 18 h, les participants sont attendus place du Capitole pour retirer leurs dossards et profiter de l\u2019ambiance festive avant le d\u00e9part. Un<strong> village associatif<\/strong> sera install\u00e9 sur la place, proposant <strong>animations et espace restauration<\/strong>.<\/p>\n<p class=\" wall-content\">La<strong> course s\u2019\u00e9lancera \u00e0 20 h<\/strong>. Pendant 1 h 30, les \u00e9quipes se relaieront toutes les huit minutes, chacun courant \u00e0 son propre rythme, dans un esprit solidaire et convivial. \u00c0 21 h 45, la soir\u00e9e se cl\u00f4turera par la <strong>remise des prix. <\/strong>Sera r\u00e9compens\u00e9e \u00ab\u00a0l\u2019\u00e9quipe avec la plus grande collecte, les plus beaux costumes, la vitesse, l\u2019ambiance\u2026 et bien plus\u00a0\u00bb, promettent les organisateurs.<\/p>\n<p>Vid\u00e9os : en ce moment sur ActuUne soir\u00e9e festive et engag\u00e9e<\/p>\n<p class=\" wall-content\">La Nuit des Relais se veut accessible \u00e0 toutes et tous : que l\u2019on soit sportif aguerri ou coureur occasionnel, l\u2019essentiel est de participer et de courir pour une cause commune. Toulouse rejoindra ainsi d\u2019autres grandes villes fran\u00e7aises qui accueillent chaque ann\u00e9e cet \u00e9v\u00e9nement solidaire.<\/p>\n<p class=\" wall-content\">Personnalisez votre actualit\u00e9 en ajoutant vos villes et m\u00e9dias en favori avec <a href=\"https:\/\/moncompte.actu.fr\" title=\"D\u00e9couvez Mon Actu\" rel=\"nofollow noopener\" data-trk=\"{&quot;cta&quot;:{&quot;action&quot;:&quot;https:\\\/\\\/moncompte.actu.fr&quot;,&quot;category&quot;:&quot;mon compte&quot;,&quot;from&quot;:&quot;article footer&quot;,&quot;name&quot;:&quot;Mon actu&quot;,&quot;type&quot;:&quot;cta&quot;}}\" target=\"_blank\">Mon Actu<\/a>.<\/p>\n","protected":false},"excerpt":{"rendered":"Par L\u00e9a Afonso Publi\u00e9 le 1 oct. 2025 \u00e0 6h46 De la solidarit\u00e9, une cause \u00e0 d\u00e9fendre et&hellip;\n","protected":false},"author":2,"featured_media":430289,"comment_status":"","ping_status":"","sticky":false,"template":"","format":"standard","meta":{"footnotes":""},"categories":[2816],"tags":[1111,11,1777,674,1011,27,1652,12,2680,25,1341,2312],"class_list":{"0":"post-430288","1":"post","2":"type-post","3":"status-publish","4":"format-standard","5":"has-post-thumbnail","7":"category-toulouse","8":"tag-actu","9":"tag-actualites","10":"tag-eu","11":"tag-europe","12":"tag-fr","13":"tag-france","14":"tag-loisirs-culture","15":"tag-news","16":"tag-occitanie","17":"tag-republique-francaise","18":"tag-sortir-a-toulouse","19":"tag-toulouse"},"share_on_mastodon":{"url":"https:\/\/pubeurope.com\/@fr\/115297112856647691","error":""},"_links":{"self":[{"href":"https:\/\/www.europesays.com\/fr\/wp-json\/wp\/v2\/posts\/430288","targetHints":{"allow":["GET"]}}],"collection":[{"href":"https:\/\/www.europesays.com\/fr\/wp-json\/wp\/v2\/posts"}],"about":[{"href":"https:\/\/www.europesays.com\/fr\/wp-json\/wp\/v2\/types\/post"}],"author":[{"embeddable":true,"href":"https:\/\/www.europesays.com\/fr\/wp-json\/wp\/v2\/users\/2"}],"replies":[{"embeddable":true,"href":"https:\/\/www.europesays.com\/fr\/wp-json\/wp\/v2\/comments?post=430288"}],"version-history":[{"count":0,"href":"https:\/\/www.europesays.com\/fr\/wp-json\/wp\/v2\/posts\/430288\/revisions"}],"wp:featuredmedia":[{"embeddable":true,"href":"https:\/\/www.europesays.com\/fr\/wp-json\/wp\/v2\/media\/430289"}],"wp:attachment":[{"href":"https:\/\/www.europesays.com\/fr\/wp-json\/wp\/v2\/media?parent=430288"}],"wp:term":[{"taxonomy":"category","embeddable":true,"href":"https:\/\/www.europesays.com\/fr\/wp-json\/wp\/v2\/categories?post=430288"},{"taxonomy":"post_tag","embeddable":true,"href":"https:\/\/www.europesays.com\/fr\/wp-json\/wp\/v2\/tags?post=430288"}],"curies":[{"name":"wp","href":"https:\/\/api.w.org\/{rel}","templated":true}]}}