{"id":430290,"date":"2025-10-01T04:51:10","date_gmt":"2025-10-01T04:51:10","guid":{"rendered":"https:\/\/www.europesays.com\/fr\/430290\/"},"modified":"2025-10-01T04:51:10","modified_gmt":"2025-10-01T04:51:10","slug":"transports-ecoles-manifestation-ce-qui-vous-attend-a-lille-pour-la-greve-du-jeudi-2-octobre","status":"publish","type":"post","link":"https:\/\/www.europesays.com\/fr\/430290\/","title":{"rendered":"Transports, \u00e9coles, manifestation&#8230; Ce qui vous attend \u00e0 Lille pour la gr\u00e8ve du jeudi 2 octobre"},"content":{"rendered":"<p>            Par<br \/>\n        <strong><br \/>\n            <a href=\"https:\/\/actu.fr\/auteur\/nicolas-demollien\" title=\"Consulter tous les articles de Nicolas Demollien\" target=\"_blank\" rel=\"noopener\">Nicolas Demollien<\/a><br \/>\n        <\/strong><\/p>\n<p>        Publi\u00e9 le<\/p>\n<p>            1 oct. 2025 \u00e0 6h20        <\/p>\n<p>Une <a href=\"https:\/\/actu.fr\/societe\/une-nouvelle-greve-prevue-le-2-octobre-vers-une-mobilisation-plus-dure_63211137.html\" target=\"_blank\" rel=\"noopener\">nouvelle gr\u00e8ve va toucher le pays ce jeudi 2 octobre 2025<\/a> \u00e0 l\u2019<b>appel de plusieurs syndicats<\/b>, apr\u00e8s une rencontre avec le Premier ministre <a href=\"https:\/\/actu.fr\/tag\/sebastien-lecornu\" target=\"_blank\" rel=\"noopener\">S\u00e9bastien Lecornu<\/a> jug\u00e9e infructueuse. \u00ab\u00a0Plut\u00f4t que de faire peser le fardeau de la dette sur les travailleuses et les travailleurs, des solutions plus justes existent : la mise \u00e0 contribution des grandes entreprises et des m\u00e9nages les plus ais\u00e9s\u00a0\u00bb, lance par exemple la CFDT dans un communiqu\u00e9 adress\u00e9 \u00e0 Lille Actu.<\/p>\n<p class=\" wall-content\"><a href=\"https:\/\/actu.fr\/hauts-de-france\/lille_59350\" target=\"_blank\" rel=\"noopener\">Lille<\/a> (Nord), justement, devrait conna\u00eetre des <b>perturbations dans les \u00e9coles ou encore les transports<\/b> tandis qu\u2019une <b>manifestation <\/b>promet d\u2019animer le centre-ville. Voici ce qui vous attend dans la capitale des Flandres pour cette journ\u00e9e.<\/p>\n<p>Manifestation \u00e0 Lille ce jeudi 2 octobre<\/p>\n<p class=\" wall-content\">Comme \u00e0 chaque fois ou presque, la <a href=\"https:\/\/actu.fr\/tag\/manifestations\" target=\"_blank\" rel=\"noopener\">manifestation<\/a> organis\u00e9e \u00e0 Lille (Nord) partira \u00e0 14h30 de la Porte de Paris et traversera le centre-ville pour rejoindre la place de la R\u00e9publique. Reste \u00e0 savoir si elle mobilisera les foules.<\/p>\n<p class=\" wall-content\">\n<p class=\" wall-content\">Celle du 10 septembre s\u2019\u00e9tait <a href=\"https:\/\/actu.fr\/hauts-de-france\/lille_59350\/bloquons-tout-suivez-en-direct-la-manifestation-du-10-septembre-au-depart-de-lille_63143144.html\" target=\"_blank\" rel=\"noopener\">termin\u00e9e par des sc\u00e8nes de violence <\/a>tandis que celle du 18 septembre <a href=\"https:\/\/actu.fr\/hauts-de-france\/lille_59350\/greve-du-18-septembre-suivez-la-manifestation-a-lille_63181081.html\" target=\"_blank\" rel=\"noopener\">avait \u00e9t\u00e9 beaucoup plus calme<\/a>. De nombreux <a href=\"https:\/\/actu.fr\/tag\/police\" target=\"_blank\" rel=\"noopener\">policiers<\/a> devraient \u00e0 nouveau \u00eatre mobilis\u00e9s.<\/p>\n<p>SNCF<\/p>\n<p class=\" wall-content\">Le trafic devrait \u00eatre <b>perturb\u00e9 sur les rails<\/b>, <b>notamment dans les TER<\/b> des <a href=\"https:\/\/actu.fr\/hauts-de-france\/\" target=\"_blank\" rel=\"noopener\">Hauts-de-France<\/a>. En effet, les quatre syndicats de la <a href=\"https:\/\/actu.fr\/tag\/sncf\" target=\"_blank\" rel=\"noopener\">SNCF<\/a> ont r\u00e9pondu pr\u00e9sents \u00e0 l\u2019appel \u00e0 la mobilisation. Comme \u00e0 chaque fois, les pr\u00e9visions exactes du trafic seront connues la veille \u00e0 17h.<\/p>\n<p>Il\u00e9via<\/p>\n<p class=\" wall-content\">Du c\u00f4t\u00e9 des transports <a href=\"https:\/\/actu.fr\/tag\/ilevia\" target=\"_blank\" rel=\"noopener\">Il\u00e9via<\/a> de la m\u00e9tropole europ\u00e9enne de Lille (Nord), <b>aucune communication n\u2019a pour le moment \u00e9t\u00e9 faite<\/b> sur cette journ\u00e9e de gr\u00e8ve. Seule certitude pour le moment : le trafic des bus empruntant l\u2019itin\u00e9raire de la manifestation sera perturb\u00e9 durant le passage du cort\u00e8ge. Affaire \u00e0 suivre.<\/p>\n<p>A\u00e9roport de Lesquin<\/p>\n<p class=\" wall-content\"><b>Pas de perturbation en vue du c\u00f4t\u00e9 du transport a\u00e9rien<\/b>. Il est toutefois \u00e0 noter qu\u2019une gr\u00e8ve des contr\u00f4leurs a\u00e9riens est programm\u00e9e pour les 7, 8 et 9 octobre 2025. Elle devrait toucher l\u2019infrastructure lilloise.<\/p>\n<p>Votre r\u00e9gion, votre actu !<\/p>\n<p>Recevez chaque jour les infos qui comptent pour vous.<\/p>\n<p>\t<a href=\"https:\/\/actu.fr\/newsletter\" class=\"ac-btn ac-btn--corner ac-btn--medium ac-btn--blue800\" target=\"_blank\" rel=\"noopener\">S&rsquo;incrire<\/a><br \/>\nDans les \u00e9coles<\/p>\n<p class=\" wall-content\">Des <b>perturbations sont \u00e0 nouveau pr\u00e9vues dans les \u00e9coles et cantines<\/b> de la m\u00e9tropole lilloise. A Lille, en pareil cas, les parents concern\u00e9s sont pr\u00e9venus afin de pouvoir anticiper au mieux.<\/p>\n<p>D\u2019autres services publics concern\u00e9s<\/p>\n<p class=\" wall-content\">L\u2019appel \u00e0 la mobilisation est important et devrait toucher d\u2019autres services publics et infrastructures. Le courrier, par exemple, pourrait ne pas arriver dans votre bo\u00eete \u00e0 lettres puisqu\u2019un appel a \u00e9t\u00e9 lanc\u00e9 au sein de <a href=\"http:\/\/actu.fr\/tag\/la-poste\" target=\"_blank\" rel=\"noopener\">La Poste<\/a>. Dans tous les cas, mieux vaut vous renseigner avant de vous d\u00e9placer \u00e0 un rendez-vous.\u00a0<\/p>\n<p class=\" wall-content\">Personnalisez votre actualit\u00e9 en ajoutant vos villes et m\u00e9dias en favori avec <a href=\"https:\/\/moncompte.actu.fr\" title=\"D\u00e9couvez Mon Actu\" rel=\"nofollow noopener\" data-trk=\"{&quot;cta&quot;:{&quot;action&quot;:&quot;https:\\\/\\\/moncompte.actu.fr&quot;,&quot;category&quot;:&quot;mon compte&quot;,&quot;from&quot;:&quot;article footer&quot;,&quot;name&quot;:&quot;Mon actu&quot;,&quot;type&quot;:&quot;cta&quot;}}\" target=\"_blank\">Mon Actu<\/a>.<\/p>\n","protected":false},"excerpt":{"rendered":"Par Nicolas Demollien Publi\u00e9 le 1 oct. 2025 \u00e0 6h20 Une nouvelle gr\u00e8ve va toucher le pays ce&hellip;\n","protected":false},"author":2,"featured_media":430291,"comment_status":"","ping_status":"","sticky":false,"template":"","format":"standard","meta":{"footnotes":""},"categories":[2815],"tags":[1111,11,1777,674,1011,27,6151,811,1307,1272,12,25,104],"class_list":{"0":"post-430290","1":"post","2":"type-post","3":"status-publish","4":"format-standard","5":"has-post-thumbnail","7":"category-lille","8":"tag-actu","9":"tag-actualites","10":"tag-eu","11":"tag-europe","12":"tag-fr","13":"tag-france","14":"tag-greve","15":"tag-hauts-de-france","16":"tag-lille","17":"tag-manifestations","18":"tag-news","19":"tag-republique-francaise","20":"tag-societe"},"share_on_mastodon":{"url":"https:\/\/pubeurope.com\/@fr\/115297116797618785","error":""},"_links":{"self":[{"href":"https:\/\/www.europesays.com\/fr\/wp-json\/wp\/v2\/posts\/430290","targetHints":{"allow":["GET"]}}],"collection":[{"href":"https:\/\/www.europesays.com\/fr\/wp-json\/wp\/v2\/posts"}],"about":[{"href":"https:\/\/www.europesays.com\/fr\/wp-json\/wp\/v2\/types\/post"}],"author":[{"embeddable":true,"href":"https:\/\/www.europesays.com\/fr\/wp-json\/wp\/v2\/users\/2"}],"replies":[{"embeddable":true,"href":"https:\/\/www.europesays.com\/fr\/wp-json\/wp\/v2\/comments?post=430290"}],"version-history":[{"count":0,"href":"https:\/\/www.europesays.com\/fr\/wp-json\/wp\/v2\/posts\/430290\/revisions"}],"wp:featuredmedia":[{"embeddable":true,"href":"https:\/\/www.europesays.com\/fr\/wp-json\/wp\/v2\/media\/430291"}],"wp:attachment":[{"href":"https:\/\/www.europesays.com\/fr\/wp-json\/wp\/v2\/media?parent=430290"}],"wp:term":[{"taxonomy":"category","embeddable":true,"href":"https:\/\/www.europesays.com\/fr\/wp-json\/wp\/v2\/categories?post=430290"},{"taxonomy":"post_tag","embeddable":true,"href":"https:\/\/www.europesays.com\/fr\/wp-json\/wp\/v2\/tags?post=430290"}],"curies":[{"name":"wp","href":"https:\/\/api.w.org\/{rel}","templated":true}]}}