{"id":430296,"date":"2025-10-01T04:54:11","date_gmt":"2025-10-01T04:54:11","guid":{"rendered":"https:\/\/www.europesays.com\/fr\/430296\/"},"modified":"2025-10-01T04:54:11","modified_gmt":"2025-10-01T04:54:11","slug":"un-marche-a-ciel-ouvert","status":"publish","type":"post","link":"https:\/\/www.europesays.com\/fr\/430296\/","title":{"rendered":"Un march\u00e9 \u00e0 ciel ouvert"},"content":{"rendered":"<p>            Par<br \/>\n        <strong><br \/>\n            <a href=\"https:\/\/actu.fr\/auteur\/thibault-nadal-actu-fr\" title=\"Consulter tous les articles de Thibault Nadal\" rel=\"nofollow noopener\" target=\"_blank\">Thibault Nadal<\/a><br \/>\n        <\/strong><\/p>\n<p>        Publi\u00e9 le<\/p>\n<p>            1 oct. 2025 \u00e0 6h04        <\/p>\n<p>C\u2019est un chiffre \u00e9difiant. En France, un vol d\u2019accessoire de v\u00e9hicule est <strong>commis toutes les trois minutes<\/strong>, soit une progression de 10\u2009% en un an, selon un dernier bulletin de conjoncture du Service statistique minist\u00e9riel de la s\u00e9curit\u00e9 int\u00e9rieure (SSMSI), r\u00e9v\u00e9l\u00e9 par <a href=\"https:\/\/www.lefigaro.fr\/actualite-france\/un-vol-toutes-les-3-minutes-en-france-l-inquietante-razzia-sur-les-pieces-automobiles-20250824\" rel=\"nofollow noopener\" target=\"_blank\">Le Figaro<\/a>. Parmi <strong>les cinq villes les plus touch\u00e9es<\/strong>, deux se trouvent dans <a href=\"https:\/\/actu.fr\/provence-alpes-cote-d-azur\/bouches-du-rhone_13\" rel=\"nofollow noopener\" target=\"_blank\">les Bouches-du-Rh\u00f4ne<\/a>\u2009: <a href=\"https:\/\/actu.fr\/provence-alpes-cote-d-azur\/aix-en-provence_13001\" rel=\"nofollow noopener\" target=\"_blank\">Aix-en-Provence<\/a> et <a href=\"https:\/\/actu.fr\/marseille\/\" rel=\"nofollow noopener\" target=\"_blank\">Marseille<\/a> avec entre trois et cinq faits pour 1000 habitants. Marie et son mari ont \u00e9t\u00e9 confront\u00e9s \u00e0 cette situation <strong>huit fois sur les 17 derni\u00e8res ann\u00e9es<\/strong>. Face \u00e0 cette r\u00e9currence, ils ont d\u00e9cid\u00e9 de quitter la cit\u00e9 phoc\u00e9enne.<\/p>\n<p>Le couple contraint de s\u2019adapter dans l\u2019achat de nouveaux v\u00e9hicules<\/p>\n<p class=\" wall-content\">Le couple est install\u00e9 depuis 2008 dans les tours au <strong>Roy d\u2019Espagne<\/strong> dans le 9e arrondissement de Marseille. En 17\u00a0ans, ils ont \u00e9t\u00e9 confront\u00e9s huit fois \u00e0 la vandalisation de leurs voitures, voire au vol de pi\u00e8ces d\u00e9tach\u00e9es\u2009: capots, roues, tableaux de bords, banquette arri\u00e8re ou r\u00e9tro\u2026 Tout y est pass\u00e9. <strong>\u00ab\u2009Un jour, ils ont pris un v\u00e9hicule\u2009\u00bb<\/strong>, regrette Marie.<\/p>\n<p class=\" wall-content\">Disposant d\u2019un garage ferm\u00e9 pour leurs automobiles personnelles, ils sont en revanche contraints de laisser leurs voitures de fonction sur un parking ext\u00e9rieur. Au fil de ces actes de vandalisme, le couple a constat\u00e9 une chose\u2009: <strong>les marques Renault et Peugeot sont pris\u00e9s par les voleurs<\/strong>.<\/p>\n<p class=\" wall-content\">Alors, face \u00e0 cette situation, Marie et son \u00e9poux ont <strong>\u00ab\u2009chang\u00e9 leur fusil d\u2019\u00e9paule pour l\u2019achat d\u2019une voiture\u2009\u00bb<\/strong>. Exit les deux marques fran\u00e7aises, place \u00e0 une Honda ou une Lexus. \u00ab\u2009Des mod\u00e8les dont tout le monde se d\u00e9sint\u00e9resse \u00bb, explique-t-elle aupr\u00e8s d\u2019actu Marseille.<\/p>\n<p>La derni\u00e8re d\u00e9gradation, \u00ab\u2009la goutte de trop\u2009\u00bb<\/p>\n<p class=\" wall-content\">Mais apr\u00e8s une p\u00e9riode d\u2019accalmie de plusieurs ann\u00e9es, le couple a de nouveau \u00e9t\u00e9 confront\u00e9 \u00e0 la d\u00e9gradation d\u2019un v\u00e9hicule, <strong>une Golf de fonction, en avril\u00a02025<\/strong>. Le capot, des pi\u00e8ces \u00e0 l\u2019int\u00e9rieur et le pare-chocs avant ont \u00e9t\u00e9 vol\u00e9s pour un \u00ab\u2009pr\u00e9judice de 9000 euros pris en charge par le travail\u2009\u00bb du mari.<\/p>\n<p class=\" wall-content\">Pour Marie, c\u2019est la \u00ab\u2009goutte de trop\u2009\u00bb. La d\u00e9cision est prise de quitter Marseille et le Roy d\u2019Espagne. \u00ab\u2009La r\u00e9flexion est n\u00e9e apr\u00e8s le vol de la Golf. On n\u2019en peut plus de vivre dans un quartier o\u00f9 <strong>on ne peut pas laisser sa voiture en ext\u00e9rieur<\/strong>.\u2009\u00bb<\/p>\n<blockquote class=\"ac-article-quote wall-content\">\n<p>On a l&rsquo;impression que rien ne bouge malgr\u00e9 nos nombreuses plaintes. On est dans une ville o\u00f9 c&rsquo;est de plus en plus compliqu\u00e9 de laisser son mat\u00e9riel en ext\u00e9rieur. C&rsquo;est devenu un march\u00e9 \u00e0 ciel ouvert.<\/p>\n<p>    <strong>Marie<\/strong><br \/>\n        Habitante du Roy d&rsquo;Espagne \u00e0 Marseille    <\/p><\/blockquote>\n<p>Votre r\u00e9gion, votre actu !<\/p>\n<p>Recevez chaque jour les infos qui comptent pour vous.<\/p>\n<p>\t<a href=\"https:\/\/actu.fr\/newsletter\" class=\"ac-btn ac-btn--corner ac-btn--medium ac-btn--blue800\" rel=\"nofollow noopener\" target=\"_blank\">S&rsquo;incrire<\/a><br \/>\nDes assurances qui co\u00fbtent de plus en plus cher<\/p>\n<p class=\" wall-content\">Une d\u00e9cision prise aussi par les contraintes financi\u00e8res qui p\u00e8sent sur le couple. Car cette r\u00e9p\u00e9tition des vols a un co\u00fbt quotidien. \u00ab\u2009Plus vous avez de pr\u00e9judices, plus votre assurance vous co\u00fbte\u2009\u00bb, conc\u00e8de avec amertume Marie.<\/p>\n<p class=\" wall-content\"><strong>Des centaines d\u2019euros par mois<\/strong> dans leur cas, rien que sur leurs v\u00e9hicules personnels. Parce qu\u2019ils ont \u00e9t\u00e9 oblig\u00e9s de prendre des assurances tous risques afin d\u2019\u00e9viter de devoir payer de leur poche les r\u00e9parations.<\/p>\n<p>Les quartiers sud tr\u00e8s touch\u00e9s<\/p>\n<p class=\" wall-content\">Apr\u00e8s ce dernier vol, Marie a d\u00e9cid\u00e9 de partager sa m\u00e9saventure sur <a href=\"https:\/\/actu.fr\/tag\/reseaux-sociaux\" rel=\"nofollow noopener\" target=\"_blank\">les r\u00e9seaux sociaux<\/a>. Un post qui a <strong>trouv\u00e9 de l\u2019\u00e9cho<\/strong> aupr\u00e8s de nombreux habitants des quartiers sud, comme \u00e0 Gouffone ou Bonneveine.<\/p>\n<p class=\" wall-content\">Christine La Rocca, pr\u00e9sidente du Ciq de Bonneveine dans le 8e arrondissement, n\u2019h\u00e9site pas \u00e0 relayer sur <a href=\"https:\/\/actu.fr\/tag\/facebook\" rel=\"nofollow noopener\" target=\"_blank\">Facebook<\/a> les cas qui lui parviennent. \u00c0 la suite d\u2019un appel \u00e0 t\u00e9moins pour recenser les victimes, elle se montre frapp\u00e9e par le nombre de t\u00e9moignages re\u00e7us. <strong>\u00ab\u2009C\u2019est saisissant\u2009\u00bb<\/strong>, \u00e9crit-elle.<\/p>\n<p>    <a href=\"https:\/\/www.facebook.com\/plugins\/post.php?href=https%3A%2F%2Fwww.facebook.com%2Fpermalink.php%3Fstory_fbid%3Dpfbid0Bvx2ENESJSFq2ZkNuicRHFQVMm9HrntkYG9SEa24Nsd83p3yCoTMJiZvSEGG5husl%26id%3D100094617139889&amp;show_text=true&amp;width=350\" title=\"Ouvrie le lien\" rel=\"nofollow noopener\" target=\"_blank\">Cliquez ici pour visualiser le contenu<\/a><\/p>\n<p class=\" wall-content\">Sur son secteur, les vols de pi\u00e8ces d\u00e9tach\u00e9es se multiplient ces derni\u00e8res ann\u00e9es. Face \u00e0 r\u00e9currence, la pr\u00e9sidente se d\u00e9sole de ne pas \u00eatre \u00e9cout\u00e9e par les autorit\u00e9s. \u00ab\u2009Cela fait <strong>cinq ans que l\u2019on r\u00e9clame sans succ\u00e8s l\u2019installation de cam\u00e9ras de surveillance<\/strong>.\u2009\u00bb<\/p>\n<p class=\" wall-content\">Mais le nord de la ville est aussi touch\u00e9. Derni\u00e8rement, sur <a href=\"https:\/\/x.com\/Stephane_Ravier\/status\/1966499327494279317\" rel=\"nofollow\">X<\/a>, c\u2019est le s\u00e9nateur d\u2019extr\u00eame droite des Bouches-du-Rh\u00f4ne, St\u00e9phane Ravier, qui a <strong>surpris un homme en train de \u00ab\u2009d\u00e9pecer\u2009\u00bb sa voiture<\/strong>, install\u00e9e dans le quartier des Oliviers (13e).<\/p>\n<p class=\" wall-content\">Personnalisez votre actualit\u00e9 en ajoutant vos villes et m\u00e9dias en favori avec <a href=\"https:\/\/moncompte.actu.fr\" title=\"D\u00e9couvez Mon Actu\" rel=\"nofollow noopener\" data-trk=\"{&quot;cta&quot;:{&quot;action&quot;:&quot;https:\\\/\\\/moncompte.actu.fr&quot;,&quot;category&quot;:&quot;mon compte&quot;,&quot;from&quot;:&quot;article footer&quot;,&quot;name&quot;:&quot;Mon actu&quot;,&quot;type&quot;:&quot;cta&quot;}}\" target=\"_blank\">Mon Actu<\/a>.<\/p>\n","protected":false},"excerpt":{"rendered":"Par Thibault Nadal Publi\u00e9 le 1 oct. 2025 \u00e0 6h04 C\u2019est un chiffre \u00e9difiant. En France, un vol&hellip;\n","protected":false},"author":2,"featured_media":430297,"comment_status":"","ping_status":"","sticky":false,"template":"","format":"standard","meta":{"footnotes":""},"categories":[2814],"tags":[1111,11,646,1777,674,1011,27,884,12,882,25,104],"class_list":{"0":"post-430296","1":"post","2":"type-post","3":"status-publish","4":"format-standard","5":"has-post-thumbnail","7":"category-marseille","8":"tag-actu","9":"tag-actualites","10":"tag-automobile","11":"tag-eu","12":"tag-europe","13":"tag-fr","14":"tag-france","15":"tag-marseille","16":"tag-news","17":"tag-provence-alpes-cote-dazur","18":"tag-republique-francaise","19":"tag-societe"},"share_on_mastodon":{"url":"https:\/\/pubeurope.com\/@fr\/115297128546332505","error":""},"_links":{"self":[{"href":"https:\/\/www.europesays.com\/fr\/wp-json\/wp\/v2\/posts\/430296","targetHints":{"allow":["GET"]}}],"collection":[{"href":"https:\/\/www.europesays.com\/fr\/wp-json\/wp\/v2\/posts"}],"about":[{"href":"https:\/\/www.europesays.com\/fr\/wp-json\/wp\/v2\/types\/post"}],"author":[{"embeddable":true,"href":"https:\/\/www.europesays.com\/fr\/wp-json\/wp\/v2\/users\/2"}],"replies":[{"embeddable":true,"href":"https:\/\/www.europesays.com\/fr\/wp-json\/wp\/v2\/comments?post=430296"}],"version-history":[{"count":0,"href":"https:\/\/www.europesays.com\/fr\/wp-json\/wp\/v2\/posts\/430296\/revisions"}],"wp:featuredmedia":[{"embeddable":true,"href":"https:\/\/www.europesays.com\/fr\/wp-json\/wp\/v2\/media\/430297"}],"wp:attachment":[{"href":"https:\/\/www.europesays.com\/fr\/wp-json\/wp\/v2\/media?parent=430296"}],"wp:term":[{"taxonomy":"category","embeddable":true,"href":"https:\/\/www.europesays.com\/fr\/wp-json\/wp\/v2\/categories?post=430296"},{"taxonomy":"post_tag","embeddable":true,"href":"https:\/\/www.europesays.com\/fr\/wp-json\/wp\/v2\/tags?post=430296"}],"curies":[{"name":"wp","href":"https:\/\/api.w.org\/{rel}","templated":true}]}}