{"id":430298,"date":"2025-10-01T04:55:16","date_gmt":"2025-10-01T04:55:16","guid":{"rendered":"https:\/\/www.europesays.com\/fr\/430298\/"},"modified":"2025-10-01T04:55:16","modified_gmt":"2025-10-01T04:55:16","slug":"lyon-comment-la-metropole-compte-encore-doper-la-pratique-du-velo-sur-le-territoire","status":"publish","type":"post","link":"https:\/\/www.europesays.com\/fr\/430298\/","title":{"rendered":"Lyon. Comment la M\u00e9tropole compte encore doper la pratique du v\u00e9lo sur le territoire"},"content":{"rendered":"<p>\u00ab\u00a0Apr\u00e8s deux ans de concertation avec les communes, nous avons abouti \u00e0 un r\u00e9seau structurant de 670\u00a0km dont 320\u00a0km restant \u00e0 am\u00e9nager. Ce maillage permettra de relier tous les territoires de la M\u00e9tropole et de rendre le v\u00e9lo accessible et s\u00fbr pour tous\u00a0\u00bb a pr\u00e9sent\u00e9 ce lundi, lors du conseil m\u00e9tropolitain, Fabien Bagnon, vice-pr\u00e9sident \u00e9cologiste charg\u00e9 de la voirie et des mobilit\u00e9s actives.<\/p>\n<p>Apr\u00e8s les Voies lyonnaises, le r\u00e9seau express v\u00e9lo, la M\u00e9tropole fait \u00e9voluer le r\u00e9seau cyclable cible\u00a0de son plan v\u00e9lo 2024-2030 \u00ab\u00a0pour r\u00e9pondre aux nouveaux besoins\u00a0\u00bb. L\u2019objectif est de favoriser les connexions&#8230;<\/p>\n","protected":false},"excerpt":{"rendered":"\u00ab\u00a0Apr\u00e8s deux ans de concertation avec les communes, nous avons abouti \u00e0 un r\u00e9seau structurant de 670\u00a0km dont&hellip;\n","protected":false},"author":2,"featured_media":430299,"comment_status":"","ping_status":"","sticky":false,"template":"","format":"standard","meta":{"footnotes":""},"categories":[1889],"tags":[1111,11,2430,3152,2757,3153,3154,1777,674,107,1011,27,2428,2756,4847,12,25,2429,4604,2803],"class_list":{"0":"post-430298","1":"post","2":"type-post","3":"status-publish","4":"format-standard","5":"has-post-thumbnail","7":"category-lyon","8":"tag-actu","9":"tag-actualites","10":"tag-auvergne-rhone-alpes","11":"tag-edition-est-lyonnais","12":"tag-edition-lyon-villeurbanne","13":"tag-edition-ouest-lyonnais","14":"tag-edition-sud-lyonnais","15":"tag-eu","16":"tag-europe","17":"tag-fil-info","18":"tag-fr","19":"tag-france","20":"tag-lyon","21":"tag-lyon-bassin","22":"tag-mobilite-douce","23":"tag-news","24":"tag-republique-francaise","25":"tag-rhone","26":"tag-selection-abonne","27":"tag-transport"},"share_on_mastodon":{"url":"https:\/\/pubeurope.com\/@fr\/115297132560921533","error":""},"_links":{"self":[{"href":"https:\/\/www.europesays.com\/fr\/wp-json\/wp\/v2\/posts\/430298","targetHints":{"allow":["GET"]}}],"collection":[{"href":"https:\/\/www.europesays.com\/fr\/wp-json\/wp\/v2\/posts"}],"about":[{"href":"https:\/\/www.europesays.com\/fr\/wp-json\/wp\/v2\/types\/post"}],"author":[{"embeddable":true,"href":"https:\/\/www.europesays.com\/fr\/wp-json\/wp\/v2\/users\/2"}],"replies":[{"embeddable":true,"href":"https:\/\/www.europesays.com\/fr\/wp-json\/wp\/v2\/comments?post=430298"}],"version-history":[{"count":0,"href":"https:\/\/www.europesays.com\/fr\/wp-json\/wp\/v2\/posts\/430298\/revisions"}],"wp:featuredmedia":[{"embeddable":true,"href":"https:\/\/www.europesays.com\/fr\/wp-json\/wp\/v2\/media\/430299"}],"wp:attachment":[{"href":"https:\/\/www.europesays.com\/fr\/wp-json\/wp\/v2\/media?parent=430298"}],"wp:term":[{"taxonomy":"category","embeddable":true,"href":"https:\/\/www.europesays.com\/fr\/wp-json\/wp\/v2\/categories?post=430298"},{"taxonomy":"post_tag","embeddable":true,"href":"https:\/\/www.europesays.com\/fr\/wp-json\/wp\/v2\/tags?post=430298"}],"curies":[{"name":"wp","href":"https:\/\/api.w.org\/{rel}","templated":true}]}}