{"id":4303,"date":"2025-04-05T06:52:13","date_gmt":"2025-04-05T06:52:13","guid":{"rendered":"https:\/\/www.europesays.com\/fr\/4303\/"},"modified":"2025-04-05T06:52:13","modified_gmt":"2025-04-05T06:52:13","slug":"lille-a-95-ans-et-en-pleine-forme-cet-artiste-francais-incontournable-sera-au-sebastopol","status":"publish","type":"post","link":"https:\/\/www.europesays.com\/fr\/4303\/","title":{"rendered":"Lille. \u00c0 95 ans et en pleine forme, cet artiste fran\u00e7ais incontournable sera au S\u00e9bastopol"},"content":{"rendered":"<p>            Par<br \/>\n        <strong><br \/>\n            <a href=\"https:\/\/actu.fr\/auteur\/margot-nicodeme\" title=\"Consulter tous les articles de Margot Nicod\u00e8me\" rel=\"nofollow noopener\" target=\"_blank\">Margot Nicod\u00e8me<\/a><br \/>\n        <\/strong><\/p>\n<p>        Publi\u00e9 le<\/p>\n<p>            5 avr. 2025 \u00e0 8h30        <\/p>\n<p>95 ans et une forme olympique ! Un artiste incontournable de la sc\u00e8ne fran\u00e7aise sera \u00e0 <a href=\"https:\/\/actu.fr\/hauts-de-france\/lille_59350\" rel=\"nofollow noopener\" target=\"_blank\">Lille<\/a> (Nord), le 18 avril 2025. Il foulera la sc\u00e8ne du<b> th\u00e9\u00e2tre S\u00e9bastopol<\/b>, pour un concert exceptionnel de 2 heures, entour\u00e9 de ses 5 musiciens. On ne vous fait pas languir davantage : il s\u2019agit d\u2019<b>Hugues Aufray<\/b>, l\u2019interpr\u00e8te du c\u00e9l\u00e9brissime <b>Santiano<\/b>, notamment.<\/p>\n<p class=\" wall-content\"><a href=\"https:\/\/www.instagram.com\/p\/DHL_TWLNbgY\/embed\" title=\"Ouvrir le lien sur Instagram\" rel=\"nofollow noopener\" target=\"_blank\">Visualiser le contenu sur Instagram<\/a><\/p>\n<p>\u00c0 95 ans, Hugues Aufray se lance dans une tourn\u00e9e qui s\u2019arr\u00eate \u00e0 Lille<\/p>\n<p class=\" wall-content\">L\u2019artiste se lance dans une tourn\u00e9e de 22 dates, dont une au Palais des Sports de Paris. \u00c0 Lille, le show sera m\u00e9morable, et c\u2019est d\u2019ailleurs au S\u00e9bastopol que sera con\u00e7ue l\u2019organisation du concert, qui partira ensuite aux quatre coins de l\u2019Hexagone.<\/p>\n<p class=\" wall-content\">Rendez-vous \u00e0 20h, le 18 avril. Le prix des places est compris entre 30 et 59 \u20ac. Pour r\u00e9server son billet, c\u2019est <a href=\"https:\/\/theatre-sebastopol.fr\/spectacle\/hugues-aufray\/\" rel=\"nofollow noopener\" target=\"_blank\">ICI<\/a>.<\/p>\n<p class=\" wall-content\">Suivez toute l\u2019actualit\u00e9 de vos villes et m\u00e9dias favoris en vous inscrivant \u00e0 <a href=\"https:\/\/moncompte.actu.fr\" title=\"D\u00e9couvez Mon Actu\" rel=\"nofollow noopener\" data-trk=\"{&quot;cta&quot;:{&quot;action&quot;:&quot;https:\\\/\\\/moncompte.actu.fr&quot;,&quot;category&quot;:&quot;mon compte&quot;,&quot;from&quot;:&quot;article footer&quot;,&quot;name&quot;:&quot;Mon actu&quot;,&quot;type&quot;:&quot;cta&quot;}}\" target=\"_blank\">Mon Actu<\/a>.<\/p>\n<p>                    <script async src=\"\/\/www.instagram.com\/embed.js\"><\/script><\/p>\n","protected":false},"excerpt":{"rendered":"Par Margot Nicod\u00e8me Publi\u00e9 le 5 avr. 2025 \u00e0 8h30 95 ans et une forme olympique ! Un&hellip;\n","protected":false},"author":2,"featured_media":4304,"comment_status":"","ping_status":"","sticky":false,"template":"","format":"standard","meta":{"footnotes":""},"categories":[2815],"tags":[1111,11,1697,1777,674,1011,27,811,2840,1307,1652,12,25],"class_list":{"0":"post-4303","1":"post","2":"type-post","3":"status-publish","4":"format-standard","5":"has-post-thumbnail","7":"category-lille","8":"tag-actu","9":"tag-actualites","10":"tag-concert","11":"tag-eu","12":"tag-europe","13":"tag-fr","14":"tag-france","15":"tag-hauts-de-france","16":"tag-hugues-aufray","17":"tag-lille","18":"tag-loisirs-culture","19":"tag-news","20":"tag-republique-francaise"},"share_on_mastodon":{"url":"https:\/\/pubeurope.com\/@fr\/114284039202984031","error":""},"_links":{"self":[{"href":"https:\/\/www.europesays.com\/fr\/wp-json\/wp\/v2\/posts\/4303","targetHints":{"allow":["GET"]}}],"collection":[{"href":"https:\/\/www.europesays.com\/fr\/wp-json\/wp\/v2\/posts"}],"about":[{"href":"https:\/\/www.europesays.com\/fr\/wp-json\/wp\/v2\/types\/post"}],"author":[{"embeddable":true,"href":"https:\/\/www.europesays.com\/fr\/wp-json\/wp\/v2\/users\/2"}],"replies":[{"embeddable":true,"href":"https:\/\/www.europesays.com\/fr\/wp-json\/wp\/v2\/comments?post=4303"}],"version-history":[{"count":0,"href":"https:\/\/www.europesays.com\/fr\/wp-json\/wp\/v2\/posts\/4303\/revisions"}],"wp:featuredmedia":[{"embeddable":true,"href":"https:\/\/www.europesays.com\/fr\/wp-json\/wp\/v2\/media\/4304"}],"wp:attachment":[{"href":"https:\/\/www.europesays.com\/fr\/wp-json\/wp\/v2\/media?parent=4303"}],"wp:term":[{"taxonomy":"category","embeddable":true,"href":"https:\/\/www.europesays.com\/fr\/wp-json\/wp\/v2\/categories?post=4303"},{"taxonomy":"post_tag","embeddable":true,"href":"https:\/\/www.europesays.com\/fr\/wp-json\/wp\/v2\/tags?post=4303"}],"curies":[{"name":"wp","href":"https:\/\/api.w.org\/{rel}","templated":true}]}}