{"id":430300,"date":"2025-10-01T04:56:12","date_gmt":"2025-10-01T04:56:12","guid":{"rendered":"https:\/\/www.europesays.com\/fr\/430300\/"},"modified":"2025-10-01T04:56:12","modified_gmt":"2025-10-01T04:56:12","slug":"ce-nouveau-supermarche-u-se-demarque","status":"publish","type":"post","link":"https:\/\/www.europesays.com\/fr\/430300\/","title":{"rendered":"ce nouveau supermarch\u00e9 U se d\u00e9marque"},"content":{"rendered":"<p>            Par<br \/>\n        <strong><br \/>\n            <a href=\"https:\/\/actu.fr\/auteur\/ludivine-caporal\" title=\"Consulter tous les articles de Ludivine Caporal\" target=\"_blank\" rel=\"noopener\">Ludivine Caporal<\/a><br \/>\n        <\/strong><\/p>\n<p>        Publi\u00e9 le<\/p>\n<p>            1 oct. 2025 \u00e0 6h36        <\/p>\n<p>Le supermarch\u00e9 a d\u00e9j\u00e0 fait sensation aupr\u00e8s des habitants du quartier. Ouvert depuis d\u00e9but septembre, <strong>le nouveau U Express de la rue Sully<\/strong>, dans le 6e arrondissement de <a href=\"https:\/\/actu.fr\/auvergne-rhone-alpes\/lyon_69123\" target=\"_blank\" rel=\"noopener\">Lyon<\/a>, ne manque en effet pas d\u2019atouts pour convaincre ceux qui seraient f\u00e2ch\u00e9s avec la grande distribution : des commer\u00e7ants \u00e0 l\u2019\u00e9coute, une d\u00e9coration murale faisant honneur au patrimoine local et, m\u00eame, des animations musicales.<\/p>\n<p class=\" wall-content\">Vendredi dernier, l\u2019\u00e9tablissement a par exemple accueilli son premier DJ pour accompagner les courses des clients en musique. Une initiative des deux jeunes g\u00e9rants, Pierre et Sixtine, d\u00e9sireux de proposer une \u00ab\u00a0exp\u00e9rience diff\u00e9rente\u00a0\u00bb tout en mettant en avant <strong>des talents locaux.\u00a0<\/strong><\/p>\n<p>Un projet lanc\u00e9 sur le groupe \u00ab\u00a0La Vie \u00e0 Lyon 6e\u00a0\u00bb<\/p>\n<p class=\" wall-content\">\u00ab\u00a0On avait envie de tester plein de choses et on avait cet espace \u00e0 disposition, qui est aussi la sp\u00e9cificit\u00e9 des lieux, dont on ne savait pas vraiment quoi faire au d\u00e9but\u00a0\u00bb, explique Sixtine en pointant du doigt le <strong>petit balcon int\u00e9rieur<\/strong> dominant le reste du supermarch\u00e9, vestige d\u2019anciens bureaux.<\/p>\n<p class=\" wall-content\">C\u2019est apr\u00e8s avoir post\u00e9 un message dans le c\u00e9l\u00e8bre groupe Facebook \u00ab\u00a0La Vie \u00e0 Lyon 6e\u00a0\u00bb, expliquant chercher des musiciens int\u00e9ress\u00e9s pour se produire b\u00e9n\u00e9volement afin de s\u2019entra\u00eener et\/ou de se faire plaisir, que le projet s\u2019est concr\u00e9tis\u00e9 et que le petit balcon s\u2019est finalement transform\u00e9 en <strong>petite sc\u00e8ne de concert.<\/strong><\/p>\n<p>Le parc de la T\u00eate d&rsquo;Or repr\u00e9sent\u00e9 sur les murs<\/p>\n<p>D&rsquo;imposantes d\u00e9corations murales, repr\u00e9sentant les serres ou l&#8217;embl\u00e9matique Porte des enfants du Rh\u00f4ne du parc de la T\u00eate d&rsquo;Or de Lyon, sont \u00e9galement \u00e0 admirer au sein du supermarch\u00e9.<\/p>\n<p>Un \u00e9v\u00e9nement une fois par mois<\/p>\n<p class=\" wall-content\">\u00ab\u00a0On a \u00e9t\u00e9 contact\u00e9s par pas mal de personnes. L\u00e0, c\u2019\u00e9tait un DJ qui est venu jouer de la musique un peu commerciale avec ses propres platines et lumi\u00e8res. Il \u00e9tait tr\u00e8s content et on a m\u00eame vu <strong>quelques clients danser.<\/strong> On aimerait bien faire un \u00e9v\u00e9nement musical une fois par mois environ\u00a0\u00bb, projette Sixtine, heureuse de r\u00e9ussir \u00e0 \u00ab\u00a0s\u2019ancrer dans le quartier\u00a0\u00bb \u00e0 travers cette initiative.<\/p>\n<p>    <img   decoding=\"async\" loading=\"lazy\" src=\"https:\/\/www.europesays.com\/fr\/wp-content\/uploads\/2025\/10\/supermarche-lyon-sully-u-express-dj-960x640.jpg\" alt=\"Un DJ set a \u00e9t\u00e9 organis\u00e9 un vendredi soir de 18h \u00e0 20h.\" width=\"960\" height=\"640\"\/><br \/>\n    Un DJ set a \u00e9t\u00e9 organis\u00e9 un vendredi soir de 18h \u00e0 20h. (\u00a9Document remis \u00e0 actu Lyon)<\/p>\n<p>Votre r\u00e9gion, votre actu !<\/p>\n<p>Recevez chaque jour les infos qui comptent pour vous.<\/p>\n<p>\t<a href=\"https:\/\/actu.fr\/newsletter\" class=\"ac-btn ac-btn--corner ac-btn--medium ac-btn--blue800\" target=\"_blank\" rel=\"noopener\">S&rsquo;incrire<\/a><\/p>\n<p class=\" wall-content\">Mais que les clients les plus r\u00e9ticents se rassurent : le U Express Lyon Sully n\u2019en deviendra pas pour autant une mini bo\u00eete de nuit. \u00ab\u00a0Le but n\u2019est pas de g\u00eaner ceux qui veulent faire leurs courses tranquillement, le niveau sonore n\u2019est pas tr\u00e8s fort\u00a0\u00bb, pr\u00e9cisent tout de m\u00eame les deux g\u00e9rants.<\/p>\n<p class=\" wall-content\">Personnalisez votre actualit\u00e9 en ajoutant vos villes et m\u00e9dias en favori avec <a href=\"https:\/\/moncompte.actu.fr\" title=\"D\u00e9couvez Mon Actu\" rel=\"nofollow noopener\" data-trk=\"{&quot;cta&quot;:{&quot;action&quot;:&quot;https:\\\/\\\/moncompte.actu.fr&quot;,&quot;category&quot;:&quot;mon compte&quot;,&quot;from&quot;:&quot;article footer&quot;,&quot;name&quot;:&quot;Mon actu&quot;,&quot;type&quot;:&quot;cta&quot;}}\" target=\"_blank\">Mon Actu<\/a>.<\/p>\n","protected":false},"excerpt":{"rendered":"Par Ludivine Caporal Publi\u00e9 le 1 oct. 2025 \u00e0 6h36 Le supermarch\u00e9 a d\u00e9j\u00e0 fait sensation aupr\u00e8s des&hellip;\n","protected":false},"author":2,"featured_media":430301,"comment_status":"","ping_status":"","sticky":false,"template":"","format":"standard","meta":{"footnotes":""},"categories":[1889],"tags":[1111,11,258,2430,1777,674,1011,27,2428,873,12,3147,25,104],"class_list":{"0":"post-430300","1":"post","2":"type-post","3":"status-publish","4":"format-standard","5":"has-post-thumbnail","7":"category-lyon","8":"tag-actu","9":"tag-actualites","10":"tag-alimentation","11":"tag-auvergne-rhone-alpes","12":"tag-eu","13":"tag-europe","14":"tag-fr","15":"tag-france","16":"tag-lyon","17":"tag-musique","18":"tag-news","19":"tag-nouveaux-commerces","20":"tag-republique-francaise","21":"tag-societe"},"share_on_mastodon":{"url":"https:\/\/pubeurope.com\/@fr\/115297136420497957","error":""},"_links":{"self":[{"href":"https:\/\/www.europesays.com\/fr\/wp-json\/wp\/v2\/posts\/430300","targetHints":{"allow":["GET"]}}],"collection":[{"href":"https:\/\/www.europesays.com\/fr\/wp-json\/wp\/v2\/posts"}],"about":[{"href":"https:\/\/www.europesays.com\/fr\/wp-json\/wp\/v2\/types\/post"}],"author":[{"embeddable":true,"href":"https:\/\/www.europesays.com\/fr\/wp-json\/wp\/v2\/users\/2"}],"replies":[{"embeddable":true,"href":"https:\/\/www.europesays.com\/fr\/wp-json\/wp\/v2\/comments?post=430300"}],"version-history":[{"count":0,"href":"https:\/\/www.europesays.com\/fr\/wp-json\/wp\/v2\/posts\/430300\/revisions"}],"wp:featuredmedia":[{"embeddable":true,"href":"https:\/\/www.europesays.com\/fr\/wp-json\/wp\/v2\/media\/430301"}],"wp:attachment":[{"href":"https:\/\/www.europesays.com\/fr\/wp-json\/wp\/v2\/media?parent=430300"}],"wp:term":[{"taxonomy":"category","embeddable":true,"href":"https:\/\/www.europesays.com\/fr\/wp-json\/wp\/v2\/categories?post=430300"},{"taxonomy":"post_tag","embeddable":true,"href":"https:\/\/www.europesays.com\/fr\/wp-json\/wp\/v2\/tags?post=430300"}],"curies":[{"name":"wp","href":"https:\/\/api.w.org\/{rel}","templated":true}]}}