{"id":430304,"date":"2025-10-01T04:58:10","date_gmt":"2025-10-01T04:58:10","guid":{"rendered":"https:\/\/www.europesays.com\/fr\/430304\/"},"modified":"2025-10-01T04:58:10","modified_gmt":"2025-10-01T04:58:10","slug":"trop-chers-et-peu-lisibles-les-usagers-denoncent-les-tarifs-des-transports-depuis-les-aeroports-parisiens","status":"publish","type":"post","link":"https:\/\/www.europesays.com\/fr\/430304\/","title":{"rendered":"Trop chers et \u00ab\u00a0peu lisibles\u00a0\u00bb\u00a0: les usagers d\u00e9noncent les tarifs des transports depuis les a\u00e9roports parisiens"},"content":{"rendered":"<p class=\"paragraph text_align_left lp-f-body-02\">Massine fronce les sourcils en \u00e9changeant avec un personnel d\u2019\u00cele-de-France Mobilit\u00e9s, bien visible avec sa veste bleue, devant l\u2019entr\u00e9e du RER B de <a href=\"https:\/\/www.leparisien.fr\/economie\/trafic-aerien-comment-adp-veut-pousser-les-murs-de-laeroport-de-roissy-charles-de-gaulle-27-03-2025-CTFOXWOPEJFE7DWUTPFOMXD5PI.php\" target=\"_blank\" rel=\"noreferrer noopener\">l\u2019a\u00e9roport de Roissy Charles-de-Gaulle<\/a>. \u00ab Les tarifs ont chang\u00e9 depuis la derni\u00e8re fois que je suis venu, bougonne le jeune homme. On dirait qu\u2019ils veulent faire payer plus cher les touristes ! \u00bb Il n\u2019est pas le seul \u00e0 para\u00eetre perdu. Plus loin, devant les bornes, des \u00e9quipes d\u2019IDFM Mobilit\u00e9s expliquent les offres aux usagers, en majorit\u00e9 des \u00e9trangers, qui semblent parfois peiner \u00e0 les comprendre.<\/p>\n<p class=\"paragraph text_align_left lp-f-body-02\">Une affiche r\u00e9sume <a href=\"https:\/\/www.leparisien.fr\/info-paris-ile-de-france-oise\/transports\/250-euros-le-ticket-de-metro-ils-se-font-plaisir-a-paris-la-nouvelle-billettique-fait-des-mecontents-30-01-2025-GPVDK3HJ3RCN3HZ6CZRI6DFM3I.php#:~:text=Depuis%20le%201er%20janvier%202025,la%20r%C3%A9gion%2C%20pendant%20deux%20heures.\" target=\"_blank\" rel=\"noreferrer noopener\">les grilles tarifaires<\/a> mises en place depuis janvier. Elle indique en gras que le simple et avantageux \u00ab Passe D\u00e9couverte Semaine \u00bb, qui permet de voyager en \u00cele-de-France (a\u00e9roports inclus) pour 31,60 euros du lundi au dimanche\u2026 n\u2019est pas vendu \u00e0 Orly et Roissy. Une situation d\u00e9nonc\u00e9e par la F\u00e9d\u00e9ration nationale des associations d\u2019usagers des transports (FNAUT), qui y voit une fa\u00e7on d\u2019inciter \u00ab les touristes \u00e0 mettre la main \u00e0 la poche \u00bb.<\/p>\n","protected":false},"excerpt":{"rendered":"Massine fronce les sourcils en \u00e9changeant avec un personnel d\u2019\u00cele-de-France Mobilit\u00e9s, bien visible avec sa veste bleue, devant&hellip;\n","protected":false},"author":2,"featured_media":430305,"comment_status":"","ping_status":"","sticky":false,"template":"","format":"standard","meta":{"footnotes":""},"categories":[1592],"tags":[1111,11,1777,674,1011,27,662,1944,12,626,25,2382],"class_list":{"0":"post-430304","1":"post","2":"type-post","3":"status-publish","4":"format-standard","5":"has-post-thumbnail","7":"category-ile-de-france","8":"tag-actu","9":"tag-actualites","10":"tag-eu","11":"tag-europe","12":"tag-fr","13":"tag-france","14":"tag-ile-de-france","15":"tag-ma-ville","16":"tag-news","17":"tag-paris","18":"tag-republique-francaise","19":"tag-transport-idf-oise"},"share_on_mastodon":{"url":"https:\/\/pubeurope.com\/@fr\/115297144264734877","error":""},"_links":{"self":[{"href":"https:\/\/www.europesays.com\/fr\/wp-json\/wp\/v2\/posts\/430304","targetHints":{"allow":["GET"]}}],"collection":[{"href":"https:\/\/www.europesays.com\/fr\/wp-json\/wp\/v2\/posts"}],"about":[{"href":"https:\/\/www.europesays.com\/fr\/wp-json\/wp\/v2\/types\/post"}],"author":[{"embeddable":true,"href":"https:\/\/www.europesays.com\/fr\/wp-json\/wp\/v2\/users\/2"}],"replies":[{"embeddable":true,"href":"https:\/\/www.europesays.com\/fr\/wp-json\/wp\/v2\/comments?post=430304"}],"version-history":[{"count":0,"href":"https:\/\/www.europesays.com\/fr\/wp-json\/wp\/v2\/posts\/430304\/revisions"}],"wp:featuredmedia":[{"embeddable":true,"href":"https:\/\/www.europesays.com\/fr\/wp-json\/wp\/v2\/media\/430305"}],"wp:attachment":[{"href":"https:\/\/www.europesays.com\/fr\/wp-json\/wp\/v2\/media?parent=430304"}],"wp:term":[{"taxonomy":"category","embeddable":true,"href":"https:\/\/www.europesays.com\/fr\/wp-json\/wp\/v2\/categories?post=430304"},{"taxonomy":"post_tag","embeddable":true,"href":"https:\/\/www.europesays.com\/fr\/wp-json\/wp\/v2\/tags?post=430304"}],"curies":[{"name":"wp","href":"https:\/\/api.w.org\/{rel}","templated":true}]}}