{"id":430306,"date":"2025-10-01T04:59:11","date_gmt":"2025-10-01T04:59:11","guid":{"rendered":"https:\/\/www.europesays.com\/fr\/430306\/"},"modified":"2025-10-01T04:59:11","modified_gmt":"2025-10-01T04:59:11","slug":"les-etats-unis-basculent-dans-le-shutdown-une-premiere-depuis-2018","status":"publish","type":"post","link":"https:\/\/www.europesays.com\/fr\/430306\/","title":{"rendered":"Les Etats-Unis basculent dans le shutdown, une premi\u00e8re depuis 2018"},"content":{"rendered":"<p>                         <img loading=\"lazy\" decoding=\"async\" src=\"https:\/\/www.europesays.com\/fr\/wp-content\/uploads\/2025\/10\/84fa8d8_ftp-import-images-1-gopvcnduv9lf-1eb69addcd2544a4ac3dccb3fe94b5ed-0-b79943650ced4079880c8a10.jpeg\" alt=\"Le chef de la minorit\u00e9 au S\u00e9nat, Chuck Schumer (d\u00e9mocrate de New York), s\u2019adresse aux journalistes au sujet du shutdown, au Capitole \u00e0 Washington, le 30\u00a0septembre 2025.\"   width=\"664\" height=\"443\"\/>    Le chef de la minorit\u00e9 au S\u00e9nat, Chuck Schumer (d\u00e9mocrate de New York), s\u2019adresse aux journalistes au sujet du shutdown, au Capitole \u00e0 Washington, le 30\u00a0septembre 2025.  JACQUELYN MARTIN \/ AP                 <\/p>\n<p class=\"article__paragraph  \">Une fois n\u2019est pas coutume, le jeu de dupes autour du shutdown aux Etats-Unis a mal tourn\u00e9. Les r\u00e9publicains et les d\u00e9mocrates <a href=\"https:\/\/www.lemonde.fr\/international\/article\/2025\/10\/01\/les-etats-unis-a-quelques-heures-d-un-shutdown-quasi-inevitable_6643798_3210.html\" rel=\"nofollow noopener\" target=\"_blank\">ont \u00e9chou\u00e9 \u00e0 se mettre d\u2019accord<\/a> pour valider les fonds n\u00e9cessaires \u00e0 la mise en place du budget de la nation avant mardi 30\u00a0septembre \u00e0 minuit (6\u00a0heures du matin mercredi 1er\u00a0octobre \u00e0 Paris), provoquant la fermeture des services dits non essentiels de l\u2019Etat f\u00e9d\u00e9ral am\u00e9ricain.<\/p>\n<p class=\"article__paragraph  \">Les r\u00e9unions de la derni\u00e8re chance ont \u00e9chou\u00e9 \u00e0 r\u00e9concilier les deux partis, symbole d\u2019une Am\u00e9rique o\u00f9 le clivage politique ne cesse de s\u2019accro\u00eetre. Donald Trump a bien tent\u00e9 de s\u2019en m\u00ealer, lundi 29\u00a0septembre, en recevant les deux repr\u00e9sentants de la minorit\u00e9 d\u00e9mocrate au S\u00e9nat et \u00e0 la chambre des repr\u00e9sentants, Chuck Schumer et Hakeem Jeffries, dans le bureau Ovale. Mais \u00e9tait-ce vraiment une main tendue\u00a0? A l\u2019issue de l\u2019entretien, le pr\u00e9sident des Etats-Unis a publi\u00e9 sur les r\u00e9seaux sociaux une vid\u00e9o g\u00e9n\u00e9r\u00e9e par intelligence artificielle pour se moquer de ses opposants.<\/p>\n<p class=\"reading-mode-only \"><strong>Il vous reste 82.47% de cet article \u00e0 lire. La suite est r\u00e9serv\u00e9e aux abonn\u00e9s.<\/strong><\/p>\n","protected":false},"excerpt":{"rendered":"Le chef de la minorit\u00e9 au S\u00e9nat, Chuck Schumer (d\u00e9mocrate de New York), s\u2019adresse aux journalistes au sujet&hellip;\n","protected":false},"author":2,"featured_media":430307,"comment_status":"","ping_status":"","sticky":false,"template":"","format":"standard","meta":{"footnotes":""},"categories":[1888],"tags":[1111,1928,11,1927,1777,674,1011,27,12,1926,626,1925,25],"class_list":{"0":"post-430306","1":"post","2":"type-post","3":"status-publish","4":"format-standard","5":"has-post-thumbnail","7":"category-paris","8":"tag-actu","9":"tag-actu-paris","10":"tag-actualites","11":"tag-actualites-paris","12":"tag-eu","13":"tag-europe","14":"tag-fr","15":"tag-france","16":"tag-news","17":"tag-news-paris","18":"tag-paris","19":"tag-paris-news","20":"tag-republique-francaise"},"share_on_mastodon":{"url":"https:\/\/pubeurope.com\/@fr\/115297148690754873","error":""},"_links":{"self":[{"href":"https:\/\/www.europesays.com\/fr\/wp-json\/wp\/v2\/posts\/430306","targetHints":{"allow":["GET"]}}],"collection":[{"href":"https:\/\/www.europesays.com\/fr\/wp-json\/wp\/v2\/posts"}],"about":[{"href":"https:\/\/www.europesays.com\/fr\/wp-json\/wp\/v2\/types\/post"}],"author":[{"embeddable":true,"href":"https:\/\/www.europesays.com\/fr\/wp-json\/wp\/v2\/users\/2"}],"replies":[{"embeddable":true,"href":"https:\/\/www.europesays.com\/fr\/wp-json\/wp\/v2\/comments?post=430306"}],"version-history":[{"count":0,"href":"https:\/\/www.europesays.com\/fr\/wp-json\/wp\/v2\/posts\/430306\/revisions"}],"wp:featuredmedia":[{"embeddable":true,"href":"https:\/\/www.europesays.com\/fr\/wp-json\/wp\/v2\/media\/430307"}],"wp:attachment":[{"href":"https:\/\/www.europesays.com\/fr\/wp-json\/wp\/v2\/media?parent=430306"}],"wp:term":[{"taxonomy":"category","embeddable":true,"href":"https:\/\/www.europesays.com\/fr\/wp-json\/wp\/v2\/categories?post=430306"},{"taxonomy":"post_tag","embeddable":true,"href":"https:\/\/www.europesays.com\/fr\/wp-json\/wp\/v2\/tags?post=430306"}],"curies":[{"name":"wp","href":"https:\/\/api.w.org\/{rel}","templated":true}]}}