{"id":430308,"date":"2025-10-01T05:00:52","date_gmt":"2025-10-01T05:00:52","guid":{"rendered":"https:\/\/www.europesays.com\/fr\/430308\/"},"modified":"2025-10-01T05:00:52","modified_gmt":"2025-10-01T05:00:52","slug":"architects-remercie-ses-fans-apres-le-concert-dhier-soir-en-france","status":"publish","type":"post","link":"https:\/\/www.europesays.com\/fr\/430308\/","title":{"rendered":"Architects remercie ses fans apr\u00e8s le concert d&rsquo;hier soir en France"},"content":{"rendered":"<p><strong><a href=\"https:\/\/www.metalzone.fr\/architects\/\" rel=\"nofollow noopener\" target=\"_blank\">Architects<\/a> a lanc\u00e9 sa tourn\u00e9e europ\u00e9enne avec force et \u00e9motion hier soir \u00e0 Paris, offrant un concert intense \u00e0 l\u2019Adidas Arena, marqu\u00e9 par une setlist riche et un message de remerciement en fran\u00e7ais qui a touch\u00e9 les fans.<\/strong><\/p>\n<p>Un concert d\u2019ouverture marquant \u00e0 Paris<\/p>\n<p>Le 29 septembre, Architects a donn\u00e9 le coup d\u2019envoi de sa nouvelle tourn\u00e9e europ\u00e9enne \u00e0 l\u2019Adidas Arena de Paris. Dans une salle comble, le groupe britannique a pr\u00e9sent\u00e9 un set \u00e9quilibr\u00e9 m\u00ealant nouveaut\u00e9s et classiques, en soutien \u00e0 son dernier album, The Sky, The Earth &amp; All Between.<\/p>\n<p>Au fil de 19 titres, le groupe a jou\u00e9 sept morceaux issus du nouvel opus, dont Everything Ends \u2013 r\u00e9cemment devenu n\u00b01 du classement U.S. Active Rock Radio \u2013 ainsi que plusieurs extraits de For Those That Wish To Exist, Holy Hell, All Our Gods Have Abandoned Us ou encore the classic symptoms of a broken spirit. \u00c0 mi-parcours, House Of Protection a rejoint le groupe sur sc\u00e8ne pour une version live de Brain Dead.<\/p>\n<p>Setlist compl\u00e8te \u2013 Paris, Adidas Arena, 29 septembre 2025 :<\/p>\n<ol>\n<li>Elegy<\/li>\n<li>Whiplash<\/li>\n<li>when we were young<\/li>\n<li>Black Lungs<\/li>\n<li>Curse<\/li>\n<li>A Match Made In Heaven<\/li>\n<li>deep fake<\/li>\n<li>Impermanence<\/li>\n<li>Red Hypergiant<\/li>\n<li>Gravedigger<\/li>\n<li>Brain Dead (avec House Of Protection)<\/li>\n<li>Meteor<\/li>\n<li>Everything Ends<\/li>\n<li>Royal Beggars<\/li>\n<li>Gone With The Wind (extrait)<\/li>\n<li>Doomsday<\/li>\n<li>Blackhole<\/li>\n<li>Seeing Red<\/li>\n<li>Animals<\/li>\n<\/ol>\n<p>Un lien sinc\u00e8re avec le public fran\u00e7ais<\/p>\n<p>\u00c0 l\u2019issue du concert, Architects a adress\u00e9 un message \u00e0 ses fans sur Instagram : \u201cMerci beaucoup Paris pour cette soir\u00e9e inoubliable. Nous vous aimons.\u201d Une attention salu\u00e9e, en \u00e9cho \u00e0 la relation forte que le groupe entretient avec son public fran\u00e7ais, renforc\u00e9e par des prestations marquantes, comme celle de Lille en mars dernier.<\/p>\n<p>Un album salu\u00e9, une tourn\u00e9e bien lanc\u00e9e<\/p>\n<p>Produit par Jordan Fish (ex-<a href=\"https:\/\/www.metalzone.fr\/bring-me-the-horizon\/\" rel=\"nofollow noopener\" target=\"_blank\">Bring Me The Horizon<\/a>), The Sky, The Earth &amp; All Between continue de s\u2019imposer avec plus de 80 000 ventes et des titres phares comme Seeing Red (dans le top 15 du Spotify Viral 50 US) ou Curse (int\u00e9gr\u00e9 \u00e0 WWE 2K25).<\/p>\n<p>Prochaine \u00e9tape pour le groupe : l\u2019Allemagne, o\u00f9 la tourn\u00e9e se poursuit avant de gagner le Royaume-Uni en octobre. En attendant, les fans peuvent revivre cette soir\u00e9e gr\u00e2ce \u00e0 la setlist compl\u00e8te et aux vid\u00e9os amateurs partag\u00e9es en ligne.<\/p>\n<p>Publication d\u2019Architects :<\/p>\n<blockquote class=\"instagram-media\" style=\"background: #FFF; border: 0; border-radius: 3px; box-shadow: 0 0 1px 0 rgba(0,0,0,0.5),0 1px 10px 0 rgba(0,0,0,0.15); margin: 1px; max-width: 540px; min-width: 326px; padding: 0; width: calc(100% - 2px);\" data-instgrm-captioned=\"\" data-instgrm-permalink=\"https:\/\/www.instagram.com\/p\/DPONXlzAtL3\/?utm_source=ig_embed&amp;utm_campaign=loading\" data-instgrm-version=\"14\"\/><p>Quelques vid\u00e9os amateurs du concert :<\/p>\n<\/p>\n<p><script async src=\"\/\/www.instagram.com\/embed.js\"><\/script><\/p>\n","protected":false},"excerpt":{"rendered":"Architects a lanc\u00e9 sa tourn\u00e9e europ\u00e9enne avec force et \u00e9motion hier soir \u00e0 Paris, offrant un concert intense&hellip;\n","protected":false},"author":2,"featured_media":430309,"comment_status":"","ping_status":"","sticky":false,"template":"","format":"standard","meta":{"footnotes":""},"categories":[1888],"tags":[1111,1928,11,1927,1777,674,1011,27,12,1926,626,1925,25],"class_list":{"0":"post-430308","1":"post","2":"type-post","3":"status-publish","4":"format-standard","5":"has-post-thumbnail","7":"category-paris","8":"tag-actu","9":"tag-actu-paris","10":"tag-actualites","11":"tag-actualites-paris","12":"tag-eu","13":"tag-europe","14":"tag-fr","15":"tag-france","16":"tag-news","17":"tag-news-paris","18":"tag-paris","19":"tag-paris-news","20":"tag-republique-francaise"},"share_on_mastodon":{"url":"https:\/\/pubeurope.com\/@fr\/115297155996245435","error":""},"_links":{"self":[{"href":"https:\/\/www.europesays.com\/fr\/wp-json\/wp\/v2\/posts\/430308","targetHints":{"allow":["GET"]}}],"collection":[{"href":"https:\/\/www.europesays.com\/fr\/wp-json\/wp\/v2\/posts"}],"about":[{"href":"https:\/\/www.europesays.com\/fr\/wp-json\/wp\/v2\/types\/post"}],"author":[{"embeddable":true,"href":"https:\/\/www.europesays.com\/fr\/wp-json\/wp\/v2\/users\/2"}],"replies":[{"embeddable":true,"href":"https:\/\/www.europesays.com\/fr\/wp-json\/wp\/v2\/comments?post=430308"}],"version-history":[{"count":0,"href":"https:\/\/www.europesays.com\/fr\/wp-json\/wp\/v2\/posts\/430308\/revisions"}],"wp:featuredmedia":[{"embeddable":true,"href":"https:\/\/www.europesays.com\/fr\/wp-json\/wp\/v2\/media\/430309"}],"wp:attachment":[{"href":"https:\/\/www.europesays.com\/fr\/wp-json\/wp\/v2\/media?parent=430308"}],"wp:term":[{"taxonomy":"category","embeddable":true,"href":"https:\/\/www.europesays.com\/fr\/wp-json\/wp\/v2\/categories?post=430308"},{"taxonomy":"post_tag","embeddable":true,"href":"https:\/\/www.europesays.com\/fr\/wp-json\/wp\/v2\/tags?post=430308"}],"curies":[{"name":"wp","href":"https:\/\/api.w.org\/{rel}","templated":true}]}}