{"id":43031,"date":"2025-04-22T03:45:10","date_gmt":"2025-04-22T03:45:10","guid":{"rendered":"https:\/\/www.europesays.com\/fr\/43031\/"},"modified":"2025-04-22T03:45:10","modified_gmt":"2025-04-22T03:45:10","slug":"samedi-une-place-parisienne-se-transforme-en-fete-du-velo","status":"publish","type":"post","link":"https:\/\/www.europesays.com\/fr\/43031\/","title":{"rendered":"Samedi, une place parisienne se transforme en f\u00eate du v\u00e9lo"},"content":{"rendered":"<p>Le samedi 26 avril, la place de la Bataille de Stalingrad \u00e0 Paris accueillera la 3\u1d49 \u00e9dition de F\u00eate Place Aux V\u00e9los, un \u00e9v\u00e9nement public et gratuit port\u00e9 par le R\u00e9PAR, le r\u00e9seau parisien des ateliers v\u00e9lo participatifs et solidaires. Entre animations festives, ateliers pratiques et revendications cyclables, l&rsquo;\u00e9v\u00e9nement entend redonner toute sa place au v\u00e9lo dans l&rsquo;espace urbain, \u00e0 hauteur de quartier, au contact direct des habitant\u00b7es.<\/p>\n<p>\u00c0 la crois\u00e9e du militantisme cyclable et de la f\u00eate de quartier : F\u00eate Place Aux V\u00e9los Paris<\/p>\n<p>Pas de stand de nutrition sportive ou de test VAE dernier cri ici. F\u00eate Place Aux V\u00e9los n&rsquo;est pas un salon ni une vitrine. C&rsquo;est un rendez-vous populaire, \u00e0 la crois\u00e9e du militantisme cyclable et de la f\u00eate de quartier.<\/p>\n<p><a href=\"https:\/\/weelz.ouest-france.fr\/wp-content\/uploads\/2025\/04\/fete-place-aux-velos-paris-stalingrad-photos-agnes-michon-6-scaled.webp\" target=\"_blank\" rel=\"noopener\"><img loading=\"lazy\" decoding=\"async\" width=\"2048\" height=\"1365\" src=\"data:image\/gif;base64,R0lGODlhAQABAIAAAAAAAP\/\/\/yH5BAEAAAAALAAAAAABAAEAAAIBRAA7\" data-lazy-type=\"image\" data-lazy-src=\"https:\/\/www.europesays.com\/fr\/wp-content\/uploads\/2025\/04\/fete-place-aux-velos-paris-stalingrad-photos-agnes-michon-6-2048x1365.webp.webp\" alt=\"\u00c0 la crois\u00e9e du militantisme cyclable et de la f\u00eate de quartier : F\u00eate Place Aux V\u00e9los Paris\" class=\"lazy lazy-hidden wp-image-64855\" data-lazy- data-lazy-\/><\/a><\/p>\n<p>Le programme 2025 mise sur la diversit\u00e9 des formats : ateliers d\u2019autor\u00e9paration XXL, bourse aux v\u00e9los, concerts, man\u00e8ge de v\u00e9los volants, piste d\u2019essai pour biclous bizarres, parade d\u2019enfants, guinguette, expositions photo ou encore village associatif. De quoi rendre le v\u00e9lo accessible \u00e0 tous les publics, surtout les plus jeunes.<\/p>\n<p>Nouveaut\u00e9 cette ann\u00e9e : un programme d\u2019ateliers pr\u00e9paratoires dans les rues et \u00e9coles des alentours, impliquant les associations locales, avec un accent mis sur les enfants. Objectif : faire durer l\u2019effet de l\u2019\u00e9v\u00e9nement au-del\u00e0 du jour J.<\/p>\n<p>Le R\u00e9PAR, au service d\u2019un v\u00e9lo du quotidien<\/p>\n<p>Derri\u00e8re l\u2019\u00e9v\u00e9nement, le R\u00e9PAR (R\u00e9seau Parisien des Ateliers V\u00e9lo Participatifs et Solidaires) poursuit son travail de fond. Depuis 2018, cette structure f\u00e9d\u00e8re une dizaine d\u2019ateliers v\u00e9lo \u00e0 Paris. Leur ligne : le r\u00e9emploi, la v\u00e9lonomie, l\u2019\u00e9ducation populaire, et un v\u00e9lo comme levier d\u2019\u00e9mancipation.<\/p>\n<p><a href=\"https:\/\/weelz.ouest-france.fr\/wp-content\/uploads\/2025\/04\/fete-place-aux-velos-paris-stalingrad-photos-agnes-michon-10-scaled.webp\" target=\"_blank\" rel=\"noopener\"><img loading=\"lazy\" decoding=\"async\" width=\"2048\" height=\"1365\" data-id=\"64856\" src=\"data:image\/gif;base64,R0lGODlhAQABAIAAAAAAAP\/\/\/yH5BAEAAAAALAAAAAABAAEAAAIBRAA7\" data-lazy-type=\"image\" data-lazy-src=\"https:\/\/www.europesays.com\/fr\/wp-content\/uploads\/2025\/04\/fete-place-aux-velos-paris-stalingrad-photos-agnes-michon-10-2048x1365.webp.webp\" alt=\"\" class=\"lazy lazy-hidden wp-image-64856\" data-lazy- data-lazy-\/><\/a><br \/>\n<a href=\"https:\/\/weelz.ouest-france.fr\/wp-content\/uploads\/2025\/04\/fete-place-aux-velos-paris-stalingrad-photos-agnes-michon-13-scaled.webp\" target=\"_blank\" rel=\"noopener\"><img loading=\"lazy\" decoding=\"async\" width=\"1365\" height=\"2048\" data-id=\"64857\" src=\"data:image\/gif;base64,R0lGODlhAQABAIAAAAAAAP\/\/\/yH5BAEAAAAALAAAAAABAAEAAAIBRAA7\" data-lazy-type=\"image\" data-lazy-src=\"https:\/\/www.europesays.com\/fr\/wp-content\/uploads\/2025\/04\/fete-place-aux-velos-paris-stalingrad-photos-agnes-michon-13-1365x2048.webp.webp\" alt=\"\" class=\"lazy lazy-hidden wp-image-64857\" data-lazy- data-lazy-\/><\/a><br \/>\n<a href=\"https:\/\/weelz.ouest-france.fr\/wp-content\/uploads\/2025\/04\/fete-place-aux-velos-paris-stalingrad-photos-agnes-michon-7-scaled.webp\" target=\"_blank\" rel=\"noopener\"><img loading=\"lazy\" decoding=\"async\" width=\"2048\" height=\"1365\" data-id=\"64859\" src=\"data:image\/gif;base64,R0lGODlhAQABAIAAAAAAAP\/\/\/yH5BAEAAAAALAAAAAABAAEAAAIBRAA7\" data-lazy-type=\"image\" data-lazy-src=\"https:\/\/www.europesays.com\/fr\/wp-content\/uploads\/2025\/04\/fete-place-aux-velos-paris-stalingrad-photos-agnes-michon-7-2048x1365.webp.webp\" alt=\"\" class=\"lazy lazy-hidden wp-image-64859\" data-lazy- data-lazy-\/><\/a><br \/>\n<a href=\"https:\/\/weelz.ouest-france.fr\/wp-content\/uploads\/2025\/04\/fete-place-aux-velos-paris-stalingrad-photos-agnes-michon-9-scaled.webp\" target=\"_blank\" rel=\"noopener\"><img loading=\"lazy\" decoding=\"async\" width=\"2048\" height=\"1365\" data-id=\"64858\" src=\"data:image\/gif;base64,R0lGODlhAQABAIAAAAAAAP\/\/\/yH5BAEAAAAALAAAAAABAAEAAAIBRAA7\" data-lazy-type=\"image\" data-lazy-src=\"https:\/\/www.europesays.com\/fr\/wp-content\/uploads\/2025\/04\/fete-place-aux-velos-paris-stalingrad-photos-agnes-michon-9-2048x1365.webp.webp\" alt=\"\" class=\"lazy lazy-hidden wp-image-64858\" data-lazy- data-lazy-\/><\/a><\/p>\n<p>Le R\u00e9PAR agit localement, avec les moyens du bord. Et \u00e7a fonctionne : plus de 5 000 v\u00e9los remis en circulation, 75 000 b\u00e9n\u00e9ficiaires, dont une majorit\u00e9 en quartiers populaires, et 100 000 heures de b\u00e9n\u00e9volat cumul\u00e9es.<\/p>\n<p>Cette \u00e9dition 2025 prend place dans un contexte particulier. <a href=\"https:\/\/www.paris.fr\/pages\/inedit-le-velo-surpasse-la-voiture-a-paris-et-en-petite-couronne-et-de-loin-26832\" target=\"_blank\" rel=\"noopener\">Selon<\/a> l\u2019Institut Paris R\u00e9gion, les v\u00e9los ont officiellement d\u00e9pass\u00e9 les voitures dans Paris intra-muros. Pour autant, la bataille culturelle et spatiale n\u2019est pas gagn\u00e9e. L\u2019\u00e9v\u00e9nement entend visibiliser les besoins des cyclistes du quotidien, souvent oubli\u00e9s, et proposer une r\u00e9ponse joyeuse mais lucide \u00e0 l\u2019am\u00e9nagement urbain encore trop autocentr\u00e9.<\/p>\n<p>Infos pratiques et lien utile<\/p>\n<p><a href=\"https:\/\/www.europesays.com\/fr\/wp-content\/uploads\/2025\/04\/image-processing20250414-6906-fje238.webp.webp\"><img loading=\"lazy\" decoding=\"async\" width=\"1200\" height=\"750\" src=\"data:image\/gif;base64,R0lGODlhAQABAIAAAAAAAP\/\/\/yH5BAEAAAAALAAAAAABAAEAAAIBRAA7\" data-lazy-type=\"image\" data-lazy-src=\"https:\/\/www.europesays.com\/fr\/wp-content\/uploads\/2025\/04\/image-processing20250414-6906-fje238.webp.webp\" alt=\"\" class=\"lazy lazy-hidden wp-image-64860\" data-lazy- data-lazy-\/><\/a><\/p>\n<p><strong>Date<\/strong> : Samedi 26 avril 2025<br \/><strong>Lieu<\/strong> : Place de la Bataille de Stalingrad, Paris 19\u1d49<br \/><strong>Horaires<\/strong> : toute la journ\u00e9e<br \/><strong>Entr\u00e9e<\/strong> : libre et gratuite<br \/><strong>Programme complet<\/strong> : <a href=\"https:\/\/www.repar.paris\" target=\"_blank\" rel=\"noopener\">www.repar.paris<\/a><\/p>\n<p><img decoding=\"async\" src=\"data:image\/gif;base64,R0lGODlhAQABAIAAAAAAAP\/\/\/yH5BAEAAAAALAAAAAABAAEAAAIBRAA7\" class=\"lazy lazy-hidden\" data-lazy-type=\"iframe\" data-lazy-src=\"&lt;iframe loading=&quot;lazy&quot; title=&quot;F\u00eate place aux v\u00e9los ! #2&quot; width=&quot;500&quot; height=&quot;281&quot; src=&quot;https:\/\/www.youtube.com\/embed\/sBxD3dwiWco?feature=oembed&quot; frameborder=&quot;0&quot; allow=&quot;accelerometer; autoplay; clipboard-write; encrypted-media; gyroscope; picture-in-picture; web-share&quot; referrerpolicy=&quot;strict-origin-when-cross-origin&quot; allowfullscreen&gt;&lt;\/iframe&gt;\" alt=\"\"\/><\/p>\n<p><strong>Vous avez aim\u00e9 cet article ?<\/strong> N&rsquo;h\u00e9sitez-pas \u00e0 <a href=\"https:\/\/weelz.ouest-france.fr\/newsletter-velo\/\" target=\"_blank\" rel=\"noopener\">vous abonner \u00e0 notre newsletter<\/a>. Vous pouvez aussi nous ajouter en favoris directement dans <a href=\"https:\/\/news.google.com\/publications\/CAAqBwgKMJ3Eugswqt_RAw?hl=fr&amp;gl=FR&amp;ceid=FR%3Afr\" rel=\"external noopener\" target=\"_blank\">Google News<\/a> ou encore nous suivre via <a href=\"https:\/\/bit.ly\/weelz-whatsapp\" target=\"_blank\" rel=\"noopener\">notre chaine WhatsApp<\/a>. Une question, une remarque ? <a href=\"https:\/\/weelz.ouest-france.fr\/contacter-weelz\/\" target=\"_blank\" rel=\"noopener\">Contactez-nous<\/a>.<\/p>\n","protected":false},"excerpt":{"rendered":"Le samedi 26 avril, la place de la Bataille de Stalingrad \u00e0 Paris accueillera la 3\u1d49 \u00e9dition de&hellip;\n","protected":false},"author":2,"featured_media":43032,"comment_status":"","ping_status":"","sticky":false,"template":"","format":"standard","meta":{"footnotes":""},"categories":[1888],"tags":[11,1777,674,1011,27,13009,12,626,4630,25],"class_list":{"0":"post-43031","1":"post","2":"type-post","3":"status-publish","4":"format-standard","5":"has-post-thumbnail","7":"category-paris","8":"tag-actualites","9":"tag-eu","10":"tag-europe","11":"tag-fr","12":"tag-france","13":"tag-militantisme","14":"tag-news","15":"tag-paris","16":"tag-politique-cyclable","17":"tag-republique-francaise"},"share_on_mastodon":{"url":"https:\/\/pubeurope.com\/@fr\/114379563312869560","error":""},"_links":{"self":[{"href":"https:\/\/www.europesays.com\/fr\/wp-json\/wp\/v2\/posts\/43031","targetHints":{"allow":["GET"]}}],"collection":[{"href":"https:\/\/www.europesays.com\/fr\/wp-json\/wp\/v2\/posts"}],"about":[{"href":"https:\/\/www.europesays.com\/fr\/wp-json\/wp\/v2\/types\/post"}],"author":[{"embeddable":true,"href":"https:\/\/www.europesays.com\/fr\/wp-json\/wp\/v2\/users\/2"}],"replies":[{"embeddable":true,"href":"https:\/\/www.europesays.com\/fr\/wp-json\/wp\/v2\/comments?post=43031"}],"version-history":[{"count":0,"href":"https:\/\/www.europesays.com\/fr\/wp-json\/wp\/v2\/posts\/43031\/revisions"}],"wp:featuredmedia":[{"embeddable":true,"href":"https:\/\/www.europesays.com\/fr\/wp-json\/wp\/v2\/media\/43032"}],"wp:attachment":[{"href":"https:\/\/www.europesays.com\/fr\/wp-json\/wp\/v2\/media?parent=43031"}],"wp:term":[{"taxonomy":"category","embeddable":true,"href":"https:\/\/www.europesays.com\/fr\/wp-json\/wp\/v2\/categories?post=43031"},{"taxonomy":"post_tag","embeddable":true,"href":"https:\/\/www.europesays.com\/fr\/wp-json\/wp\/v2\/tags?post=43031"}],"curies":[{"name":"wp","href":"https:\/\/api.w.org\/{rel}","templated":true}]}}