{"id":430316,"date":"2025-10-01T05:05:14","date_gmt":"2025-10-01T05:05:14","guid":{"rendered":"https:\/\/www.europesays.com\/fr\/430316\/"},"modified":"2025-10-01T05:05:14","modified_gmt":"2025-10-01T05:05:14","slug":"en-direct-guerre-en-ukraine-zelensky-juge-la-situation-critique-a-la-centrale-nucleaire-de-zaporijia","status":"publish","type":"post","link":"https:\/\/www.europesays.com\/fr\/430316\/","title":{"rendered":"EN DIRECT &#8211; Guerre en Ukraine : Zelensky juge la situation \u00ab\u00a0critique\u00a0\u00bb \u00e0 la centrale nucl\u00e9aire de Zaporijia"},"content":{"rendered":"<ul class=\"jsx-862013697 ArticleChapo__List\">\n<li class=\"jsx-862013697 ArticleChapo__List_Item flex\">Volodymyr Zelensky a indiqu\u00e9 ce mardi que la centrale nucl\u00e9aire de Zaporijia, occup\u00e9e par les forces russes, etait d\u00e9sormais d\u00e9connect\u00e9e du r\u00e9seau \u00e9lectrique ukrainien depuis 7 jours cons\u00e9cutifs.<\/li>\n<li class=\"jsx-862013697 ArticleChapo__List_Item flex\">Le pr\u00e9sident ukrainien juge la situation \u00ab\u00a0critique\u00a0\u00bb et potentiellement dangereuse.<\/li>\n<li class=\"jsx-862013697 ArticleChapo__List_Item flex\">Suivez les derni\u00e8res informations.<\/li>\n<\/ul>\n<p>Minute par minuteSOMMET DE COPENHAGUE07:03<\/p>\n<p>Les dirigeants des 27 pays de l&rsquo;Union europ\u00e9enne se r\u00e9unissent ce mercredi 1\u1d49\u02b3 octobre \u00e0 Copenhague (Danemark), pour un sommet consacr\u00e9 \u00e0 la d\u00e9fense europ\u00e9enne. Ce rendez-vous intervient au moment o\u00f9 le pays scandinave a \u00e9t\u00e9 victime de plusieurs incursions de drones d&rsquo;origine inconnue ces derniers jours. Le Danemark est par ailleurs un important contributeur au soutien militaire de l&rsquo;Ukraine.<\/p>\n<p>CE QU&rsquo;IL FALLAIT RETENIR DE LA VEILLE06:26<\/p>\n<p>Volodymyr Zelensky a indiqu\u00e9 ce mardi 30 septembre que la centrale nucl\u00e9aire de Zaporijia, occup\u00e9e par les forces russes, est d\u00e9sormais d\u00e9connect\u00e9e du r\u00e9seau \u00e9lectrique ukrainien depuis 7 jours cons\u00e9cutifs. Le pr\u00e9sident ukrainien juge la situation \u00ab\u00a0critique\u00a0\u00bb et potentiellement dangereuse<\/p>\n<p>International<img decoding=\"async\" src=\"https:\/\/www.europesays.com\/fr\/wp-content\/uploads\/2025\/10\/centrale-nucleaire-de-zaporijia-le-6-juin-2023-87b2af-1@1x.jpeg\" alt=\"Guerre en Ukraine : situation &quot;critique&quot; \u00e0 la centrale nucl\u00e9aire de Zaporijia, selon Zelensky\" loading=\"lazy\" importance=\"low\" fetchpriority=\"low\" class=\"\" aria-hidden=\"true\"\/>BONJOUR06:25<\/p>\n<p>Bienvenue dans notre direct consacr\u00e9 \u00e0 la guerre en Ukraine.<\/p>\n<p data-module=\"article-paragraph\" class=\"jsx-3046738180 Paragraph Paragraph__End\">Le pr\u00e9sident ukrainien a indiqu\u00e9 mardi 30 septembre que <a href=\"https:\/\/www.tf1info.fr\/international\/video-zaporijia-que-se-passe-t-il-a-la-centrale-nucleaire-2230376.html\" target=\"_blank\" rel=\"noopener\">la centrale nucl\u00e9aire de Zaporijia<\/a>, occup\u00e9e par les forces russes, \u00e9tait d\u00e9sormais d\u00e9connect\u00e9e du r\u00e9seau \u00e9lectrique ukrainien depuis sept jours cons\u00e9cutifs. \u00ab\u00a0La situation est critique. En raison des attaques russes, la centrale a \u00e9t\u00e9 coup\u00e9e de son alimentation \u00e9lectrique et du r\u00e9seau. Elle est aliment\u00e9e en \u00e9lectricit\u00e9 par des g\u00e9n\u00e9rateurs diesel\u00a0\u00bb, dont l&rsquo;un d&rsquo;eux \u00ab\u00a0ne fonctionne pas bien\u00a0\u00bb, a d\u00e9clar\u00e9 Volodymyr Zelensky dans son discours quotidien.\u00a0<\/p>\n<p data-module=\"article-paragraph\" class=\"jsx-3046738180 Paragraph\">\u00ab\u00a0Les Russes emp\u00eachent la r\u00e9paration des lignes \u00e9lectriques menant \u00e0 la centrale et la restauration de la s\u00e9curit\u00e9 de base par leurs frappes. Et c&rsquo;est une menace pour absolument tout le monde\u00a0\u00bb, a-t-il ajout\u00e9.<\/p>\n<p data-module=\"article-paragraph\" class=\"jsx-3046738180 Paragraph Paragraph__End\">Il s&rsquo;agit de la plus longue coupure d&rsquo;\u00e9lectricit\u00e9 \u00e0 Zaporijia depuis que la Russie a pris le contr\u00f4le de la centrale nucl\u00e9aire, la plus grande d&rsquo;Europe.<\/p>\n<p data-module=\"article-paragraph\" class=\"jsx-3046738180 Paragraph Paragraph__End\"><strong>Retrouvez les derni\u00e8res informations dans le fil ci-dessus.<\/strong><\/p>\n<p>La r\u00e9daction de TF1info<\/p>\n","protected":false},"excerpt":{"rendered":"Volodymyr Zelensky a indiqu\u00e9 ce mardi que la centrale nucl\u00e9aire de Zaporijia, occup\u00e9e par les forces russes, etait&hellip;\n","protected":false},"author":2,"featured_media":430317,"comment_status":"","ping_status":"","sticky":false,"template":"","format":"standard","meta":{"footnotes":""},"categories":[1590],"tags":[1111,11,1921,5925,1777,674,28083,1922,12,2543,132,220,1917,50704,133,1920,134],"class_list":{"0":"post-430316","1":"post","2":"type-post","3":"status-publish","4":"format-standard","5":"has-post-thumbnail","7":"category-ukraine","8":"tag-actu","9":"tag-actualites","10":"tag-article-video","11":"tag-conflits-et-guerre","12":"tag-eu","13":"tag-europe","14":"tag-guerre-en-ukraine-une-treve-sera-t-elle-possible","15":"tag-info","16":"tag-news","17":"tag-relations-internationales","18":"tag-russie","19":"tag-ukraine","20":"tag-ukraine-4-annee-de-guerre","21":"tag-ukraine-russie-des-negociations-dans-limpasse","22":"tag-video","23":"tag-video-international","24":"tag-volodymyr-zelensky"},"share_on_mastodon":{"url":"https:\/\/pubeurope.com\/@fr\/115297171797558460","error":""},"_links":{"self":[{"href":"https:\/\/www.europesays.com\/fr\/wp-json\/wp\/v2\/posts\/430316","targetHints":{"allow":["GET"]}}],"collection":[{"href":"https:\/\/www.europesays.com\/fr\/wp-json\/wp\/v2\/posts"}],"about":[{"href":"https:\/\/www.europesays.com\/fr\/wp-json\/wp\/v2\/types\/post"}],"author":[{"embeddable":true,"href":"https:\/\/www.europesays.com\/fr\/wp-json\/wp\/v2\/users\/2"}],"replies":[{"embeddable":true,"href":"https:\/\/www.europesays.com\/fr\/wp-json\/wp\/v2\/comments?post=430316"}],"version-history":[{"count":0,"href":"https:\/\/www.europesays.com\/fr\/wp-json\/wp\/v2\/posts\/430316\/revisions"}],"wp:featuredmedia":[{"embeddable":true,"href":"https:\/\/www.europesays.com\/fr\/wp-json\/wp\/v2\/media\/430317"}],"wp:attachment":[{"href":"https:\/\/www.europesays.com\/fr\/wp-json\/wp\/v2\/media?parent=430316"}],"wp:term":[{"taxonomy":"category","embeddable":true,"href":"https:\/\/www.europesays.com\/fr\/wp-json\/wp\/v2\/categories?post=430316"},{"taxonomy":"post_tag","embeddable":true,"href":"https:\/\/www.europesays.com\/fr\/wp-json\/wp\/v2\/tags?post=430316"}],"curies":[{"name":"wp","href":"https:\/\/api.w.org\/{rel}","templated":true}]}}