{"id":430318,"date":"2025-10-01T05:06:16","date_gmt":"2025-10-01T05:06:16","guid":{"rendered":"https:\/\/www.europesays.com\/fr\/430318\/"},"modified":"2025-10-01T05:06:16","modified_gmt":"2025-10-01T05:06:16","slug":"info-rtl-etudier-a-letranger-les-etats-unis-ne-font-plus-rever-les-etudiants-francais","status":"publish","type":"post","link":"https:\/\/www.europesays.com\/fr\/430318\/","title":{"rendered":"INFO RTL &#8211; \u00c9tudier \u00e0 l\u2019\u00e9tranger : les \u00c9tats-Unis ne font plus r\u00eaver les \u00e9tudiants fran\u00e7ais"},"content":{"rendered":"<p class=\"article-p mdl\">Les \u00c9tats-Unis <strong>font moins r\u00eaver les jeunes Fran\u00e7ais<\/strong> pour leurs \u00e9tudes \u00e0 l\u2019\u00e9tranger. C\u2019est le constat d\u2019une \u00e9tude de L\u2019\u00c9tudiant, r\u00e9v\u00e9l\u00e9e par RTL \u00e0 l\u2019occasion du salon \u00e9tudiant qui se tiendra ce week-end \u00e0 Paris, porte de Versailles.<\/p>\n<p class=\"article-p mdl\">Alors que pr\u00e8s de la moiti\u00e9 des \u00e9tudiants envisageaient les \u00c9tats-Unis en 2024 (49%), <strong>le Canada passe d\u00e9sormais devant avec 51% d\u2019intentions<\/strong> contre 43% l\u2019an pass\u00e9. Les \u00c9tats-Unis arrivent en deuxi\u00e8me position, avec 46%. L\u2019Europe demeure en t\u00eate des destinations, choisie <strong>par 62% des r\u00e9pondants<\/strong> n\u00e9s entre la fin des ann\u00e9es 1990 et 2010, contre 72% l\u2019an dernier.<\/p>\n<p class=\"article-p mdl\">L\u2019\u00e9tude souligne que la tendance \u00e0 voyager pour l\u2019exp\u00e9rience reste forte : 79% des jeunes estiment qu\u2019un s\u00e9jour \u00e0 l\u2019\u00e9tranger permet\u00a0<a class=\"link\" href=\"https:\/\/www.rtl.fr\/actu\/debats-societe\/education-comment-faire-progresser-les-eleves-en-langues-etrangeres-7797405240\" target=\"_blank\" rel=\"noopener\">de ma\u00eetriser une nouvelle langue<\/a>, et 74% de d\u00e9couvrir une nouvelle culture.\u00a0<\/p>\n<p class=\"article-p mdl\">Parmi les autres destinations pris\u00e9es, <strong>l\u2019Australie s\u00e9duit un \u00e9tudiant sur cinq<\/strong>, gr\u00e2ce \u00e0 sa politique favorable aux \u00e9tudiants \u00e9trangers. La Chine gagne \u00e9galement du terrain, passant de 5% \u00e0 12% des intentions de d\u00e9part en un an.<\/p>\n<p class=\"article-p mdl\">Le contexte g\u00e9opolitique joue un r\u00f4le croissant dans le choix des destinations, <strong>avec 36% des \u00e9tudiants qui en tiennent compte<\/strong>. La qualit\u00e9 de vie reste \u00e9galement importante (60%), tout comme la culture du pays (74%). Enfin,\u00a0<a class=\"link\" href=\"https:\/\/www.rtl.fr\/actu\/economie-consommation\/loyer-transport-inscription-le-cout-de-la-vie-etudiante-a-augmente-de-plus-de-800-euros-en-un-an-selon-l-unef-7900530892\" target=\"_blank\" rel=\"noopener\">les questions financi\u00e8res<\/a>\u00a0constituent toujours le principal frein au d\u00e9part \u00e0 l\u2019\u00e9tranger : 81% des sond\u00e9s citent le budget comme obstacle, contre 68% l\u2019an pass\u00e9.<\/p>\n<p>    La r\u00e9daction vous recommande<\/p>\n<p class=\"s-newsletter__title\">\n                L\u2019actualit\u00e9 par la r\u00e9daction de RTL dans votre bo\u00eete mail.\n            <\/p>\n<p class=\"s-newsletter__subtitle\">\n                Gr\u00e2ce \u00e0 votre compte RTL abonnez-vous \u00e0 la newsletter RTL info pour suivre toute l&rsquo;actualit\u00e9 au quotidien\n            <\/p>\n<p>\n                                    Lire la suite\n                                <\/p>\n","protected":false},"excerpt":{"rendered":"Les \u00c9tats-Unis font moins r\u00eaver les jeunes Fran\u00e7ais pour leurs \u00e9tudes \u00e0 l\u2019\u00e9tranger. C\u2019est le constat d\u2019une \u00e9tude&hellip;\n","protected":false},"author":2,"featured_media":430319,"comment_status":"","ping_status":"","sticky":false,"template":"","format":"standard","meta":{"footnotes":""},"categories":[1589],"tags":[11,574,73,1866,18087,36120,674,107,12,362,1864,1865,5768,1863,308],"class_list":{"0":"post-430318","1":"post","2":"type-post","3":"status-publish","4":"format-standard","5":"has-post-thumbnail","7":"category-etats-unis","8":"tag-actualites","9":"tag-canada","10":"tag-etats-unis","11":"tag-etats-unis-damerique","12":"tag-etranger","13":"tag-etudes-superieures","14":"tag-europe","15":"tag-fil-info","16":"tag-news","17":"tag-replay","18":"tag-united-states","19":"tag-united-states-of-america","20":"tag-universite","21":"tag-us","22":"tag-usa"},"share_on_mastodon":{"url":"https:\/\/pubeurope.com\/@fr\/115297175763559718","error":""},"_links":{"self":[{"href":"https:\/\/www.europesays.com\/fr\/wp-json\/wp\/v2\/posts\/430318","targetHints":{"allow":["GET"]}}],"collection":[{"href":"https:\/\/www.europesays.com\/fr\/wp-json\/wp\/v2\/posts"}],"about":[{"href":"https:\/\/www.europesays.com\/fr\/wp-json\/wp\/v2\/types\/post"}],"author":[{"embeddable":true,"href":"https:\/\/www.europesays.com\/fr\/wp-json\/wp\/v2\/users\/2"}],"replies":[{"embeddable":true,"href":"https:\/\/www.europesays.com\/fr\/wp-json\/wp\/v2\/comments?post=430318"}],"version-history":[{"count":0,"href":"https:\/\/www.europesays.com\/fr\/wp-json\/wp\/v2\/posts\/430318\/revisions"}],"wp:featuredmedia":[{"embeddable":true,"href":"https:\/\/www.europesays.com\/fr\/wp-json\/wp\/v2\/media\/430319"}],"wp:attachment":[{"href":"https:\/\/www.europesays.com\/fr\/wp-json\/wp\/v2\/media?parent=430318"}],"wp:term":[{"taxonomy":"category","embeddable":true,"href":"https:\/\/www.europesays.com\/fr\/wp-json\/wp\/v2\/categories?post=430318"},{"taxonomy":"post_tag","embeddable":true,"href":"https:\/\/www.europesays.com\/fr\/wp-json\/wp\/v2\/tags?post=430318"}],"curies":[{"name":"wp","href":"https:\/\/api.w.org\/{rel}","templated":true}]}}