{"id":430326,"date":"2025-10-01T05:10:17","date_gmt":"2025-10-01T05:10:17","guid":{"rendered":"https:\/\/www.europesays.com\/fr\/430326\/"},"modified":"2025-10-01T05:10:17","modified_gmt":"2025-10-01T05:10:17","slug":"externalisation-des-frontieres-ue-libye-un-tournant","status":"publish","type":"post","link":"https:\/\/www.europesays.com\/fr\/430326\/","title":{"rendered":"Externalisation des fronti\u00e8res UE Libye : un tournant"},"content":{"rendered":"<p><a href=\"https:\/\/lediplomate.media\/2025\/10\/telegramme-diplomate-libye-paradoxe-securite-externalisee\/giuseppe-gagliano\/monde\/europe\/?print=pdf\" class=\"pdfprnt-button pdfprnt-button-pdf\" target=\"_blank\" rel=\"noopener\"><a href=\"https:\/\/lediplomate.media\/2025\/10\/telegramme-diplomate-libye-paradoxe-securite-externalisee\/giuseppe-gagliano\/monde\/europe\/?print=print\" class=\"pdfprnt-button pdfprnt-button-print\" target=\"_blank\" rel=\"noopener\"><img decoding=\"async\" src=\"https:\/\/www.europesays.com\/fr\/wp-content\/uploads\/2025\/08\/print.png\" alt=\"externalisation des fronti\u00e8res UE Libye\" title=\"Contenu imprim\u00e9\"\/>Imprimer l\u2019article<\/a><br \/>\n<img fetchpriority=\"high\" decoding=\"async\" width=\"1024\" height=\"536\" src=\"https:\/\/www.europesays.com\/fr\/wp-content\/uploads\/2025\/10\/Image-LD-4-copie-10-1024x536.png\" alt=\"externalisation des fronti\u00e8res UE Libye\" class=\"wp-image-15421\"  \/><\/p>\n<p><strong>Par Giuseppe Gagliano, Pr\u00e9sident du Centro Studi Strategici Carlo De Cristoforis (C\u00f4me, Italie)\u00a0<\/strong><\/p>\n<p><strong>L\u2019affaire\u00a0Ocean Viking\u00a0et la question des financements<\/strong><\/p>\n<p>Fin ao\u00fbt, lorsqu\u2019une vedette libyenne a ouvert le feu pendant vingt minutes contre le navire de sauvetage\u00a0Ocean Vikingdans les eaux internationales, l\u2019\u00e9pisode aurait pu marquer un tournant dans la politique europ\u00e9enne envers Tripoli. Pourtant, quelques semaines plus tard, la Commission europ\u00e9enne a rejet\u00e9 la demande de plus de quarante ONG de suspendre les fonds destin\u00e9s \u00e0 la Garde-c\u00f4ti\u00e8re libyenne. Bruxelles a confirm\u00e9 le soutien lanc\u00e9 en 2017 \u2013 environ 46 millions d\u2019euros \u2013 en affirmant : \u00ab si nous voulons am\u00e9liorer la situation, il est important de continuer \u00e0 nous engager \u00bb. Une d\u00e9claration qui illustre le choix de rester attach\u00e9 \u00e0 une coop\u00e9ration qui n\u2019a jamais vraiment r\u00e9solu le probl\u00e8me.<\/p>\n<p><strong>\u00c0 lire aussi :<\/strong> <a href=\"https:\/\/lediplomate.media\/2025\/03\/trump-bukele-accord-migratoire-inedit-salvador-amerique\/angelique-bouchard\/monde\/etats-unis\/\" target=\"_blank\" rel=\"noreferrer noopener\">ANALYSE \u2013 Trump et Bukele scellent un accord migratoire in\u00e9dit : Le Salvador, nouvelle prison offshore de l\u2019Am\u00e9rique ?<\/a><\/p>\n<p><strong>Une M\u00e9diterran\u00e9e partag\u00e9e entre humanit\u00e9 et contr\u00f4le des flux<\/strong><\/p>\n<p>Le c\u0153ur du dilemme europ\u00e9en r\u00e9side dans la n\u00e9cessit\u00e9 de contenir les flux migratoires irr\u00e9guliers vers les c\u00f4tes italiennes et maltaises tout en respectant les conventions sur le sauvetage en mer et les droits des migrants. D\u00e9l\u00e9guer \u00e0 un pays instable comme la Libye la surveillance de la M\u00e9diterran\u00e9e centrale a signifi\u00e9, de fait, transf\u00e9rer aussi la responsabilit\u00e9 politique de ce qui s\u2019y passe. Mais lorsque, comme dans le cas de l\u2019Ocean Viking, une intervention se traduit par une violence l\u00e9tale contre des civils et des humanitaires, l\u2019Europe ne peut plus invoquer la seule autonomie des autorit\u00e9s libyennes.<\/p>\n<p><strong>\u00c0 lire aussi :<\/strong> <a href=\"https:\/\/lediplomate.media\/2024\/12\/lart-de-la-zone-grise-levolution-des-tactiques-maritimes-chinoises-en-mer-de-chine\/olivierdauzon\/monde\/asie-oceanie\/\" target=\"_blank\" rel=\"noreferrer noopener\">L\u2019Art de la Zone Grise : L\u2019\u00c9volution des Tactiques Maritimes Chinoises en Mer de Chine<\/a><\/p>\n<p><strong>La logique de l\u2019externalisation et ses limites<\/strong><\/p>\n<p>Depuis 2017, sous impulsion italienne, l\u2019UE a privil\u00e9gi\u00e9 ladite externalisation des fronti\u00e8res : fournir moyens, formation et fonds aux garde-c\u00f4tes de pays tiers afin qu\u2019ils interceptent les migrants avant qu\u2019ils n\u2019atteignent les eaux europ\u00e9ennes. Ce choix a r\u00e9duit les arriv\u00e9es au Sud mais a multipli\u00e9 les accusations de complicit\u00e9 dans des abus, d\u00e9tentions arbitraires et refoulements collectifs. L\u2019affaire\u00a0Ocean Viking\u00a0d\u00e9montre combien cette strat\u00e9gie n\u2019a pas relev\u00e9 les standards op\u00e9rationnels libyens, laissant intacts les risques humanitaires et juridiques.<\/p>\n<p><strong>\u00c0 lire aussi :<\/strong> <a href=\"https:\/\/lediplomate.media\/2025\/03\/ue-cooperation-afrique-du-sud\/olivierdauzon\/monde\/afrique\/\" target=\"_blank\" rel=\"noreferrer noopener\">ANALYSE \u2013 L\u2019UE intensifie sa coop\u00e9ration avec l\u2019Afrique du Sud alors que les relations avec les \u00c9tats-Unis se d\u00e9t\u00e9riorent<\/a><\/p>\n<p><strong>Enjeux g\u00e9opolitiques et \u00e9conomiques<\/strong><\/p>\n<p>Derri\u00e8re les d\u00e9cisions europ\u00e9ennes se cache aussi un calcul g\u00e9opolitique : suspendre les financements reviendrait \u00e0 c\u00e9der le terrain \u00e0 d\u2019autres acteurs \u2013 Turquie, Russie, \u00c9gypte \u2013 qui cherchent \u00e0 renforcer leur influence sur les c\u00f4tes libyennes et sur le trafic maritime. Bruxelles pr\u00e9f\u00e8re rester pr\u00e9sente, quitte \u00e0 payer un co\u00fbt en r\u00e9putation. La coop\u00e9ration avec Tripoli repr\u00e9sente \u00e9galement un enjeu \u00e9conomique : fourniture de vedettes, programmes de formation, projets d\u2019infrastructures financ\u00e9s par des fonds europ\u00e9ens et italiens. Interrompre ces flux aurait un impact sur les entreprises concern\u00e9es et sur les \u00e9quilibres locaux de pouvoir.<\/p>\n<p><strong>\u00c0 lire aussi :<\/strong> <a href=\"https:\/\/lediplomate.media\/2024\/04\/mer-de-chine-meridionale-les-philippines-se-tournent-vers-les-etats-unis-pour-faire-face-aux-revendications-territoriales-chinoises\/olivierdauzon\/monde\/\" target=\"_blank\" rel=\"noreferrer noopener\">Mer de Chine m\u00e9ridionale\u00a0: Les Philippines se tournent vers les \u00c9tats-Unis pour faire face aux revendications territoriales chinoises\u00a0<\/a><\/p>\n<p><strong>S\u00e9curit\u00e9 contre droits : Un \u00e9quilibre instable<\/strong><\/p>\n<p>Le paradoxe demeure : pour prot\u00e9ger ses fronti\u00e8res, l\u2019Union europ\u00e9enne accepte de s\u2019appuyer sur un partenaire qui ne garantit pas le respect minimal des droits humains, au nom d\u2019une stabilit\u00e9 souvent illusoire. Chaque incident, tel celui de l\u2019Ocean Viking, \u00e9rode la cr\u00e9dibilit\u00e9 europ\u00e9enne et ravive le d\u00e9bat interne entre \u00c9tats membres partisans de la fermet\u00e9 et pays plus sensibles aux imp\u00e9ratifs humanitaires. Faute d\u2019un m\u00e9canisme commun de recherche-sauvetage et de voies l\u00e9gales d\u2019entr\u00e9e, Bruxelles continuera d\u2019\u00e9voluer dans un entre-deux : payer pour contenir les flux, sans pouvoir exiger r\u00e9ellement le respect des r\u00e8gles.<\/p>\n<p><strong>\u00c0 lire aussi :<\/strong> <a href=\"https:\/\/lediplomate.media\/2025\/06\/analyse-iran-israel-derriere-missiles-guerre-silencieuse-routes-mondiales\/olivierdauzon\/monde\/\" target=\"_blank\" rel=\"noreferrer noopener\">ANALYSE \u2013 Iran\u2013Isra\u00ebl : Derri\u00e8re les missiles, la guerre silencieuse des routes mondiales\u2026<\/a><\/p>\n<p>#UE, #UnionEurop\u00e9enne, #Bruxelles, #Libye, #Migration, #Migrants, #OceanViking, #ONG, #DroitsHumains, #CriseMigratoire, #M\u00e9diterran\u00e9e, #Italie, #Malte, #S\u00e9curit\u00e9Europ\u00e9enne, #Fronti\u00e8res, #GardeC\u00f4ti\u00e8re, #Externalisation, #ParadoxeEurop\u00e9en, #PolitiqueMigratoire, #CriseHumanitaire, #Tripoli, #G\u00e9opolitique, #Russie, #Turquie, #\u00c9gypte, #EuropeAfrique, #Immigration, #Conflits, #Abus, #D\u00e9tention, #Refoulement, #MerM\u00e9diterran\u00e9e, #Sauvetage, #R\u00e9putationEurop\u00e9enne, #Financement, #Stabilit\u00e9, #Influence, #DilemmeEurop\u00e9en, #S\u00e9curit\u00e9VsDroits, #Diplomatie<\/p>\n<p><img loading=\"lazy\" decoding=\"async\" src=\"https:\/\/www.europesays.com\/fr\/wp-content\/uploads\/2025\/10\/Giuseppe-Gagliano.jpg\" width=\"100\" height=\"100\" alt=\"externalisation des fronti\u00e8res UE Libye\" itemprop=\"image\"\/><\/p>\n","protected":false},"excerpt":{"rendered":"Imprimer l\u2019article Par Giuseppe Gagliano, Pr\u00e9sident du Centro Studi Strategici Carlo De Cristoforis (C\u00f4me, Italie)\u00a0 L\u2019affaire\u00a0Ocean Viking\u00a0et la&hellip;\n","protected":false},"author":2,"featured_media":430327,"comment_status":"","ping_status":"","sticky":false,"template":"","format":"standard","meta":{"footnotes":""},"categories":[1586],"tags":[11,1020,1777,674,1779,1011,27,1061,6734,12,25,10364,1778,364],"class_list":{"0":"post-430326","1":"post","2":"type-post","3":"status-publish","4":"format-standard","5":"has-post-thumbnail","7":"category-europe","8":"tag-actualites","9":"tag-analyse","10":"tag-eu","11":"tag-europe","12":"tag-european-union","13":"tag-fr","14":"tag-france","15":"tag-immigration","16":"tag-immigration-clandestine","17":"tag-news","18":"tag-republique-francaise","19":"tag-security","20":"tag-ue","21":"tag-union-europeenne"},"share_on_mastodon":{"url":"https:\/\/pubeurope.com\/@fr\/115297191803041879","error":""},"_links":{"self":[{"href":"https:\/\/www.europesays.com\/fr\/wp-json\/wp\/v2\/posts\/430326","targetHints":{"allow":["GET"]}}],"collection":[{"href":"https:\/\/www.europesays.com\/fr\/wp-json\/wp\/v2\/posts"}],"about":[{"href":"https:\/\/www.europesays.com\/fr\/wp-json\/wp\/v2\/types\/post"}],"author":[{"embeddable":true,"href":"https:\/\/www.europesays.com\/fr\/wp-json\/wp\/v2\/users\/2"}],"replies":[{"embeddable":true,"href":"https:\/\/www.europesays.com\/fr\/wp-json\/wp\/v2\/comments?post=430326"}],"version-history":[{"count":0,"href":"https:\/\/www.europesays.com\/fr\/wp-json\/wp\/v2\/posts\/430326\/revisions"}],"wp:featuredmedia":[{"embeddable":true,"href":"https:\/\/www.europesays.com\/fr\/wp-json\/wp\/v2\/media\/430327"}],"wp:attachment":[{"href":"https:\/\/www.europesays.com\/fr\/wp-json\/wp\/v2\/media?parent=430326"}],"wp:term":[{"taxonomy":"category","embeddable":true,"href":"https:\/\/www.europesays.com\/fr\/wp-json\/wp\/v2\/categories?post=430326"},{"taxonomy":"post_tag","embeddable":true,"href":"https:\/\/www.europesays.com\/fr\/wp-json\/wp\/v2\/tags?post=430326"}],"curies":[{"name":"wp","href":"https:\/\/api.w.org\/{rel}","templated":true}]}}