{"id":430330,"date":"2025-10-01T05:12:14","date_gmt":"2025-10-01T05:12:14","guid":{"rendered":"https:\/\/www.europesays.com\/fr\/430330\/"},"modified":"2025-10-01T05:12:14","modified_gmt":"2025-10-01T05:12:14","slug":"ce-match-ma-enleve-beaucoup-denergie-souffle-roberto-de-zerbi-apres-la-victoire-de-ses-hommes","status":"publish","type":"post","link":"https:\/\/www.europesays.com\/fr\/430330\/","title":{"rendered":"\u00ab\u00a0Ce match m&rsquo;a enlev\u00e9 beaucoup d&rsquo;\u00e9nergie\u00a0\u00bb, souffle Roberto De Zerbi apr\u00e8s la victoire de ses hommes"},"content":{"rendered":"<p><strong>Vous devez \u00eatre satisfait de la prestation d&rsquo;Igor Paixao, auteur d&rsquo;un doubl\u00e9 et d&rsquo;une passe d\u00e9cisive ?\u00a0<\/strong>&#13;\n<\/p>\n<p>Les critiques \u00e0 Marseille, c&rsquo;est comme le soleil, il y en a toujours. Quand on ne sait pas quoi \u00e9crire, on cherche \u00e0 critiquer. Avec le staff technique, on a cherch\u00e9 \u00e0 augmenter son temps de jeu au fur et \u00e0 mesure et ce soir il a marqu\u00e9. D\u00e9j\u00e0 \u00e0 Strasbourg, on a vu des choses diff\u00e9rentes. Les buts servent aux attaquants, je suis tr\u00e8s content.<\/p>\n<p><strong>Pouvez-vous nous expliquer les raisons pour lesquelles vous avez chang\u00e9 votre onze de d\u00e9part ?\u00a0<\/strong>&#13;\n<\/p>\n<p>J&rsquo;ai d\u00fb me forcer pour sortir Hojbjerg du onze de d\u00e9part. Il a encha\u00een\u00e9 trois matches avec beaucoup d&rsquo;activit\u00e9 et une grosse d\u00e9pense d&rsquo;\u00e9nergie. Je voudrais que tous mes joueurs soient protagonistes. L&rsquo;id\u00e9e de faire jouer Vermeeren, qui est tr\u00e8s jeune et tr\u00e8s fort, ainsi que Nadir \u00e9tait l\u00e0. C&rsquo;\u00e9tait une bonne id\u00e9e de faire entrer Weah pour donner un coup de main \u00e0 Pavard. J&rsquo;esp\u00e8re que ce n&rsquo;est pas trop grave pour Medina, je n&rsquo;ai pas de nouvelles, c&rsquo;est une entorse de la cheville mais on ne conna\u00eet pas la gravit\u00e9 de la blessure. J&rsquo;ai sorti Paixao et O&rsquo;Riley trop vite. Mais on n&rsquo;est pas dans une condition optimale. Je me suis dit que je n&rsquo;allais pas prendre de risque avec Balerdi.<\/p>\n<p><strong>Arthur Vermeeren a fait un grand match. Pourquoi l&rsquo;avez-vous titularis\u00e9 ?\u00a0<\/strong>&#13;\n<\/p>\n<p>Je vous l&rsquo;ai dit, il a jou\u00e9 parce que Hojbjerg ne peut pas faire tous les matches. On ne doit pas avoir peur d&rsquo;utiliser les autres joueurs de l&rsquo;effectif. On doit donner \u00e0 tout le monde le m\u00eame respect et la m\u00eame attention.\u00a0<\/p>\n<p><strong>Est-ce que ce r\u00e9sultat vous fait dire que vous \u00eates \u00e0 votre place en Ligue des champions?<\/strong>&#13;\n<\/p>\n<p>Non, on doit penser \u00e0 Metz, \u00e0 s&rsquo;am\u00e9liorer. Quand on fera 90 minutes comme la premi\u00e8re p\u00e9riode, \u00e7a voudra dire qu&rsquo;on s&rsquo;est am\u00e9lior\u00e9. On sera sur la bonne voie. On a gagn\u00e9 un match, on a un autre match difficile \u00e0 Metz, contre une \u00e9quipe vive, physique, qui sait d\u00e9fendre.<\/p>\n<p><strong>\u00cates-vous d&rsquo;accord pour dire qu&rsquo;il y a eu un d\u00e9clic \u00e0 Madrid ?<\/strong>&#13;\n<\/p>\n<p>Non, je pense que quelque chose a chang\u00e9 quand le mercato s&rsquo;est termin\u00e9, quand Aguerd, Pavard, O&rsquo;Riley, Traor\u00e9, Vermeeren sont arriv\u00e9s. Le d\u00e9clic vient de l\u00e0. La bonne humeur est revenue, l&rsquo;optimisme aussi. J&rsquo;aime la fa\u00e7on de travailler de mes joueurs, le plaisir qu&rsquo;ils prennent et la relation qu&rsquo;ils cr\u00e9ent avec les supporters. Aubameyang a enlev\u00e9 son brassard quand Hojbjerg est rentr\u00e9, et il a eu l&rsquo;humilit\u00e9 de le donner \u00e0 Hojbjerg sans que personne ne le lui ai demand\u00e9.<\/p>\n<p><strong>L&rsquo;Ajax a-t-elle \u00e9t\u00e9 trop na\u00efve ?\u00a0<\/strong>&#13;\n<\/p>\n<p>L&rsquo;Ajax a fait un bon match en fonction de ses qualit\u00e9s et de son histoire. Il y a des joueurs forts comme Gloukh ou Mokio, pareil pour Baas, Taylor, Klaassen, Godts&#8230; Le probl\u00e8me, c&rsquo;est que l&rsquo;OM a mieux jou\u00e9. Marseille est une grande \u00e9quipe, on a des joueurs importants et on a agress\u00e9 l&rsquo;Ajax. Je n&rsquo;ai pas vu de mauvaises choses de l&rsquo;Ajax, on a surtout tr\u00e8s bien jou\u00e9 en premi\u00e8re mi-temps. En deuxi\u00e8me p\u00e9riode, on a recul\u00e9, on a commenc\u00e9 \u00e0 jouer avec le chronom\u00e8tre, et ce n&rsquo;\u00e9tait pas aussi bien.<\/p>\n<p><strong>Comment vous sentez-vous apr\u00e8s cette victoire ?\u00a0<\/strong>&#13;\n<\/p>\n<p>Je me sens fatigu\u00e9, ce match m&rsquo;a enlev\u00e9 beaucoup d&rsquo;\u00e9nergie. J&rsquo;avais peur de Gloukh et de Klaassen. On est rest\u00e9 au t\u00e9l\u00e9phone jusqu&rsquo;\u00e0 minuit lundi avec le staff, on a tout chang\u00e9 ce mardi matin.\u00a0<\/p>\n","protected":false},"excerpt":{"rendered":"Vous devez \u00eatre satisfait de la prestation d&rsquo;Igor Paixao, auteur d&rsquo;un doubl\u00e9 et d&rsquo;une passe d\u00e9cisive ?\u00a0&#13; Les&hellip;\n","protected":false},"author":2,"featured_media":430331,"comment_status":"","ping_status":"","sticky":false,"template":"","format":"standard","meta":{"footnotes":""},"categories":[2],"tags":[51912,17,11,26056,17488,42820,1011,27,22636,955,12,149,55594,25],"class_list":{"0":"post-430330","1":"post","2":"type-post","3":"status-publish","4":"format-standard","5":"has-post-thumbnail","7":"category-actualites","8":"tag-4-0","9":"tag-17","10":"tag-actualites","11":"tag-beaucoup","12":"tag-ce","13":"tag-enleve","14":"tag-fr","15":"tag-france","16":"tag-ma","17":"tag-match","18":"tag-news","19":"tag-om","20":"tag-om-ajax","21":"tag-republique-francaise"},"share_on_mastodon":{"url":"https:\/\/pubeurope.com\/@fr\/115297199368982989","error":""},"_links":{"self":[{"href":"https:\/\/www.europesays.com\/fr\/wp-json\/wp\/v2\/posts\/430330","targetHints":{"allow":["GET"]}}],"collection":[{"href":"https:\/\/www.europesays.com\/fr\/wp-json\/wp\/v2\/posts"}],"about":[{"href":"https:\/\/www.europesays.com\/fr\/wp-json\/wp\/v2\/types\/post"}],"author":[{"embeddable":true,"href":"https:\/\/www.europesays.com\/fr\/wp-json\/wp\/v2\/users\/2"}],"replies":[{"embeddable":true,"href":"https:\/\/www.europesays.com\/fr\/wp-json\/wp\/v2\/comments?post=430330"}],"version-history":[{"count":0,"href":"https:\/\/www.europesays.com\/fr\/wp-json\/wp\/v2\/posts\/430330\/revisions"}],"wp:featuredmedia":[{"embeddable":true,"href":"https:\/\/www.europesays.com\/fr\/wp-json\/wp\/v2\/media\/430331"}],"wp:attachment":[{"href":"https:\/\/www.europesays.com\/fr\/wp-json\/wp\/v2\/media?parent=430330"}],"wp:term":[{"taxonomy":"category","embeddable":true,"href":"https:\/\/www.europesays.com\/fr\/wp-json\/wp\/v2\/categories?post=430330"},{"taxonomy":"post_tag","embeddable":true,"href":"https:\/\/www.europesays.com\/fr\/wp-json\/wp\/v2\/tags?post=430330"}],"curies":[{"name":"wp","href":"https:\/\/api.w.org\/{rel}","templated":true}]}}