{"id":430338,"date":"2025-10-01T05:17:14","date_gmt":"2025-10-01T05:17:14","guid":{"rendered":"https:\/\/www.europesays.com\/fr\/430338\/"},"modified":"2025-10-01T05:17:14","modified_gmt":"2025-10-01T05:17:14","slug":"tennis-alcaraz-victime-de-problemes-physiques-forfait-pour-le-masters-1000-de-shanghai","status":"publish","type":"post","link":"https:\/\/www.europesays.com\/fr\/430338\/","title":{"rendered":"Tennis : Alcaraz, victime de \u00ab\u00a0probl\u00e8mes physiques\u00a0\u00bb, forfait pour le Masters 1000 de Shanghai"},"content":{"rendered":"<p class=\"wcl-typoNewsPerex_JFWVr fp-perex_59joV\" data-testid=\"wcl-typoNewsPerex\" itemprop=\"description\">L&rsquo;Espagnol Carlos Alcaraz, tout juste vainqueur du tournoi ATP 500 de Tokyo, a annonc\u00e9 ce mardi son forfait pour le Masters 1000 de Shanghai qui d\u00e9bute mercredi, en raison de \u00ab\u00a0probl\u00e8mes physiques\u00a0\u00bb.<\/p>\n<p><b>\u00ab\u00a0Je souffre de probl\u00e8mes physiques et apr\u00e8s en avoir discut\u00e9 avec mon \u00e9quipe, nous pensons que la meilleure d\u00e9cision est de me reposer pour gu\u00e9rir\u00a0\u00bb<\/b>, a expliqu\u00e9 sur son compte Instagram le N\u00b01 mondial.<\/p>\n<p><b><a href=\"https:\/\/www.flashscore.fr\/joueur\/alcaraz-garfia-carlos\/UkhgIFEq\/\" target=\"_blank\" data-analytics-element=\"ARTICLE_TEXT_LINK\" data-analytics-alias=\"internal\" rel=\"nofollow noopener\">Alcaraz<\/a><\/b> s&rsquo;\u00e9tait tordu la cheville gauche d\u00e8s le cinqui\u00e8me jeu au premier tour du tournoi japonais contre l&rsquo;Argentin <b><a href=\"https:\/\/www.flashscore.fr\/joueur\/baez-sebastian\/dd8jLjtO\/\" target=\"_blank\" data-analytics-element=\"ARTICLE_TEXT_LINK\" data-analytics-alias=\"internal\" rel=\"nofollow noopener\">Baez<\/a><\/b>, en d\u00e9marrant une course vers l&rsquo;avant.<\/p>\n<p>Grima\u00e7ant de douleur, il s&rsquo;\u00e9tait allong\u00e9 sur le court, avant de reprendre le jeu apr\u00e8s s&rsquo;\u00eatre fait bander la cheville. Celle-ci \u00e9tait toujours prot\u00e9g\u00e9e d&rsquo;un bandage pendant la finale, remport\u00e9e <a href=\"https:\/\/www.flashscore.fr\/actualites\/tennis-tokyo-atp-simples-alcaraz-bat-fritz-en-finale-du-tournoi-de-tokyo-et-s-offre-un-8-titre-en-2025\/fXIwxo5S\/\" target=\"_blank\" data-analytics-element=\"ARTICLE_TEXT_LINK\" data-analytics-alias=\"internal\" rel=\"nofollow noopener\">ce mardi<\/a> par\u00a0<b>Alcaraz<\/b> face \u00e0 l&rsquo;Am\u00e9ricain <b><a href=\"https:\/\/www.flashscore.fr\/joueur\/fritz-taylor\/UH09iaZ6\/\" target=\"_blank\" data-analytics-element=\"ARTICLE_TEXT_LINK\" data-analytics-alias=\"internal\" rel=\"nofollow noopener\">Taylor Fritz<\/a><\/b> (6-4, 6-4).<\/p>\n<p>\u00c0 22 ans, le Murcien a enlev\u00e9 son huiti\u00e8me tournoi de l&rsquo;ann\u00e9e et son 24\u1d49 titre sur le circuit, dont six tournois du Grand Chelem.<\/p>\n<p>Malgr\u00e9 son absence \u00e0 <b>Shanghai<\/b>, <b>Alcaraz<\/b> est assur\u00e9 de conserver sa place de N\u00b01 mondial \u00e0 l&rsquo;issue du Masters 1000 chinois : son dauphin, l&rsquo;Italien <b><a href=\"https:\/\/www.flashscore.fr\/joueur\/sinner-jannik\/6HdC3z4H\/\" target=\"_blank\" data-analytics-element=\"ARTICLE_TEXT_LINK\" data-analytics-alias=\"internal\" rel=\"nofollow noopener\">Jannik Sinner<\/a><\/b>, en est le tenant du titre et ne peut pas y prendre de points. L&rsquo;Espagnol, quart de finaliste l&rsquo;an dernier, n&rsquo;en perdra que 180.<\/p>\n","protected":false},"excerpt":{"rendered":"L&rsquo;Espagnol Carlos Alcaraz, tout juste vainqueur du tournoi ATP 500 de Tokyo, a annonc\u00e9 ce mardi son forfait&hellip;\n","protected":false},"author":2,"featured_media":430339,"comment_status":"","ping_status":"","sticky":false,"template":"","format":"standard","meta":{"footnotes":""},"categories":[1415],"tags":[1011,27,60,1467],"class_list":{"0":"post-430338","1":"post","2":"type-post","3":"status-publish","4":"format-standard","5":"has-post-thumbnail","7":"category-tennis","8":"tag-fr","9":"tag-france","10":"tag-sports","11":"tag-tennis"},"share_on_mastodon":{"url":"https:\/\/pubeurope.com\/@fr\/115297218930829821","error":""},"_links":{"self":[{"href":"https:\/\/www.europesays.com\/fr\/wp-json\/wp\/v2\/posts\/430338","targetHints":{"allow":["GET"]}}],"collection":[{"href":"https:\/\/www.europesays.com\/fr\/wp-json\/wp\/v2\/posts"}],"about":[{"href":"https:\/\/www.europesays.com\/fr\/wp-json\/wp\/v2\/types\/post"}],"author":[{"embeddable":true,"href":"https:\/\/www.europesays.com\/fr\/wp-json\/wp\/v2\/users\/2"}],"replies":[{"embeddable":true,"href":"https:\/\/www.europesays.com\/fr\/wp-json\/wp\/v2\/comments?post=430338"}],"version-history":[{"count":0,"href":"https:\/\/www.europesays.com\/fr\/wp-json\/wp\/v2\/posts\/430338\/revisions"}],"wp:featuredmedia":[{"embeddable":true,"href":"https:\/\/www.europesays.com\/fr\/wp-json\/wp\/v2\/media\/430339"}],"wp:attachment":[{"href":"https:\/\/www.europesays.com\/fr\/wp-json\/wp\/v2\/media?parent=430338"}],"wp:term":[{"taxonomy":"category","embeddable":true,"href":"https:\/\/www.europesays.com\/fr\/wp-json\/wp\/v2\/categories?post=430338"},{"taxonomy":"post_tag","embeddable":true,"href":"https:\/\/www.europesays.com\/fr\/wp-json\/wp\/v2\/tags?post=430338"}],"curies":[{"name":"wp","href":"https:\/\/api.w.org\/{rel}","templated":true}]}}