{"id":430340,"date":"2025-10-01T05:19:10","date_gmt":"2025-10-01T05:19:10","guid":{"rendered":"https:\/\/www.europesays.com\/fr\/430340\/"},"modified":"2025-10-01T05:19:10","modified_gmt":"2025-10-01T05:19:10","slug":"motogp-tres-mauvaise-passe-pour-le-francais-tech3-en-chute-libre-depuis-peu","status":"publish","type":"post","link":"https:\/\/www.europesays.com\/fr\/430340\/","title":{"rendered":"MotoGP Tr\u00e8s mauvaise passe pour le Fran\u00e7ais Tech3, en chute libre depuis peu !"},"content":{"rendered":"<p>L\u2019\u00e9quipe Tech3 aura \u00e9t\u00e9, pendant un long moment en premi\u00e8re partie de saison, la seule \u00e0 pouvoir faire fonctionner efficacement la KTM. Maverick Vinal\u00e8s en \u00e9tait le principal artisan, l\u2019Espagnol ayant rapidement trouv\u00e9 le mode d\u2019emploi de sa nouvelle moto -contrairement \u00e0 ses camarades. Puis, malheureusement, l\u2019int\u00e9ress\u00e9 s\u2019est bless\u00e9\u2026<\/p>\n<p>MotoGP : La KTM trop marqu\u00e9e Pedro Acosta ?<\/p>\n<p>Un accident suivi d\u2019une indisponibilit\u00e9 et, encore aujourd\u2019hui, d\u2019une p\u00e9riode difficile, le pilote n\u2019ayant toujours pas retrouv\u00e9 ses facult\u00e9s, \u00e0 100%. Mais dans son malheur, Tech3 voyait En\u00e9a Bastianini hausser son niveau de jeu pour, \u00e0 son tour, encha\u00eener plusieurs bons r\u00e9sultats et podiums. Oui mais voil\u00e0, depuis peu, l\u2019Italien a retrouv\u00e9 le fond de classement, \u00e0 son tour. Et lorsque l\u2019on observe les difficult\u00e9s rencontr\u00e9es, aussi, par le pilote officiel Brad Binder, on se dit que le probl\u00e8me vient de la KTM\u2026<\/p>\n<p>Seul Pedro Acosta, extraterrestre du pilote \u00e0 l\u2019image de Marc Marquez, parvenant \u00e0 s\u2019en sortir. Est-ce dire que, pour offrir une moto plus confortable pour l\u2019Espagnol, le d\u00e9veloppement serait aller dans une direction incompatible avec le style de pilotage des trois autres pilotes ? Impossible de l\u2019affirmer mais difficile de n\u00e9gliger cette hypoth\u00e8se\u2026<\/p>\n<p>Quoiqu\u2019il en soit, pour Tech3, la p\u00e9riode est complexe, d\u2019autant qu\u2019au <a href=\"https:\/\/lemagsportauto.ouest-france.fr\/motogp-apres-le-drapeau-a-damier-de-motegi-le-nouveau-classement-promeut-honda\/109337\/\" target=\"_blank\" rel=\"noopener\">championnat<\/a>, la d\u00e9gringolade se poursuit. Septi\u00e8me du g\u00e9n\u00e9ral et d\u00e9bord\u00e9e r\u00e9cemment par Yamaha, la structure fran\u00e7aise pourrait \u00e9galement se faire passer par le HRC (Honda) et m\u00eame, par le Team satellite Trackhouse (Aprilia).<\/p>\n<p>\u00ab C\u2019\u00e9tait une course tr\u00e8s difficile pour nous, t\u00e9moignait d\u2019ailleurs En\u00e9a Bastianini, apr\u00e8s l\u2019arriv\u00e9e de la course de dimanche, \u00e0 Motegi. Quand on part de l\u2019arri\u00e8re, il faut au moins 7\/8 tours pour essayer de passer les pilotes devant, et on ne peut pas attaquer comme ses rivaux. On ne peut pas freiner o\u00f9 on veut, surtout nous, pilotes KTM, car nous avons des r\u00e9f\u00e9rences diff\u00e9rentes, et on perd du temps. Bref, \u00e0 10 tours de l\u2019arriv\u00e9e, j\u2019avais un peu plus de marge, alors j\u2019ai donn\u00e9 plus pour terminer la course dans de meilleures conditions, mais la 11e place n\u2019est pas une position pour laquelle je veux me battre. \u00bb, ajoutait le pilote italien, frustr\u00e9 de se battre pour de petits points.<\/p>\n<blockquote class=\"twitter-tweet\">\n<p dir=\"ltr\" lang=\"en\">Bastianini fights his way to 11th from P19, Vi\u00f1ales manages P16 after tough Motegi weekend \ud83c\uddef\ud83c\uddf5<\/p>\n<p>\ud83d\udcf0 Race report from Japan \ud83d\udc49 <a href=\"https:\/\/t.co\/r4XoJiIv2Z\">https:\/\/t.co\/r4XoJiIv2Z<\/a><a href=\"https:\/\/twitter.com\/hashtag\/JapaneseGP?src=hash&amp;ref_src=twsrc%5Etfw\" target=\"_blank\" rel=\"noopener\">#JapaneseGP<\/a> <a href=\"https:\/\/twitter.com\/hashtag\/MotoGP?src=hash&amp;ref_src=twsrc%5Etfw\" target=\"_blank\" rel=\"noopener\">#MotoGP<\/a> <a href=\"https:\/\/t.co\/YcJXz0BGbs\">pic.twitter.com\/YcJXz0BGbs<\/a><\/p>\n<p>\u2014 Tech3 Racing (@Tech3Racing) <a href=\"https:\/\/twitter.com\/Tech3Racing\/status\/1972212026488545414?ref_src=twsrc%5Etfw\" target=\"_blank\" rel=\"noopener\">September 28, 2025<\/a><\/p>\n<\/blockquote>\n<p>\u00ab C\u2019\u00e9tait une course tr\u00e8s difficile, mais on a tenu bon, ce qui est bien\u201c, d\u00e9clarait pour sa part, Maverick Vinal\u00e8s, dont les objectifs sont plus modestes, en attendant son retour \u00e0 100%. J\u2019ai ressenti beaucoup de douleur \u00e0 un moment, mais ensuite je me suis rel\u00e2ch\u00e9 un peu pour calmer la situation, et j\u2019ai pu attaquer \u00e0 nouveau pendant les 5\/6 derniers tours. C\u2019\u00e9tait une bonne exp\u00e9rience et un bon entra\u00eenement pour les prochaines courses. Cependant, la moto ne fonctionne pas bien. Je pense que nous ne sollicitons pas les pneus correctement, ce qui explique notre incapacit\u00e9 \u00e0 \u00eatre rapides au Japon. Sur le papier, La KTM est cens\u00e9e \u00eatre tr\u00e8s comp\u00e9titive sur ce circuit, mais ce week-end a \u00e9t\u00e9 l\u2019une de nos courses les plus lentes, ce qui n\u2019est pas normal. Nous avons donc beaucoup de travail \u00e0 faire.\u201d, concluait l\u2019Espagnol, conscient de l\u2019ampleur de la t\u00e2che, se pr\u00e9sentant devant lui.<\/p>\n<p>\u00ab L\u2019\u00e9quipe Red Bull KTM Tech3 quitte le Japon sur une note beaucoup plus positive apr\u00e8s un week-end difficile\u201c, confiait toutefois Nicolas Goyon, Team Manager de l\u2019\u00e9curie Tec3. Une 11e place pour Enea Bastianini n\u2019est \u00e9videmment pas notre objectif, mais nous pouvons la consid\u00e9rer comme une belle r\u00e9compense au vu du week-end global. Son feeling s\u2019est am\u00e9lior\u00e9 aujourd\u2019hui, sa performance avec les pneus neufs en d\u00e9but de course n\u2019\u00e9tait probablement pas optimale, mais il a mieux g\u00e9r\u00e9 la seconde moiti\u00e9 de la course pour terminer \u00e0 une solide 11e place. Je tiens donc \u00e0 le remercier pour son attitude in\u00e9branlable, car nous esp\u00e9rons que la situation s\u2019am\u00e9liorera la semaine prochaine \u00e0 Mandalika. <\/p>\n<p>Du c\u00f4t\u00e9 de Maverick Vi\u00f1ales, le week-end a \u00e9t\u00e9 compliqu\u00e9. Son \u00e9paule est encore un peu faible et il n\u2019a pas pu piloter la moto comme il le souhaitait de tout le week-end. Une 16e place n\u2019est pas notre objectif, mais il a termin\u00e9 la course dans de meilleures conditions, ce qui repr\u00e9sente un pas de plus vers une gu\u00e9rison compl\u00e8te. Il est temps de revenir et de rejoindre Lombok pour la prochaine manche, le Grand Prix d\u2019Indon\u00e9sie, la semaine prochaine ! \u00bb, commentait enfin le tricolore, impatient d\u2019affronter le circuit du Grand-Prix d\u2019Indon\u00e9sie de MotoGP 2025.<\/p>\n<p>Article publi\u00e9 le 01\/10\/2025 \u00e0 6h20<\/p>\n<p>                                                            <script async src=\"https:\/\/platform.twitter.com\/widgets.js\" charset=\"utf-8\"><\/script><\/p>\n","protected":false},"excerpt":{"rendered":"L\u2019\u00e9quipe Tech3 aura \u00e9t\u00e9, pendant un long moment en premi\u00e8re partie de saison, la seule \u00e0 pouvoir faire&hellip;\n","protected":false},"author":2,"featured_media":430341,"comment_status":"","ping_status":"","sticky":false,"template":"","format":"standard","meta":{"footnotes":""},"categories":[1413],"tags":[1011,27,1457,1456,1458,60,1580],"class_list":{"0":"post-430340","1":"post","2":"type-post","3":"status-publish","4":"format-standard","5":"has-post-thumbnail","7":"category-moto","8":"tag-fr","9":"tag-france","10":"tag-moto","11":"tag-motocycle","12":"tag-motogp","13":"tag-sports","14":"tag-tech3"},"share_on_mastodon":{"url":"https:\/\/pubeurope.com\/@fr\/115297226807020736","error":""},"_links":{"self":[{"href":"https:\/\/www.europesays.com\/fr\/wp-json\/wp\/v2\/posts\/430340","targetHints":{"allow":["GET"]}}],"collection":[{"href":"https:\/\/www.europesays.com\/fr\/wp-json\/wp\/v2\/posts"}],"about":[{"href":"https:\/\/www.europesays.com\/fr\/wp-json\/wp\/v2\/types\/post"}],"author":[{"embeddable":true,"href":"https:\/\/www.europesays.com\/fr\/wp-json\/wp\/v2\/users\/2"}],"replies":[{"embeddable":true,"href":"https:\/\/www.europesays.com\/fr\/wp-json\/wp\/v2\/comments?post=430340"}],"version-history":[{"count":0,"href":"https:\/\/www.europesays.com\/fr\/wp-json\/wp\/v2\/posts\/430340\/revisions"}],"wp:featuredmedia":[{"embeddable":true,"href":"https:\/\/www.europesays.com\/fr\/wp-json\/wp\/v2\/media\/430341"}],"wp:attachment":[{"href":"https:\/\/www.europesays.com\/fr\/wp-json\/wp\/v2\/media?parent=430340"}],"wp:term":[{"taxonomy":"category","embeddable":true,"href":"https:\/\/www.europesays.com\/fr\/wp-json\/wp\/v2\/categories?post=430340"},{"taxonomy":"post_tag","embeddable":true,"href":"https:\/\/www.europesays.com\/fr\/wp-json\/wp\/v2\/tags?post=430340"}],"curies":[{"name":"wp","href":"https:\/\/api.w.org\/{rel}","templated":true}]}}