{"id":430342,"date":"2025-10-01T05:20:14","date_gmt":"2025-10-01T05:20:14","guid":{"rendered":"https:\/\/www.europesays.com\/fr\/430342\/"},"modified":"2025-10-01T05:20:14","modified_gmt":"2025-10-01T05:20:14","slug":"le-recit-touchant-du-patron-de-lequipe-cycliste-arkea-bb-hotels-a-quelques-heures-de-mettre-la-cle-sous-la-porte","status":"publish","type":"post","link":"https:\/\/www.europesays.com\/fr\/430342\/","title":{"rendered":"le r\u00e9cit touchant du patron de l\u2019\u00e9quipe cycliste Ark\u00e9a-B&#038;B H\u00f4tels \u00e0 quelques heures de mettre la cl\u00e9 sous la porte"},"content":{"rendered":"<p>Emmanuel Hubert, le manager de la formation bretonne, se donne jusqu\u2019\u00e0 ce mercredi soir pour sauver son \u00e9quipe au bord de la disparition. Le sort de 140 personnes est en jeu.<\/p>\n<p class=\"fig-paragraph\">\u00ab Je vais attendre toute la journ\u00e9e et derri\u00e8re peut-\u00eatre ensuite qu\u2019on fermera le d\u00e9bat\u00a0\u00bb. Au bout du fil mardi soir, Emmanuel Hubert veut encore croire au miracle pour \u00e9viter de mettre la cl\u00e9 sous la porte. Le manager de l\u2019\u00e9quipe cycliste Ark\u00e9a-B&amp;B H\u00f4tels se donne jusqu\u2019\u00e0 mercredi en fin de journ\u00e9e pour trouver un partenaire susceptible de remplacer l\u2019actuel\u00a0<a href=\"http:\/\/www.lefigaro.fr\/sports\/cyclisme\/cyclisme-arkea-et-b-b-hotels-ne-renouvelleront-pas-leur-contrat-au-dela-de-la-saison-2025-20250625\" data-fig-type=\"NewsFlash\" data-gtm-custom-categorie=\"navigation\" data-gtm-custom-action=\"crossclick\" data-gtm-custom-label=\"Contextuel\" data-gtm-event=\"customEventSPE\" data-fig-domain=\"LEFIGARO\" rel=\"nofollow noopener\" target=\"_blank\">qui cessera son engagement \u00e0 la fin de la saison<\/a>. Il reste un infime espoir avec un ultime contact, \u00abun groupe \u00e9tranger\u00bb, pr\u00e9cise l\u2019ex-coureur dans les ann\u00e9es 90. Apr\u00e8s il sera trop tard car les \u00e9quipes professionnelles doivent fournir \u00e0 l\u2019Union cycliste internationale des lettres d\u2019engagement et des garanties bancaires pour la saison 2026 le 2 octobre au plus tard.<\/p>\n<p class=\"fig-paragraph\">\u00abMalheureusement, on est compl\u00e8tement \u00e0 poil. On n\u2019est pas dans une dynamique positive. Les voyants s\u2019\u00e9teignent petit \u00e0 petit. Cela fait dix mois que je me bats tous les jours pour nous sauver mais cela n\u2019a rien donn\u00e9 alors je me demande pourquoi \u00e7a sourirait enfin\u2026<\/p>\n<p class=\"fig-premium-paywall__infos\">\n        Cet article est r\u00e9serv\u00e9 aux abonn\u00e9s.        Il vous reste 77% \u00e0 d\u00e9couvrir.\n    <\/p>\n<p>                <img  data- alt=\"Le Figaro\" class=\"fig-img--complete fig-img\"\/><\/p>\n<p class=\"fig-premium-paywall__title\">Vous avez envie de lire la suite ?<\/p>\n<p class=\"fig-premium-paywall__subtitle\">D\u00e9bloquez tous les articles imm\u00e9diatement.<\/p>\n<p class=\"fig-premium-paywall__connect\">\n                D\u00e9j\u00e0 abonn\u00e9\u00a0?                <a class=\"fig-premium-paywall__connect-link\" href=\"https:\/\/connect.lefigaro.fr\/login?client=horizon_web&amp;type=main&amp;redirect_uri=https%3A%2F%2Fwww.lefigaro.fr%2Fsports%2Fcyclisme%2Fon-est-completement-a-poil-le-recit-touchant-du-patron-de-l-equipe-cycliste-arkea-b-b-hotels-a-quelques-heures-de-mettre-la-cle-sous-la-porte-20251001\" data-js-gtm=\"{&quot;customCategorie&quot;: &quot;conversion&quot;, &quot;customAction&quot;: &quot;before_Landing_Connexion_paywall_auto&quot;, &quot;customLabel&quot;: &quot;bGVmaWdhcm8uZnJfXzFmMDllMzA5LTQ5NTUtNjc5MC1iN2VmLTY5YWQyZWRlMGQ4OV9fTmV3c0ZsYXNo_\u00abOn est compl\u00e8tement \u00e0 poil\u00bb\u00a0: le r\u00e9cit touchant du patron de l\u2019\u00e9quipe cycliste Ark\u00e9a-B&amp;B H\u00f4tels \u00e0 quelques heures de mettre la cl\u00e9 sous la porte_264&quot;, &quot;customIDSPE&quot;: &quot;bGVmaWdhcm8uZnJfXzFmMDllMzA5LTQ5NTUtNjc5MC1iN2VmLTY5YWQyZWRlMGQ4OV9fTmV3c0ZsYXNo&quot;, &quot;event&quot;: &quot;customEventSPE&quot;}\" rel=\"nofollow noopener\" target=\"_blank\"><br \/>\n                    Connectez-vous<br \/>\n                <\/a>\n            <\/p>\n","protected":false},"excerpt":{"rendered":"Emmanuel Hubert, le manager de la formation bretonne, se donne jusqu\u2019\u00e0 ce mercredi soir pour sauver son \u00e9quipe&hellip;\n","protected":false},"author":2,"featured_media":430343,"comment_status":"","ping_status":"","sticky":false,"template":"","format":"standard","meta":{"footnotes":""},"categories":[1412],"tags":[1141,1142,207,1143,1451,1452,1453,1454,1455,1011,27,60,1140,1139,210],"class_list":{"0":"post-430342","1":"post","2":"type-post","3":"status-publish","4":"format-standard","5":"has-post-thumbnail","7":"category-f1","8":"tag-actualite-cyclisme","9":"tag-competition-cyclisme","10":"tag-cyclisme","11":"tag-cyclisme-actu","12":"tag-f1","13":"tag-formula-1","14":"tag-formula1","15":"tag-formule-1","16":"tag-formule1","17":"tag-fr","18":"tag-france","19":"tag-sports","20":"tag-tour-despagne","21":"tag-tour-ditalie","22":"tag-tour-de-france"},"share_on_mastodon":{"url":"https:\/\/pubeurope.com\/@fr\/115297230796609612","error":""},"_links":{"self":[{"href":"https:\/\/www.europesays.com\/fr\/wp-json\/wp\/v2\/posts\/430342","targetHints":{"allow":["GET"]}}],"collection":[{"href":"https:\/\/www.europesays.com\/fr\/wp-json\/wp\/v2\/posts"}],"about":[{"href":"https:\/\/www.europesays.com\/fr\/wp-json\/wp\/v2\/types\/post"}],"author":[{"embeddable":true,"href":"https:\/\/www.europesays.com\/fr\/wp-json\/wp\/v2\/users\/2"}],"replies":[{"embeddable":true,"href":"https:\/\/www.europesays.com\/fr\/wp-json\/wp\/v2\/comments?post=430342"}],"version-history":[{"count":0,"href":"https:\/\/www.europesays.com\/fr\/wp-json\/wp\/v2\/posts\/430342\/revisions"}],"wp:featuredmedia":[{"embeddable":true,"href":"https:\/\/www.europesays.com\/fr\/wp-json\/wp\/v2\/media\/430343"}],"wp:attachment":[{"href":"https:\/\/www.europesays.com\/fr\/wp-json\/wp\/v2\/media?parent=430342"}],"wp:term":[{"taxonomy":"category","embeddable":true,"href":"https:\/\/www.europesays.com\/fr\/wp-json\/wp\/v2\/categories?post=430342"},{"taxonomy":"post_tag","embeddable":true,"href":"https:\/\/www.europesays.com\/fr\/wp-json\/wp\/v2\/tags?post=430342"}],"curies":[{"name":"wp","href":"https:\/\/api.w.org\/{rel}","templated":true}]}}