{"id":430344,"date":"2025-10-01T05:21:17","date_gmt":"2025-10-01T05:21:17","guid":{"rendered":"https:\/\/www.europesays.com\/fr\/430344\/"},"modified":"2025-10-01T05:21:17","modified_gmt":"2025-10-01T05:21:17","slug":"cyclisme-route-la-conti-et-lequipe-juniors-de-la-groupama-fdj-change-de-manager","status":"publish","type":"post","link":"https:\/\/www.europesays.com\/fr\/430344\/","title":{"rendered":"Cyclisme. Route &#8211; La Conti et l&rsquo;\u00e9quipe Juniors de la Groupama-FDJ change de manager"},"content":{"rendered":"<p>L\u2019\u00e9quipe <strong><a href=\"https:\/\/www.cyclismactu.net\/..\/news-transfert-route-stagiaire-victor-loulergue-passera-pro-avec-groupama-fdj-90271.html\" target=\"_blank\" rel=\"noopener\">Groupama-FDJ<\/a> <\/strong>a annonc\u00e9 la nomination de <strong>Nicolas Boisson<\/strong> au poste de manager de <strong>La Conti<\/strong> et du <strong>programme Juniors<\/strong> \u00e0 compter du 1er octobre 2025. Pr\u00e9sent dans la structure depuis 2016, <strong>Boisson <\/strong>a \u00e9t\u00e9 entra\u00eeneur au sein du WorldTeam et a contribu\u00e9 \u00e0 la cr\u00e9ation de La Conti en 2018. Son exp\u00e9rience et sa connaissance des fili\u00e8res de formation en ont fait un choix naturel pour prendre la direction de ces projets.<\/p>\n<p>Vid\u00e9o &#8211; Marc Madiot, manager g\u00e9n\u00e9ral de la Groupama-FDJ Lire la suite de l&rsquo;article&#13;<\/p>\n<p>\u00a0<\/p>\n<p>&#13;<br \/>\n\u00ab\u00a0Les coureurs et leur formation seront au centre du projet\u00a0\u00bb&#13;<\/p>\n<p>\u00ab\u00a0Devenir Manager de La Conti et du Programme Juniors de l&rsquo;\u00c9quipe Groupama-FDJ est une grande fiert\u00e9\u00a0\u00bb, a d\u00e9clare <strong>Nicolas Boisson<\/strong>. \u00ab\u00a0Lorsque j&rsquo;ai int\u00e9gr\u00e9 l&rsquo;\u00e9quipe en 2016, j&rsquo;avais en charge une partie de l&rsquo;entrainement et la d\u00e9tection des futurs talents. En 2018, avec l&rsquo;arriv\u00e9e de Groupama, nous avons cr\u00e9\u00e9 La Conti pour r\u00e9pondre \u00e0 un objectif de formation n\u00e9cessaire, nous faisions partie des pionniers. Je suis tr\u00e8s heureux de pouvoir revenir \u00e0 La Conti avec ce nouveau r\u00f4le. Mon parcours m&rsquo;a permis de passer par tous les \u00e9chelons du milieu cycliste, des amateurs \u00e0 la WordTour mais aussi d&rsquo;exercer plusieurs m\u00e9tiers. Je pense que cette connaissance de l&rsquo;environnement cycliste, et plus particuli\u00e8rement celui de la Groupama-FDJ avec laquelle j&rsquo;\u00e9volue depuis bient\u00f4t dix ans d\u00e9j\u00e0, va \u00eatre primordial dans mes nouvelles fonctions.  Dans ce nouveau d\u00e9fi qui se pr\u00e9sente \u00e0 moi, mon objectif principal sera de construire une nouvelle g\u00e9n\u00e9ration de talents qui int\u00e8grera les rangs de la WorldTour. Nous allons passer de dix \u00e0 douze coureurs pour La Conti, et de huit \u00e0 onze jeunes suivis par le Programme Juniors. Les coureurs et leur formation seront au centre du projet. J&rsquo;ai h\u00e2te de d\u00e9buter ce nouveau chapitre tant pour l&rsquo;\u00e9quipe que personnellement.\u00a0\u00bb<\/p>\n","protected":false},"excerpt":{"rendered":"L\u2019\u00e9quipe Groupama-FDJ a annonc\u00e9 la nomination de Nicolas Boisson au poste de manager de La Conti et du&hellip;\n","protected":false},"author":2,"featured_media":430345,"comment_status":"","ping_status":"","sticky":false,"template":"","format":"standard","meta":{"footnotes":""},"categories":[1411],"tags":[1154,207,211,1011,27,209,60,210,212,208,213],"class_list":{"0":"post-430344","1":"post","2":"type-post","3":"status-publish","4":"format-standard","5":"has-post-thumbnail","7":"category-cyclisme","8":"tag-cycling","9":"tag-cyclisme","10":"tag-ffc","11":"tag-fr","12":"tag-france","13":"tag-route","14":"tag-sports","15":"tag-tour-de-france","16":"tag-uci","17":"tag-velo","18":"tag-world-tour"},"share_on_mastodon":{"url":"https:\/\/pubeurope.com\/@fr\/115297234648154320","error":""},"_links":{"self":[{"href":"https:\/\/www.europesays.com\/fr\/wp-json\/wp\/v2\/posts\/430344","targetHints":{"allow":["GET"]}}],"collection":[{"href":"https:\/\/www.europesays.com\/fr\/wp-json\/wp\/v2\/posts"}],"about":[{"href":"https:\/\/www.europesays.com\/fr\/wp-json\/wp\/v2\/types\/post"}],"author":[{"embeddable":true,"href":"https:\/\/www.europesays.com\/fr\/wp-json\/wp\/v2\/users\/2"}],"replies":[{"embeddable":true,"href":"https:\/\/www.europesays.com\/fr\/wp-json\/wp\/v2\/comments?post=430344"}],"version-history":[{"count":0,"href":"https:\/\/www.europesays.com\/fr\/wp-json\/wp\/v2\/posts\/430344\/revisions"}],"wp:featuredmedia":[{"embeddable":true,"href":"https:\/\/www.europesays.com\/fr\/wp-json\/wp\/v2\/media\/430345"}],"wp:attachment":[{"href":"https:\/\/www.europesays.com\/fr\/wp-json\/wp\/v2\/media?parent=430344"}],"wp:term":[{"taxonomy":"category","embeddable":true,"href":"https:\/\/www.europesays.com\/fr\/wp-json\/wp\/v2\/categories?post=430344"},{"taxonomy":"post_tag","embeddable":true,"href":"https:\/\/www.europesays.com\/fr\/wp-json\/wp\/v2\/tags?post=430344"}],"curies":[{"name":"wp","href":"https:\/\/api.w.org\/{rel}","templated":true}]}}