{"id":430346,"date":"2025-10-01T05:22:13","date_gmt":"2025-10-01T05:22:13","guid":{"rendered":"https:\/\/www.europesays.com\/fr\/430346\/"},"modified":"2025-10-01T05:22:13","modified_gmt":"2025-10-01T05:22:13","slug":"mercato-le-psg-reactive-une-ancienne-piste-en-attaque","status":"publish","type":"post","link":"https:\/\/www.europesays.com\/fr\/430346\/","title":{"rendered":"Mercato, le PSG r\u00e9active une ancienne piste en attaque"},"content":{"rendered":"<p data-testid=\"article-teaser\">Face \u00e0 la s\u00e9rie de blessures au sein de son effectif, le PSG a d\u00e9cid\u00e9 de relancer une ancienne piste pour son secteur offensif. <\/p>\n<p>Le Paris Saint-Germain vit un d\u00e9but de saison contrast\u00e9, marqu\u00e9 par des r\u00e9sultats solides, mais aussi par une s\u00e9rie de blessures qui fragilise l\u2019effectif. Si les champions d\u2019Europe en titre poss\u00e8dent un groupe de grande qualit\u00e9, la profondeur d\u2019effectif reste limit\u00e9e. \u00c0 l\u2019approche de la tr\u00eave hivernale, la direction sportive semble pr\u00eate \u00e0 revoir sa strat\u00e9gie initiale et \u00e0 corriger le tir en se montrant beaucoup plus active sur le march\u00e9 des transferts.<\/p>\n","protected":false},"excerpt":{"rendered":"Face \u00e0 la s\u00e9rie de blessures au sein de son effectif, le PSG a d\u00e9cid\u00e9 de relancer une&hellip;\n","protected":false},"author":2,"featured_media":430347,"comment_status":"","ping_status":"","sticky":false,"template":"","format":"standard","meta":{"footnotes":""},"categories":[1410],"tags":[55860,43431,34081,55378,448,55859,55861,5695,55377,63,1011,27,66,447,921,91,67,60],"class_list":{"0":"post-430346","1":"post","2":"type-post","3":"status-publish","4":"format-standard","5":"has-post-thumbnail","7":"category-football","8":"tag-a-lookman","9":"tag-atalanta","10":"tag-barcelona","11":"tag-barcelona-vs-paris-saint-germain","12":"tag-champions-league","13":"tag-club-bruges","14":"tag-club-brugge","15":"tag-fc-barcelone","16":"tag-fc-barcelone-vs-paris-saint-germain","17":"tag-football","18":"tag-fr","19":"tag-france","20":"tag-ligue-1","21":"tag-ligue-des-champions","22":"tag-luis-enrique","23":"tag-paris-saint-germain","24":"tag-serie-a","25":"tag-sports"},"share_on_mastodon":{"url":"https:\/\/pubeurope.com\/@fr\/115297238705430052","error":""},"_links":{"self":[{"href":"https:\/\/www.europesays.com\/fr\/wp-json\/wp\/v2\/posts\/430346","targetHints":{"allow":["GET"]}}],"collection":[{"href":"https:\/\/www.europesays.com\/fr\/wp-json\/wp\/v2\/posts"}],"about":[{"href":"https:\/\/www.europesays.com\/fr\/wp-json\/wp\/v2\/types\/post"}],"author":[{"embeddable":true,"href":"https:\/\/www.europesays.com\/fr\/wp-json\/wp\/v2\/users\/2"}],"replies":[{"embeddable":true,"href":"https:\/\/www.europesays.com\/fr\/wp-json\/wp\/v2\/comments?post=430346"}],"version-history":[{"count":0,"href":"https:\/\/www.europesays.com\/fr\/wp-json\/wp\/v2\/posts\/430346\/revisions"}],"wp:featuredmedia":[{"embeddable":true,"href":"https:\/\/www.europesays.com\/fr\/wp-json\/wp\/v2\/media\/430347"}],"wp:attachment":[{"href":"https:\/\/www.europesays.com\/fr\/wp-json\/wp\/v2\/media?parent=430346"}],"wp:term":[{"taxonomy":"category","embeddable":true,"href":"https:\/\/www.europesays.com\/fr\/wp-json\/wp\/v2\/categories?post=430346"},{"taxonomy":"post_tag","embeddable":true,"href":"https:\/\/www.europesays.com\/fr\/wp-json\/wp\/v2\/tags?post=430346"}],"curies":[{"name":"wp","href":"https:\/\/api.w.org\/{rel}","templated":true}]}}