{"id":430350,"date":"2025-10-01T05:24:38","date_gmt":"2025-10-01T05:24:38","guid":{"rendered":"https:\/\/www.europesays.com\/fr\/430350\/"},"modified":"2025-10-01T05:24:38","modified_gmt":"2025-10-01T05:24:38","slug":"trois-tendances-pour-ses-bureaux","status":"publish","type":"post","link":"https:\/\/www.europesays.com\/fr\/430350\/","title":{"rendered":"trois tendances pour ses bureaux\u2028\u2028"},"content":{"rendered":"<p>Moins consommateurs d&rsquo;\u00e9nergie, outil d&rsquo;attractivit\u00e9 pour faire revenir les salari\u00e9s au bureau, et utilis\u00e9s pour autre chose que travailles, voici les trois tendances des bureaux de demain.\u00a0<\/p>\n<p><b>1. Des bureaux plus \u00e9conomes en \u00e9nergie\u2028\u2028<\/b><\/p>\n<p>\u00ab Si l\u2019immobilier est le second co\u00fbt financier des entreprises, il repr\u00e9sente aussi son premier co\u00fbt carbone \u00bb, rappelle-t-on chez Kardham, agence sp\u00e9cialis\u00e9e en architecture et design d\u2019espaces. \u00ab Intensifier les usages pour mieux utiliser les espaces est donc l\u2019un des tout premiers leviers de d\u00e9carbonation des entreprises. \u00bb<\/p>\n<p>\u2028S\u2019il faut choisir une tendance vraiment r\u00e9cente, celle-ci semble bien plac\u00e9e. \u00ab Car en mati\u00e8re de tendances, c\u2019est plut\u00f4t le temps long qui compte, remarque Marc Bertier, sociologue et architecte, directeur \u00c9tudes et Prospective du <a href=\"https:\/\/www.kardham.com\/\" rel=\"nofollow noopener\" target=\"_blank\">groupe Kardham<\/a>. Presque tout ce que nous vivons aujourd\u2019hui a pris racine dans les ann\u00e9es 90. Mais le d\u00e9veloppement durable et l\u2019\u00e9co-conception sont plus actuels\u2026 et me semblent vou\u00e9s \u00e0 durer, parce que cette trajectoire s\u2019impose \u00e0 tous, que ce soit par la r\u00e9glementation, le d\u00e9veloppement de la finance durable, et surtout par les cons\u00e9quences de plus en plus visibles du r\u00e9chauffement climatique ! \u00bb<\/p>\n<p>Chez <a href=\"https:\/\/www.leet-design.com\/?utm_source=google&amp;utm_medium=cpc&amp;utm_campaign=[LV]-Brand&amp;utm_id=22673922227&amp;utm_term=leet%20design&amp;utm_content=758142559576&amp;hsa_acc={accountid}&amp;hsa_cam=22673922227&amp;hsa_grp=181161203459&amp;hsa_ad=758142559576&amp;hsa_kw=leet%20design&amp;hsa_mt=e&amp;hsa_src=g&amp;hsa_tgt=kwd-1651722720213&amp;hsa_net=adwords&amp;hsa_ver=3&amp;adgroup={adgroupname}&amp;placement=&amp;device=c&amp;network=g&amp;creative=758142559576&amp;searchterm=leet%20design&amp;gad_source=1&amp;gad_campaignid=22673922227&amp;gbraid=0AAAAACwFDFhwi9V-YRm9UPfxYnJvYyTl4&amp;gclid=CjwKCAjw89jGBhB0EiwA2o1OnwKr1y5ClfT0HYW0DS_R3EbRVqIhth5Vk72XN-xtG_Rw0A0KFGnG3RoCUXkQAvD_BwE\" rel=\"nofollow noopener\" target=\"_blank\">Leet Design<\/a>, qui fabrique des cabines acoustiques permettant de s\u2019isoler pour une visio ou pour un \u00e9change en t\u00eate-\u00e0-t\u00eate, on note une vraie tendance \u00e0 consommer du mobilier d\u2019occasion \u00ab Sur nos cabines en particulier, on pourrait m\u00eame parler d\u2019engouement, indique Tristan Bourguet, Responsable grands comptes et chef de produit chez Leet Design.\u2028\u2028 Certains clients demandent express\u00e9ment de la seconde main. Nos cabines sont donc amen\u00e9es \u00e0 vivre plusieurs vies, en passant d\u2019un si\u00e8ge social \u00e0 un autre. \u00bb<\/p>\n<p><b>2. Des bureaux qui donnent envie de (re)venir<\/b><\/p>\n<p>Certains ont donn\u00e9 un discret \u00ab tour de vis \u00bb, d\u2019autres ont chant\u00e9 les louanges du pr\u00e9sentiel et d\u2019autres encore ont mis\u00e9 sur les repas gratuits ou les v\u00e9los offerts pour\u00a0 faire revenir leurs \u00e9quipes en douceur. Mais quelle que soit l\u2019approche, on a bien vu cette ann\u00e9e qu\u2019une s\u00e9rie de grandes entreprises tentaient de r\u00e9duire la pratique du t\u00e9l\u00e9travail. En France, Amazon, Ubisoft, Publicis, Free, JC Decaux, Air France ou encore Soci\u00e9t\u00e9 G\u00e9n\u00e9rale, ont rendu publique leur volont\u00e9 de faire marche arri\u00e8re. Selon le conseil en immobilier d&rsquo;entreprise JLL, le nombre de jours t\u00e9l\u00e9travaill\u00e9s en France est pass\u00e9, en un an, de 1,5 \u00e0 1,3 en moyenne.\u00a0<\/p>\n<p>\u00ab\u00a0Nos clients continuent d\u2019investir dans des bureaux moins grands, car l\u2019effectif est rarement pr\u00e9sent \u00e0 100%, mais ils demandent surtout des bureaux plus flexibles et plus s\u00e9duisants pour leurs occupants, de mani\u00e8re \u00e0 les faire revenir, indique Marouane Sadki, Directeur g\u00e9n\u00e9ral de Leet Design. En effet, si les salari\u00e9s viennent au bureau, ce n\u2019est pas pour se retrouver align\u00e9s fa\u00e7on \u201ccouloir d\u2019avion\u201d, mais bien pour \u00e9changer et pour capter de l\u2019information. Travailler sur un plateau, c\u2019est autre chose qu\u2019\u00eatre connect\u00e9 sur Slack. Le mobilier a \u00e9volu\u00e9 en cons\u00e9quence. Les cabines acoustiques refl\u00e8tent la volont\u00e9 d\u2019hybridation des bureaux, entre espaces collectifs et possibilit\u00e9 d\u2019isolement. \u00bb<\/p>\n<p><b>3. Des bureaux qui ne servent plus seulement \u00e0 travailler\u2028\u2028<\/b><\/p>\n<p>Plus surprenant, mais tr\u00e8s engageant en termes de marque-employeur : ouvrir son bureau \u00e0 d\u2019autres usages que le travail.\u2028\u2028 \u00ab La mise en place d\u2019un pacte entre le public et le priv\u00e9 permet de transformer certains immeubles de bureaux sous-utilis\u00e9s, voire \u201c\u00e9chou\u00e9s\u201d dans leurs quartiers pour les mettre partiellement au service des r\u00e9sidents, reprend Marc Bertier (Kardham). On voit aussi se d\u00e9velopper certains usages personnels dans les bureaux, avec par exemple des salari\u00e9s autoris\u00e9s \u00e0 utiliser la terrasse le dimanche pour le go\u00fbter d\u2019anniversaire de leurs enfants. La pratique existait d\u00e9j\u00e0 dans les startups de mani\u00e8re informelle ; elle est entr\u00e9e dans les grands groupes. D\u2019autres entreprises autorisent leurs salari\u00e9s \u00e0 organiser leurs activit\u00e9s associatives dans les locaux. \u00bb\u2028\u2028<\/p>\n<p>Dans un autre registre, l\u2019entreprise peut faire de ses bureaux un objet d\u2019engagement social, de solidarit\u00e9. C\u2019est ce que proposent les Bureaux du c\u0153ur, qui d\u00e9veloppe \u00ab l\u2019usage des locaux professionnels en accueil individuel d\u2019urgence, le soir et le week-end, lorsqu\u2019ils sont inoccup\u00e9s. \u00bb<\/p>\n<p>L\u2019entreprise accueille ainsi des personnes engag\u00e9es en r\u00e9insertion, qui ne trouvent pas de toit, dorment dans leur voiture ou dans la rue et leur \u00e9vite ainsi de basculer dans la spirale de la pr\u00e9carit\u00e9.\u2028\u2028L\u2019histoire des Bureaux du C\u0153ur a commenc\u00e9 au Centre des Jeunes Dirigeants (CJD) de Nantes, \u00e0 partir de 2017. \u00ab Avec notre culture d\u2019entrepreneurs, nous avons essay\u00e9 de balayer toutes les questions juridiques et assurantielles, comment embarquer nos collaborateurs dans l\u2019aventure, interagir avec les associations partenaires\u2026 \u00bb, explique l\u2019association.\u2028 Toulouse, Vannes, La Rochelle, Besan\u00e7on, Marseille\u2026 Depuis, les Bureaux du c\u0153ur ont essaim\u00e9 dans de grandes villes de France et convaincu 250 entreprises, dont quelques grands groupes mais surtout une majorit\u00e9 de TPE, PME et\u2026 startups !\u2028<\/p>\n","protected":false},"excerpt":{"rendered":"Moins consommateurs d&rsquo;\u00e9nergie, outil d&rsquo;attractivit\u00e9 pour faire revenir les salari\u00e9s au bureau, et utilis\u00e9s pour autre chose que&hellip;\n","protected":false},"author":2,"featured_media":430351,"comment_status":"","ping_status":"","sticky":false,"template":"","format":"standard","meta":{"footnotes":""},"categories":[1358],"tags":[1348,1384,1385,1386,58,59,1011,27],"class_list":{"0":"post-430350","1":"post","2":"type-post","3":"status-publish","4":"format-standard","5":"has-post-thumbnail","7":"category-arts-et-design","8":"tag-arts","9":"tag-arts-and-design","10":"tag-arts-et-design","11":"tag-design","12":"tag-divertissement","13":"tag-entertainment","14":"tag-fr","15":"tag-france"},"share_on_mastodon":{"url":"https:\/\/pubeurope.com\/@fr\/115297246450642624","error":""},"_links":{"self":[{"href":"https:\/\/www.europesays.com\/fr\/wp-json\/wp\/v2\/posts\/430350","targetHints":{"allow":["GET"]}}],"collection":[{"href":"https:\/\/www.europesays.com\/fr\/wp-json\/wp\/v2\/posts"}],"about":[{"href":"https:\/\/www.europesays.com\/fr\/wp-json\/wp\/v2\/types\/post"}],"author":[{"embeddable":true,"href":"https:\/\/www.europesays.com\/fr\/wp-json\/wp\/v2\/users\/2"}],"replies":[{"embeddable":true,"href":"https:\/\/www.europesays.com\/fr\/wp-json\/wp\/v2\/comments?post=430350"}],"version-history":[{"count":0,"href":"https:\/\/www.europesays.com\/fr\/wp-json\/wp\/v2\/posts\/430350\/revisions"}],"wp:featuredmedia":[{"embeddable":true,"href":"https:\/\/www.europesays.com\/fr\/wp-json\/wp\/v2\/media\/430351"}],"wp:attachment":[{"href":"https:\/\/www.europesays.com\/fr\/wp-json\/wp\/v2\/media?parent=430350"}],"wp:term":[{"taxonomy":"category","embeddable":true,"href":"https:\/\/www.europesays.com\/fr\/wp-json\/wp\/v2\/categories?post=430350"},{"taxonomy":"post_tag","embeddable":true,"href":"https:\/\/www.europesays.com\/fr\/wp-json\/wp\/v2\/tags?post=430350"}],"curies":[{"name":"wp","href":"https:\/\/api.w.org\/{rel}","templated":true}]}}