{"id":430354,"date":"2025-10-01T05:26:11","date_gmt":"2025-10-01T05:26:11","guid":{"rendered":"https:\/\/www.europesays.com\/fr\/430354\/"},"modified":"2025-10-01T05:26:11","modified_gmt":"2025-10-01T05:26:11","slug":"matthieu-delormeau-attaque-par-un-chroniqueur-de-tbt9-sur-ses-deb","status":"publish","type":"post","link":"https:\/\/www.europesays.com\/fr\/430354\/","title":{"rendered":"Matthieu Delormeau attaqu\u00e9 par un chroniqueur de TBT9 sur ses d\u00e9b &#8230;"},"content":{"rendered":"<p>EN BREF<\/p>\n<ul class=\"bloc_resume_post_list\">\n<li>Le 30 septembre, Cyril Hanouna anime Tout beau tout n9uf<br \/>\nsur W9, discutant du co\u00fbt des JO de Paris 2024 \u00e0 6,6 milliards<br \/>\nd\u00a0\u00bbeuros.<\/li>\n<li>Matthieu Delormeau et Olivier Dartigolles s&rsquo;affrontent<br \/>\nverbalement sur le plateau, le premier mena\u00e7ant de gifler le<br \/>\nsecond.<\/li>\n<li>Les tensions s&rsquo;intensifient avec des attaques<br \/>\npersonnelles, mais Cyril Hanouna intervient pour calmer la<br \/>\nsituation.<\/li>\n<\/ul>\n<p class=\"p1\">La tension est mont\u00e9e sur le plateau de <a href=\"https:\/\/www.telestar.fr\/actu_tv\/tbt9-enorme-flop-de-cyril-hanouna-une-chaine-prend-une-decision-radicale-1740072\" target=\"_blank\" rel=\"noopener\"><br \/>\nTout beau tout n9uf<\/a>. Mardi 30 septembre, Cyril Hanouna a<br \/>\npr\u00e9sent\u00e9 un nouveau num\u00e9ro de son talk-show sur W9. Au cours de la<br \/>\nsoir\u00e9e, l\u2019animateur a \u00e9voqu\u00e9 <strong>le co\u00fbt des JO de Paris<br \/>\n2024<\/strong>, estim\u00e9 \u00e0 6,6 milliards d\u2019euros.<\/p>\n<p class=\"p1\">Alors que <a href=\"https:\/\/www.telestar.fr\/actu_tv\/tu-ne-connais-pas-ma-vie-deux-chroniqueurs-de-tbt9-se-prennent-le-bec-et-le-ton-monte-vite-1737943\" target=\"_blank\" rel=\"noopener\"><br \/>\nles chroniqueurs<\/a> ont longuement d\u00e9battu sur ce co\u00fbt, Olivier<br \/>\nDartigolles a estim\u00e9 : \u201cOn a r\u00e9ussi les JO\u201d. Pr\u00e9sent \u00e0 ses<br \/>\nc\u00f4t\u00e9s, Matthieu Delormeau a alors r\u00e9agi : \u201c\u00c9videmment, ce n\u2019est<br \/>\npas toi qui les payes (&#8230;) Tu ne payes rien toi\u201d. <strong>Le<br \/>\nton est ensuite mont\u00e9<\/strong> entre les deux hommes.<\/p>\n<p>Matthieu Delormeau se montre violent<br \/>\nverbalement<\/p>\n<p class=\"p1\">Apr\u00e8s quelques piques, <a href=\"https:\/\/www.telestar.fr\/actu_tv\/lea-salame-ne-travaille-pas-matthieu-delormeau-est-seul-contre-tous-mais-il-donne-le-fond-de-sa-pensee-1739917\" target=\"_blank\" rel=\"noopener\"><br \/>\nMatthieu Delormeau<\/a> a affirm\u00e9 qu\u2019il allait \u201cmettre une paire<br \/>\nde gifles\u201d \u00e0 Olivier Dartigolles. L\u2019homme politique lui a donc<br \/>\ndemand\u00e9 : \u201cTu ne serais pas violent quand m\u00eame ?\u201d. Si le<br \/>\nchroniqueur a <strong>assur\u00e9 le contraire<\/strong>, il a ensuite<br \/>\nargument\u00e9 : \u201cJe ne dis pas de violence. Je dis juste qu\u2019il y a<br \/>\ndes gens comme Cyril, comme moi, qui rapportons de l\u2019argent au<br \/>\npays. On a des salari\u00e9s, on paye de la TVA, on paye de l\u2019imp\u00f4t sur<br \/>\nle revenu\u2026\u201d<\/p>\n<p class=\"p1\">Pour Matthieu Delormeau, <strong>Gilles Verdez et<br \/>\nOlivier Dartigolles<\/strong> ne font pas partie de ces personnes. \u00c0<br \/>\nla place, celui qui s\u2019est <a href=\"https:\/\/www.telestar.fr\/actu_tv\/matthieu-delormeau-tres-change-physiquement-lanimateur-fait-son-retour-et-evoque-sa-descente-aux-enfer-1736676\" target=\"_blank\" rel=\"noopener\"><br \/>\nm\u00e9tamorphos\u00e9 physiquement<\/a> a assur\u00e9 que les deux chroniqueurs<br \/>\nfont plut\u00f4t partie des \u201cgens qui commentent\u201d.<\/p>\n<p>Les d\u00e9boires judiciaires du<br \/>\nchroniqueur sont \u00e9voqu\u00e9s<\/p>\n<p class=\"p1\">Finalement, Matthieu Delormeau a ajout\u00e9 : \u201cIl y a<br \/>\ndes gens qui co\u00fbtent de l\u2019argent et qui en rapportent. Dartigolles<br \/>\nen co\u00fbte, moi, j\u2019en rapporte\u201d. Pour <a href=\"https:\/\/www.telestar.fr\/people\/cest-fini-un-chroniqueur-de-cyril-hanouna-douche-les-espoirs-en-quelques-mots-1734124\" target=\"_blank\" rel=\"noopener\"><br \/>\nOlivier Dartigolles<\/a>, cette affirmation \u00e9tait totalement<br \/>\ninappropri\u00e9e. L\u2019ancien porte-parole du Parti communiste n\u2019a donc<br \/>\npas h\u00e9sit\u00e9 \u00e0 <strong>l\u2019attaquer de la m\u00eame mani\u00e8re<\/strong>.<\/p>\n<p class=\"p1\">Visiblement bien remont\u00e9, il lui a lanc\u00e9 : \u201cJe<br \/>\npense Matthieu que tu ne connais rien de ma vie. Tu ne sais pas ce<br \/>\nque j\u2019ai fait. Moi, je sais \u00e0 peu pr\u00e8s ce que tu as fait. Je ne<br \/>\nsais pas si tu as rapport\u00e9 beaucoup\u201d. Un<br \/>\n<strong>sous-entendu<\/strong> direct \u00e0 <a href=\"https:\/\/www.closermag.fr\/people\/il-a-fait-de-la-garde-a-v-matthieu-delormeau-mis-a-lamende-dans-tbt9-et-en-plateau-ca-ne-bronche-pas-3581209\" target=\"_blank\" rel=\"noopener\">ses d\u00e9boires judiciaires<\/a>. Et si<br \/>\nla pression aurait encore pu monter d\u2019un cran, <strong>Cyril<br \/>\nHanouna a d\u00e9cid\u00e9 d\u2019intervenir<\/strong>. Il a conseill\u00e9 \u00e0 son ami de<br \/>\nne pas r\u00e9pondre. Un conseil heureusement suivi par le principal<br \/>\nint\u00e9ress\u00e9.<\/p>\n","protected":false},"excerpt":{"rendered":"EN BREF Le 30 septembre, Cyril Hanouna anime Tout beau tout n9uf sur W9, discutant du co\u00fbt des&hellip;\n","protected":false},"author":2,"featured_media":430355,"comment_status":"","ping_status":"","sticky":false,"template":"","format":"standard","meta":{"footnotes":""},"categories":[1356],"tags":[548,58,59,1011,27,7830,252,1364],"class_list":{"0":"post-430354","1":"post","2":"type-post","3":"status-publish","4":"format-standard","5":"has-post-thumbnail","7":"category-television","8":"tag-article-simple","9":"tag-divertissement","10":"tag-entertainment","11":"tag-fr","12":"tag-france","13":"tag-matthieu-delormeau","14":"tag-television","15":"tag-tv"},"share_on_mastodon":{"url":"https:\/\/pubeurope.com\/@fr\/115297254455716740","error":""},"_links":{"self":[{"href":"https:\/\/www.europesays.com\/fr\/wp-json\/wp\/v2\/posts\/430354","targetHints":{"allow":["GET"]}}],"collection":[{"href":"https:\/\/www.europesays.com\/fr\/wp-json\/wp\/v2\/posts"}],"about":[{"href":"https:\/\/www.europesays.com\/fr\/wp-json\/wp\/v2\/types\/post"}],"author":[{"embeddable":true,"href":"https:\/\/www.europesays.com\/fr\/wp-json\/wp\/v2\/users\/2"}],"replies":[{"embeddable":true,"href":"https:\/\/www.europesays.com\/fr\/wp-json\/wp\/v2\/comments?post=430354"}],"version-history":[{"count":0,"href":"https:\/\/www.europesays.com\/fr\/wp-json\/wp\/v2\/posts\/430354\/revisions"}],"wp:featuredmedia":[{"embeddable":true,"href":"https:\/\/www.europesays.com\/fr\/wp-json\/wp\/v2\/media\/430355"}],"wp:attachment":[{"href":"https:\/\/www.europesays.com\/fr\/wp-json\/wp\/v2\/media?parent=430354"}],"wp:term":[{"taxonomy":"category","embeddable":true,"href":"https:\/\/www.europesays.com\/fr\/wp-json\/wp\/v2\/categories?post=430354"},{"taxonomy":"post_tag","embeddable":true,"href":"https:\/\/www.europesays.com\/fr\/wp-json\/wp\/v2\/tags?post=430354"}],"curies":[{"name":"wp","href":"https:\/\/api.w.org\/{rel}","templated":true}]}}