{"id":430358,"date":"2025-10-01T05:28:11","date_gmt":"2025-10-01T05:28:11","guid":{"rendered":"https:\/\/www.europesays.com\/fr\/430358\/"},"modified":"2025-10-01T05:28:11","modified_gmt":"2025-10-01T05:28:11","slug":"un-simple-accident-moi-qui-taimais-soundtrack-to-a-coup-detat-que-voir-au-cinema-en-ce-moment-liberation","status":"publish","type":"post","link":"https:\/\/www.europesays.com\/fr\/430358\/","title":{"rendered":"\u00abUn simple accident\u00bb, \u00abMoi qui t\u2019aimais\u00bb, \u00abSoundtrack to a Coup d\u2019Etat\u00bb\u2026 Que voir au cin\u00e9ma en ce moment\u00a0? \u2013 Lib\u00e9ration"},"content":{"rendered":"<p class=\"sc-cPiKLX AiZTS text-element\">Pour aider nos lecteurs \u00e0 s\u2019y retrouver dans une offre culturelle foisonnante, les journalistes du service Culture de Lib\u00e9 vous d\u00e9blaient le terrain dans l\u2019actualit\u00e9 des sorties de films, d\u2019albums, de spectacles, de s\u00e9ries et d\u2019expositions. <a href=\"https:\/\/www.liberation.fr\/selections-culture\/\" rel=\"noopener\" title=\"https:\/\/www.liberation.fr\/selections-culture\/\" target=\"_blank\">Retrouvez l\u2019ensemble de nos s\u00e9lections<\/a>. <\/p>\n<p class=\"sc-cPiKLX AiZTS text-element\">Filmant le dilemme de rescap\u00e9s des ge\u00f4les iraniennes croyant reconna\u00eetre, \u00e0 l\u2019ou\u00efe, leur bourreau, le cin\u00e9aste dissident interroge ce qui distingue justice et revanche, croire et savoir, sugg\u00e9rer et montrer. Magistral. <a href=\"https:\/\/www.liberation.fr\/culture\/cinema\/un-simple-accident-de-jafar-panahi-a-voir-et-a-venger-20250930_FXEKJCV3DJD4VBHAG5YOU6NXYM\/\" target=\"_blank\" rel=\"noreferrer noopener\" title=\"https:\/\/www.liberation.fr\/culture\/cinema\/un-simple-accident-de-jafar-panahi-a-voir-et-a-venger-20250930_FXEKJCV3DJD4VBHAG5YOU6NXYM\/\">Lire notre critique du film<\/a>, Palme d\u2019or \u00e0 Cannes, et <a href=\"https:\/\/www.liberation.fr\/culture\/cinema\/jafar-panahi-si-le-regime-iranien-ne-mavait-pas-emprisonne-il-ny-aurait-pas-eu-de-film-20250927_5YICHAR72VHU3CZGDLAF7BSOXU\/\" target=\"_blank\" rel=\"noopener\" title=\"https:\/\/www.liberation.fr\/culture\/cinema\/jafar-panahi-si-le-regime-iranien-ne-mavait-pas-emprisonne-il-ny-aurait-pas-eu-de-film-20250927_5YICHAR72VHU3CZGDLAF7BSOXU\/\">notre interview de Jafar Panahi<\/a>, qui repr\u00e9sentera la France aux Oscars. <\/p>\n<\/p>\n<p class=\"sc-cPiKLX AiZTS text-element\">A partir de l\u2019assassinat de Lumumba au Congo, le documentaire \u00e9tourdissant de Johan Grimonprez d\u00e9montre le r\u00f4le majeur de la musique dans les offensives des Etats-Unis pour retourner l\u2019opinion mondiale en leur faveur au cours de la guerre froide. <a href=\"https:\/\/www.liberation.fr\/culture\/cinema\/soundtrack-to-a-coup-detat-jazz-hot-pour-guerre-froide-20250930_SDSZFNBFLVA6FE6NFTN6AUJNUE\/\" target=\"_blank\" rel=\"noreferrer noopener\" title=\"https:\/\/www.liberation.fr\/culture\/cinema\/soundtrack-to-a-coup-detat-jazz-hot-pour-guerre-froide-20250930_SDSZFNBFLVA6FE6NFTN6AUJNUE\/\">Lire notre critique et rencontre avec le cin\u00e9aste<\/a>. <\/p>\n<\/p>\n<p class=\"sc-cPiKLX AiZTS text-element\">Tourn\u00e9 lors de comparutions imm\u00e9diates \u00e0 Marseille, le documentaire montre la perdition de jeunes pris dans le trafic de drogue et l\u2019impuissance de la justice face au d\u00e9litement des services publics. <a href=\"https:\/\/www.liberation.fr\/culture\/cinema\/stups-dalice-odiot-et-jean-robert-viallet-souffre-dealer-20250930_EXESBST54BFQZHXTLHINJECRFU\/\" target=\"_blank\" rel=\"noreferrer noopener\" title=\"https:\/\/www.liberation.fr\/culture\/cinema\/stups-dalice-odiot-et-jean-robert-viallet-souffre-dealer-20250930_EXESBST54BFQZHXTLHINJECRFU\/\">Lire notre critique<\/a> et <a href=\"https:\/\/www.liberation.fr\/culture\/alice-odiot-et-jean-robert-viallet-realisateurs-de-stups-on-voulait-un-traitement-egalitaire-le-juge-a-un-visage-le-prevenu-doit-evidemment-en-avoir-un-20250930_VMPDTUBTQZCRNLRDPX6ABE47PA\/\" target=\"_blank\" rel=\"noopener\" title=\"https:\/\/www.liberation.fr\/culture\/alice-odiot-et-jean-robert-viallet-realisateurs-de-stups-on-voulait-un-traitement-egalitaire-le-juge-a-un-visage-le-prevenu-doit-evidemment-en-avoir-un-20250930_VMPDTUBTQZCRNLRDPX6ABE47PA\/\">notre entretien avec les cin\u00e9astes<\/a>. <\/p>\n<\/p>\n<p class=\"sc-cPiKLX AiZTS text-element\">Pour son premier long m\u00e9trage, le cin\u00e9aste tisse une parabole intime sur une adolescence rebelle \u00e0 Tokyo, menac\u00e9e par la r\u00e9pression autoritaire dans un futur proche. <a href=\"https:\/\/www.liberation.fr\/culture\/cinema\/happyend-de-neo-sora-liberte-inconditionnelle-20250930_4ICRIDOVNVB7HCDYPPMJ52W22U\/\" target=\"_blank\" rel=\"noopener\" title=\"https:\/\/www.liberation.fr\/culture\/cinema\/happyend-de-neo-sora-liberte-inconditionnelle-20250930_4ICRIDOVNVB7HCDYPPMJ52W22U\/\">Lire notre critique<\/a>. <\/p>\n<\/p>\n<p class=\"sc-cPiKLX AiZTS text-element\">Dans un univers aussi dr\u00f4le que biscornu aux allures d\u2019Alice au pays des merveilles, le duo de cin\u00e9astes am\u00e9ricaines r\u00e9inventent l\u2019h\u00e9ritage impossible de leurs d\u00e9funts p\u00e8res. <a href=\"https:\/\/www.liberation.fr\/culture\/cinema\/invention-de-courtney-stephens-et-callie-hernandez-la-poire-fendue-en-deuil-20250930_5ESIKQRLK5GIHPEDGG3H3Y3UNE\/\" target=\"_blank\" rel=\"noopener\" title=\"https:\/\/www.liberation.fr\/culture\/cinema\/invention-de-courtney-stephens-et-callie-hernandez-la-poire-fendue-en-deuil-20250930_5ESIKQRLK5GIHPEDGG3H3Y3UNE\/\">Lire notre critique<\/a>. <\/p>\n<\/p>\n<p class=\"sc-cPiKLX AiZTS text-element\">Prenant le contre-pied des biopics hagiographiques, dont elle garde toutefois les postiches et l\u2019esth\u00e9tique vintage, Diane Kurys s\u2019int\u00e9resse \u00e0 la relation tordue des deux stars vieillissantes. <a href=\"https:\/\/www.liberation.fr\/culture\/cinema\/moi-qui-taimais-avec-roschdy-zem-et-marina-fois-montand-et-signoret-dans-leur-lie-conjugale-20250930_JLNKPYD62NAI7CPTYEB6FN3WLU\/\" target=\"_blank\" rel=\"noreferrer noopener\" title=\"https:\/\/www.liberation.fr\/culture\/cinema\/moi-qui-taimais-avec-roschdy-zem-et-marina-fois-montand-et-signoret-dans-leur-lie-conjugale-20250930_JLNKPYD62NAI7CPTYEB6FN3WLU\/\">Lire notre critique<\/a>. <\/p>\n<\/p>\n<p class=\"sc-cPiKLX AiZTS text-element\">Dans l\u2019univers eighties d\u2019une Am\u00e9rique d\u00e9j\u00e0 totalitaire, l\u2019adaptation du roman de Stephen King par le r\u00e9alisateur de Hunger Games peine \u00e0 se distinguer des autres dystopies du genre. <a href=\"https:\/\/www.liberation.fr\/culture\/cinema\/avec-marche-ou-creve-francis-lawrence-suse-et-ca-use-20251001_EHDNWSHDDJABLANNPONTNUNF5A\/\" target=\"_blank\" rel=\"noopener\" title=\"https:\/\/www.liberation.fr\/culture\/cinema\/avec-marche-ou-creve-francis-lawrence-suse-et-ca-use-20251001_EHDNWSHDDJABLANNPONTNUNF5A\/\">Lire notre critique<\/a>. <\/p>\n<\/p>\n<p class=\"sc-cPiKLX AiZTS text-element\">La cin\u00e9aste filme le confinement d\u2019un jeune couple pi\u00e9g\u00e9 chez lui en pleine invasion russe et restitue l\u2019irruption effarante de la guerre dans la normalit\u00e9. <a href=\"https:\/\/www.liberation.fr\/culture\/cinema\/honeymoon-de-zhanna-ozirna-linvasion-de-lukraine-a-huis-clos-20250930_VYITE4RPXNH3PAFVXE32P3C2VQ\/\" target=\"_blank\" rel=\"noreferrer noopener\" title=\"https:\/\/www.liberation.fr\/culture\/cinema\/honeymoon-de-zhanna-ozirna-linvasion-de-lukraine-a-huis-clos-20250930_VYITE4RPXNH3PAFVXE32P3C2VQ\/\">Lire notre critique.<\/a> <\/p>\n<\/p>\n<p class=\"sc-cPiKLX AiZTS text-element\">Joyeusement kitsch et queer, le film du cin\u00e9aste espagnol romance les cinq ans de captivit\u00e9 \u00e0 Alger de l\u2019\u00e9crivain, avant Quichotte et ses moulins. <a href=\"https:\/\/www.liberation.fr\/culture\/cinema\/le-cervantes-dalejandro-amenabar-un-don-qui-botte-20251001_CFLR7WCYYRDIBNIK2UFRVNJDJA\/\" target=\"_blank\" rel=\"noopener\" title=\"https:\/\/www.liberation.fr\/culture\/cinema\/le-cervantes-dalejandro-amenabar-un-don-qui-botte-20251001_CFLR7WCYYRDIBNIK2UFRVNJDJA\/\">Lire notre critique<\/a>. <\/p>\n<\/p>\n<p class=\"sc-cPiKLX AiZTS text-element\"><b>Chaque jour, retrouvez les choix du service Culture de <\/b><b>Lib\u00e9 <\/b><b>: expositions le lundi, th\u00e9\u00e2tre, danse et op\u00e9ra le mardi, sorties cin\u00e9 le mercredi, musique le vendredi, s\u00e9ries le dimanche. Ainsi que le Top 10 de la semaine le samedi. Tout ce qui nous a plu (et parfois d\u00e9plu) dans l\u2019actualit\u00e9 de la culture.<\/b> <\/p>\n","protected":false},"excerpt":{"rendered":"Pour aider nos lecteurs \u00e0 s\u2019y retrouver dans une offre culturelle foisonnante, les journalistes du service Culture de&hellip;\n","protected":false},"author":2,"featured_media":430359,"comment_status":"","ping_status":"","sticky":false,"template":"","format":"standard","meta":{"footnotes":""},"categories":[1354],"tags":[58,59,1346,1011,27,1360,6517],"class_list":{"0":"post-430358","1":"post","2":"type-post","3":"status-publish","4":"format-standard","5":"has-post-thumbnail","7":"category-films","8":"tag-divertissement","9":"tag-entertainment","10":"tag-films","11":"tag-fr","12":"tag-france","13":"tag-movies","14":"tag-sorties-cinema"},"share_on_mastodon":{"url":"https:\/\/pubeurope.com\/@fr\/115297262353661453","error":""},"_links":{"self":[{"href":"https:\/\/www.europesays.com\/fr\/wp-json\/wp\/v2\/posts\/430358","targetHints":{"allow":["GET"]}}],"collection":[{"href":"https:\/\/www.europesays.com\/fr\/wp-json\/wp\/v2\/posts"}],"about":[{"href":"https:\/\/www.europesays.com\/fr\/wp-json\/wp\/v2\/types\/post"}],"author":[{"embeddable":true,"href":"https:\/\/www.europesays.com\/fr\/wp-json\/wp\/v2\/users\/2"}],"replies":[{"embeddable":true,"href":"https:\/\/www.europesays.com\/fr\/wp-json\/wp\/v2\/comments?post=430358"}],"version-history":[{"count":0,"href":"https:\/\/www.europesays.com\/fr\/wp-json\/wp\/v2\/posts\/430358\/revisions"}],"wp:featuredmedia":[{"embeddable":true,"href":"https:\/\/www.europesays.com\/fr\/wp-json\/wp\/v2\/media\/430359"}],"wp:attachment":[{"href":"https:\/\/www.europesays.com\/fr\/wp-json\/wp\/v2\/media?parent=430358"}],"wp:term":[{"taxonomy":"category","embeddable":true,"href":"https:\/\/www.europesays.com\/fr\/wp-json\/wp\/v2\/categories?post=430358"},{"taxonomy":"post_tag","embeddable":true,"href":"https:\/\/www.europesays.com\/fr\/wp-json\/wp\/v2\/tags?post=430358"}],"curies":[{"name":"wp","href":"https:\/\/api.w.org\/{rel}","templated":true}]}}