{"id":430378,"date":"2025-10-01T05:40:12","date_gmt":"2025-10-01T05:40:12","guid":{"rendered":"https:\/\/www.europesays.com\/fr\/430378\/"},"modified":"2025-10-01T05:40:12","modified_gmt":"2025-10-01T05:40:12","slug":"des-rues-de-nancy-interdites-aux-voitures-a-partir-de-ce-mercredi-et-pour-plusieurs-jours-voici-le-detail","status":"publish","type":"post","link":"https:\/\/www.europesays.com\/fr\/430378\/","title":{"rendered":"Des rues de Nancy interdites aux voitures \u00e0 partir de ce mercredi et pour plusieurs jours : voici le d\u00e9tail"},"content":{"rendered":"<p>            Par<br \/>\n        <strong><br \/>\n            <a href=\"https:\/\/actu.fr\/auteur\/pierre-emile-bouchy-actu-fr\" title=\"Consulter tous les articles de Paul-Emile Bouchy\" target=\"_blank\" rel=\"noopener\">Paul-Emile Bouchy<\/a><br \/>\n        <\/strong><\/p>\n<p>        Publi\u00e9 le<\/p>\n<p>            1 oct. 2025 \u00e0 7h02        <\/p>\n<p>En cette fin de semaine, <strong>une \u00e9quipe de tournage va prendre possession de plusieurs rues<\/strong> pr\u00e8s de la cath\u00e9drale de <a href=\"https:\/\/actu.fr\/grand-est\/nancy_54395\" target=\"_blank\" rel=\"noopener\">Nancy<\/a> pour y r\u00e9aliser le film\u00a0La Derni\u00e8re Patiente\u00a0de R\u00e9mi Bassaler.<\/p>\n<p class=\" wall-content\">Pour son bon d\u00e9roulement, plusieurs rues vont voir leur <a href=\"https:\/\/actu.fr\/tag\/circulation\" target=\"_blank\" rel=\"noopener\">circulation<\/a> limit\u00e9e et le <a href=\"https:\/\/actu.fr\/tag\/stationnement\" target=\"_blank\" rel=\"noopener\">stationnement<\/a> de v\u00e9hicules interdit. <strong>On fait le point sur les perturbations<\/strong>.<\/p>\n<p>Le stationnement interdit d\u00e8s mercredi soir pr\u00e8s de la cath\u00e9drale de Nancy<\/p>\n<p class=\" wall-content\">Dans le cadre du tournage, <strong>le stationnement sera interdit dans les rues Montesquieu, de la Primatiale et du Clo\u00eetre<\/strong> du mercredi 1er\u00a0octobre \u00e0 18h jusqu\u2019au samedi 4\u00a0octobre \u00e0 19h.<\/p>\n<p class=\" wall-content\">Vendredi 3 octobre, entre 9h et 12h, lors des sc\u00e8nes, la rue Montesquieu sera <strong>bloqu\u00e9e pour les voitures au niveau du num\u00e9ro\u00a04<\/strong>. Les pi\u00e9tons pourront circuler librement la plupart du temps.<\/p>\n<p class=\" wall-content\">L\u2019apr\u00e8s-midi, entre 13h30 et 17h, l\u2019\u00e9quipe du film sera amen\u00e9e \u00e0 <strong>bloquer ponctuellement la rue de la Primatiale et la rue du Clo\u00eetre<\/strong> pour les pi\u00e9tons et les voitures lors des prises.<\/p>\n<p class=\" wall-content\">Personnalisez votre actualit\u00e9 en ajoutant vos villes et m\u00e9dias en favori avec <a href=\"https:\/\/moncompte.actu.fr\" title=\"D\u00e9couvez Mon Actu\" rel=\"nofollow noopener\" data-trk=\"{&quot;cta&quot;:{&quot;action&quot;:&quot;https:\\\/\\\/moncompte.actu.fr&quot;,&quot;category&quot;:&quot;mon compte&quot;,&quot;from&quot;:&quot;article footer&quot;,&quot;name&quot;:&quot;Mon actu&quot;,&quot;type&quot;:&quot;cta&quot;}}\" target=\"_blank\">Mon Actu<\/a>.<\/p>\n","protected":false},"excerpt":{"rendered":"Par Paul-Emile Bouchy Publi\u00e9 le 1 oct. 2025 \u00e0 7h02 En cette fin de semaine, une \u00e9quipe de&hellip;\n","protected":false},"author":2,"featured_media":430379,"comment_status":"","ping_status":"","sticky":false,"template":"","format":"standard","meta":{"footnotes":""},"categories":[9635],"tags":[1111,11,3542,1777,674,1011,27,775,1702,12,25,104,6173],"class_list":{"0":"post-430378","1":"post","2":"type-post","3":"status-publish","4":"format-standard","5":"has-post-thumbnail","7":"category-nancy","8":"tag-actu","9":"tag-actualites","10":"tag-circulation","11":"tag-eu","12":"tag-europe","13":"tag-fr","14":"tag-france","15":"tag-grand-est","16":"tag-nancy","17":"tag-news","18":"tag-republique-francaise","19":"tag-societe","20":"tag-stationnement"},"share_on_mastodon":{"url":"https:\/\/pubeurope.com\/@fr\/115297309402413837","error":""},"_links":{"self":[{"href":"https:\/\/www.europesays.com\/fr\/wp-json\/wp\/v2\/posts\/430378","targetHints":{"allow":["GET"]}}],"collection":[{"href":"https:\/\/www.europesays.com\/fr\/wp-json\/wp\/v2\/posts"}],"about":[{"href":"https:\/\/www.europesays.com\/fr\/wp-json\/wp\/v2\/types\/post"}],"author":[{"embeddable":true,"href":"https:\/\/www.europesays.com\/fr\/wp-json\/wp\/v2\/users\/2"}],"replies":[{"embeddable":true,"href":"https:\/\/www.europesays.com\/fr\/wp-json\/wp\/v2\/comments?post=430378"}],"version-history":[{"count":0,"href":"https:\/\/www.europesays.com\/fr\/wp-json\/wp\/v2\/posts\/430378\/revisions"}],"wp:featuredmedia":[{"embeddable":true,"href":"https:\/\/www.europesays.com\/fr\/wp-json\/wp\/v2\/media\/430379"}],"wp:attachment":[{"href":"https:\/\/www.europesays.com\/fr\/wp-json\/wp\/v2\/media?parent=430378"}],"wp:term":[{"taxonomy":"category","embeddable":true,"href":"https:\/\/www.europesays.com\/fr\/wp-json\/wp\/v2\/categories?post=430378"},{"taxonomy":"post_tag","embeddable":true,"href":"https:\/\/www.europesays.com\/fr\/wp-json\/wp\/v2\/tags?post=430378"}],"curies":[{"name":"wp","href":"https:\/\/api.w.org\/{rel}","templated":true}]}}