{"id":430384,"date":"2025-10-01T05:43:18","date_gmt":"2025-10-01T05:43:18","guid":{"rendered":"https:\/\/www.europesays.com\/fr\/430384\/"},"modified":"2025-10-01T05:43:18","modified_gmt":"2025-10-01T05:43:18","slug":"toulon-sur-arroux-jeux-activites-un-apres-midi-familial-propose-samedi","status":"publish","type":"post","link":"https:\/\/www.europesays.com\/fr\/430384\/","title":{"rendered":"Toulon-sur-Arroux. Jeux, activit\u00e9s\u2026 un apr\u00e8s-midi familial propos\u00e9 samedi"},"content":{"rendered":"<p>Le foyer rural de Toulon-sur-Arroux propose un apr\u00e8s-midi familial, samedi 4\u00a0octobre, de 15 \u00e0 18 heures. Sur le magnifique site de la promenade en cas de beau temps et repli \u00e0 proximit\u00e9 \u00e0 la salle Jean-Chandioux en cas d\u2019intemp\u00e9rie, diverses activit\u00e9s ludiques combleront les enfants comme les parents. Atelier bulles, arts plastiques, traces et empreintes ou encore apprentissage de la sarbacane avec un professionnel, c\u00f4toieront les jeux en bois g\u00e9ants de Diverti\u2019parc. La jeunesse pourra \u00e9galement faire son march\u00e9 gratuitement sur les \u00e9tals remplis de jeux \u00e9ducatifs, livres ou encore v\u00eatements. Gourmandises et buvette agr\u00e9menteront ce moment convivial ouvert \u00e0 tous.<\/p>\n","protected":false},"excerpt":{"rendered":"Le foyer rural de Toulon-sur-Arroux propose un apr\u00e8s-midi familial, samedi 4\u00a0octobre, de 15 \u00e0 18 heures. Sur le&hellip;\n","protected":false},"author":2,"featured_media":430385,"comment_status":"","ping_status":"","sticky":false,"template":"","format":"standard","meta":{"footnotes":""},"categories":[9619],"tags":[1111,11,12568,1777,674,107,1011,27,14000,12,882,25,104,2310,13999,1631],"class_list":{"0":"post-430384","1":"post","2":"type-post","3":"status-publish","4":"format-standard","5":"has-post-thumbnail","7":"category-toulon","8":"tag-actu","9":"tag-actualites","10":"tag-edition-montceau-les-mines","11":"tag-eu","12":"tag-europe","13":"tag-fil-info","14":"tag-fr","15":"tag-france","16":"tag-montceau-les-mines-bassin","17":"tag-news","18":"tag-provence-alpes-cote-dazur","19":"tag-republique-francaise","20":"tag-societe","21":"tag-toulon","22":"tag-toulon-sur-arroux","23":"tag-vie-associative"},"share_on_mastodon":{"url":"https:\/\/pubeurope.com\/@fr\/115297321193907956","error":""},"_links":{"self":[{"href":"https:\/\/www.europesays.com\/fr\/wp-json\/wp\/v2\/posts\/430384","targetHints":{"allow":["GET"]}}],"collection":[{"href":"https:\/\/www.europesays.com\/fr\/wp-json\/wp\/v2\/posts"}],"about":[{"href":"https:\/\/www.europesays.com\/fr\/wp-json\/wp\/v2\/types\/post"}],"author":[{"embeddable":true,"href":"https:\/\/www.europesays.com\/fr\/wp-json\/wp\/v2\/users\/2"}],"replies":[{"embeddable":true,"href":"https:\/\/www.europesays.com\/fr\/wp-json\/wp\/v2\/comments?post=430384"}],"version-history":[{"count":0,"href":"https:\/\/www.europesays.com\/fr\/wp-json\/wp\/v2\/posts\/430384\/revisions"}],"wp:featuredmedia":[{"embeddable":true,"href":"https:\/\/www.europesays.com\/fr\/wp-json\/wp\/v2\/media\/430385"}],"wp:attachment":[{"href":"https:\/\/www.europesays.com\/fr\/wp-json\/wp\/v2\/media?parent=430384"}],"wp:term":[{"taxonomy":"category","embeddable":true,"href":"https:\/\/www.europesays.com\/fr\/wp-json\/wp\/v2\/categories?post=430384"},{"taxonomy":"post_tag","embeddable":true,"href":"https:\/\/www.europesays.com\/fr\/wp-json\/wp\/v2\/tags?post=430384"}],"curies":[{"name":"wp","href":"https:\/\/api.w.org\/{rel}","templated":true}]}}