{"id":430390,"date":"2025-10-01T05:46:10","date_gmt":"2025-10-01T05:46:10","guid":{"rendered":"https:\/\/www.europesays.com\/fr\/430390\/"},"modified":"2025-10-01T05:46:10","modified_gmt":"2025-10-01T05:46:10","slug":"un-bien-dexception","status":"publish","type":"post","link":"https:\/\/www.europesays.com\/fr\/430390\/","title":{"rendered":"\u00ab Un bien d&rsquo;exception \u00bb"},"content":{"rendered":"<p>            Par<br \/>\n        <strong><br \/>\n            <a href=\"https:\/\/actu.fr\/auteur\/adrien-filoche\" title=\"Consulter tous les articles de Adrien Filoche\" rel=\"nofollow noopener\" target=\"_blank\">Adrien Filoche<\/a><br \/>\n        <\/strong><\/p>\n<p>        Publi\u00e9 le<\/p>\n<p>            1 oct. 2025 \u00e0 6h50        <\/p>\n<p>En vente depuis quelques ann\u00e9es, <a href=\"https:\/\/actu.fr\/normandie\/henouville_76354\/images-qui-veut-s-offrir-ce-chateau-de-17-pieces-en-bord-de-seine-pres-de-rouen_56301705.html\" rel=\"nofollow noopener\" target=\"_blank\">le ch\u00e2teau de la Fontaine \u00e0 H\u00e9nouville<\/a>, \u00e0 une vingtaine de minutes en voiture de <a href=\"https:\/\/actu.fr\/normandie\/rouen_76540\" rel=\"nofollow noopener\" target=\"_blank\">Rouen (Seine-Maritime)<\/a>, recherche toujours un acheteur\u2009! \u00ab\u2009C\u2019est l\u2019un des ch\u00e2teaux les plus proches de Rouen. \u00c0 moins de 20 de minute, vous n\u2019en avez pas 50 comme celui-ci\u2009!\u2009\u00bb, pr\u00e9sente <strong>Alain Chartois<\/strong>, responsable de l\u2019agence 123webimmo qui g\u00e8re la vente de ce bien.<\/p>\n<p>Deux offres d\u2019achat au cours de l\u2019\u00e9t\u00e9<\/p>\n<p class=\" wall-content\">Cette demeure est occup\u00e9e depuis 1973 par la famille Coisy qui y exer\u00e7ait une<strong> activit\u00e9 de traiteur.<\/strong> \u00ab\u2009Les parents du propri\u00e9taire l\u2019avaient achet\u00e9 il y a pr\u00e8s 50\u00a0ans. Il y a un poids affectif important\u2009\u00bb, poursuit Alain Chartois.<\/p>\n<p class=\" wall-content\">D\u2019une surface de 850 m\u00b2, le ch\u00e2teau de la Fontaine abrite <strong>17\u00a0pi\u00e8ces<\/strong>, dont <strong>six chambres<\/strong>, une buanderie, un bureau, <strong>une cuisine de 225m\u00b2<\/strong> en sous-sol, ainsi qu\u2019<strong>une propri\u00e9t\u00e9 ind\u00e9pendante de 235m\u00b2<\/strong>. \u00ab C\u2019est un bien d\u2019exception\u2009\u00bb, assure Alain Chartois. La demeure jouxte <strong>un parc de deux hectares<\/strong> qui offre une <strong>splendide vue sur la Seine.<\/strong><\/p>\n<blockquote class=\"ac-article-quote wall-content\">\n<p>Il y a un r\u00e9el potentiel. Il y a des appartements au-dessus, on peut faire des chambres, non sans faire quelques travaux. Le ch\u00e2teau est aux normes \u00e9lectriques, la toiture a \u00e9t\u00e9 refaite il y a une dizaine d\u2019ann\u00e9es. Cela peut autant \u00eatre pour un professionnel qui souhaite faire de l\u2019\u00e9v\u00e8nementiel que pour un particulier.<\/p>\n<p>    <strong>Alain Chartois,<\/strong><br \/>\n        responsable de l&rsquo;agence 123webimmo.    <\/p><\/blockquote>\n<p class=\" wall-content\">La demeure a d\u00e9j\u00e0 attir\u00e9 l\u2019\u0153il de potentiels acheteurs, mais aucune vente n\u2019a pour le moment \u00e9t\u00e9 conclue. \u00ab\u2009Il y a eu plusieurs offres, deux au cours de l\u2019\u00e9t\u00e9, mais les financements n\u2019ont pas \u00e9t\u00e9 au bout\u2009\u00bb, relate Alain Chartois. Malgr\u00e9 cela, l\u2019agent reste confiant\u2009: \u00ab\u2009On a bon espoir pour la vente. On est sur un prix coh\u00e9rent.\u2009\u00bb Pour ce bien exceptionnel, il faudra tout de m\u00eame d\u00e9bourser la somme de<strong> 1\u2009995\u2009000\u00a0euros.<\/strong><\/p>\n<p>L\u2019annonce de la vente du bien est \u00e0 retrouver <a href=\"https:\/\/www.leboncoin.fr\/ad\/ventes_immobilieres\/2956535330\" rel=\"nofollow noopener\" target=\"_blank\">en ligne<\/a>Suivez l\u2019actualit\u00e9 de Rouen sur <a href=\"https:\/\/www.whatsapp.com\/channel\/0029VaKfnf99hXF2ddApFB1D\" rel=\"nofollow noopener\" target=\"_blank\">notre cha\u00eene WhatsApp<\/a> et sur <a href=\"https:\/\/www.tiktok.com\/@76actu.fr?lang=fr\" rel=\"nofollow noopener\" target=\"_blank\">notre compte TikTok<\/a><\/p>\n<p class=\" wall-content\">Personnalisez votre actualit\u00e9 en ajoutant vos villes et m\u00e9dias en favori avec <a href=\"https:\/\/moncompte.actu.fr\" title=\"D\u00e9couvez Mon Actu\" rel=\"nofollow noopener\" data-trk=\"{&quot;cta&quot;:{&quot;action&quot;:&quot;https:\\\/\\\/moncompte.actu.fr&quot;,&quot;category&quot;:&quot;mon compte&quot;,&quot;from&quot;:&quot;article footer&quot;,&quot;name&quot;:&quot;Mon actu&quot;,&quot;type&quot;:&quot;cta&quot;}}\" target=\"_blank\">Mon Actu<\/a>.<\/p>\n<p>                    <script async src=\"\/\/www.tiktok.com\/embed.js\"><\/script><\/p>\n","protected":false},"excerpt":{"rendered":"Par Adrien Filoche Publi\u00e9 le 1 oct. 2025 \u00e0 6h50 En vente depuis quelques ann\u00e9es, le ch\u00e2teau de&hellip;\n","protected":false},"author":2,"featured_media":430391,"comment_status":"","ping_status":"","sticky":false,"template":"","format":"standard","meta":{"footnotes":""},"categories":[9587],"tags":[1111,11,33,1777,674,1011,27,1757,12,5161,2551,25,9590],"class_list":{"0":"post-430390","1":"post","2":"type-post","3":"status-publish","4":"format-standard","5":"has-post-thumbnail","7":"category-rouen","8":"tag-actu","9":"tag-actualites","10":"tag-economie","11":"tag-eu","12":"tag-europe","13":"tag-fr","14":"tag-france","15":"tag-insolite","16":"tag-news","17":"tag-normandie","18":"tag-patrimoine","19":"tag-republique-francaise","20":"tag-rouen"},"share_on_mastodon":{"url":"https:\/\/pubeurope.com\/@fr\/115297333030822823","error":""},"_links":{"self":[{"href":"https:\/\/www.europesays.com\/fr\/wp-json\/wp\/v2\/posts\/430390","targetHints":{"allow":["GET"]}}],"collection":[{"href":"https:\/\/www.europesays.com\/fr\/wp-json\/wp\/v2\/posts"}],"about":[{"href":"https:\/\/www.europesays.com\/fr\/wp-json\/wp\/v2\/types\/post"}],"author":[{"embeddable":true,"href":"https:\/\/www.europesays.com\/fr\/wp-json\/wp\/v2\/users\/2"}],"replies":[{"embeddable":true,"href":"https:\/\/www.europesays.com\/fr\/wp-json\/wp\/v2\/comments?post=430390"}],"version-history":[{"count":0,"href":"https:\/\/www.europesays.com\/fr\/wp-json\/wp\/v2\/posts\/430390\/revisions"}],"wp:featuredmedia":[{"embeddable":true,"href":"https:\/\/www.europesays.com\/fr\/wp-json\/wp\/v2\/media\/430391"}],"wp:attachment":[{"href":"https:\/\/www.europesays.com\/fr\/wp-json\/wp\/v2\/media?parent=430390"}],"wp:term":[{"taxonomy":"category","embeddable":true,"href":"https:\/\/www.europesays.com\/fr\/wp-json\/wp\/v2\/categories?post=430390"},{"taxonomy":"post_tag","embeddable":true,"href":"https:\/\/www.europesays.com\/fr\/wp-json\/wp\/v2\/tags?post=430390"}],"curies":[{"name":"wp","href":"https:\/\/api.w.org\/{rel}","templated":true}]}}