{"id":430394,"date":"2025-10-01T05:48:12","date_gmt":"2025-10-01T05:48:12","guid":{"rendered":"https:\/\/www.europesays.com\/fr\/430394\/"},"modified":"2025-10-01T05:48:12","modified_gmt":"2025-10-01T05:48:12","slug":"le-chikungunya-simplante-t-il-pres-de-grenoble","status":"publish","type":"post","link":"https:\/\/www.europesays.com\/fr\/430394\/","title":{"rendered":"le chikungunya s&rsquo;implante-t-il pr\u00e8s de Grenoble ?"},"content":{"rendered":"<p itemprop=\"description\"><strong>Cela fait des semaines que l&rsquo;Agence r\u00e9gionale de sant\u00e9 est sur les dents concernant l&rsquo;agglom\u00e9ration grenobloise.<\/strong><\/p>\n<p>La faute \u00e0 des cas de chikungunya, qui entra\u00eenent r\u00e9guli\u00e8rement des op\u00e9rations nocturnes de d\u00e9moustication.<\/p>\n<p>Dernier foyer de contamination en date : Varces-Alli\u00e8res-et-Risset. La mairie annonce que l&rsquo;ARS a d\u00e9tect\u00e9 un deuxi\u00e8me cas autochtone de chikungunya. Ce dernier se trouvait \u00ab\u00a0dans un secteur diff\u00e9rent\u00a0\u00bb du premier patient d\u00e9couvert ces derniers jours.<\/p>\n<p>Une enqu\u00eate entomologique est donc organis\u00e9e sur la commune is\u00e9roise ce mercredi. Cette enqu\u00eate a pour objectif d\u2019identifier la pr\u00e9sence ou non du moustique tigre et estimer le risque vectoriel. Si aucun moustique tigre n\u2019est trouv\u00e9, l\u2019enqu\u00eate sera d\u00e9clar\u00e9e n\u00e9gative. Mais si des moustiques sont observ\u00e9s, l\u2019enqu\u00eate est alors positive et n\u00e9cessitera tr\u00e8s probablement un traitement \u00e0 base d\u2019insecticide pour \u00e9liminer les populations de moustiques tigre adultes qui auraient pu \u00eatre contamin\u00e9s et pourraient transmettre le virus aux r\u00e9sidents.<\/p>\n<p>Pour rappel, Eybens est le foyer de contamination au chikungunya le plus important de la r\u00e9gion, avec 35 cas autochtones recens\u00e9s, c&rsquo;est \u00e0 dire 35 personnes contamin\u00e9es directement sur place, et non pas revenues de l&rsquo;\u00e9tranger avec le chikungunya. Tous les diff\u00e9rents foyers recens\u00e9s sont toujours actifs, sauf celui de Claix qui a \u00e9t\u00e9 vaincu.<\/p>\n","protected":false},"excerpt":{"rendered":"Cela fait des semaines que l&rsquo;Agence r\u00e9gionale de sant\u00e9 est sur les dents concernant l&rsquo;agglom\u00e9ration grenobloise. La faute&hellip;\n","protected":false},"author":2,"featured_media":430395,"comment_status":"","ping_status":"","sticky":false,"template":"","format":"standard","meta":{"footnotes":""},"categories":[9566],"tags":[1111,11,7733,8279,2430,7736,650,7734,2889,2263,1777,674,1011,27,2731,8280,6417,1114,108,4662,12,3725,1825,25,7737],"class_list":{"0":"post-430394","1":"post","2":"type-post","3":"status-publish","4":"format-standard","5":"has-post-thumbnail","7":"category-grenoble","8":"tag-actu","9":"tag-actualites","10":"tag-alpes","11":"tag-alpes1","12":"tag-auvergne-rhone-alpes","13":"tag-cds","14":"tag-cinema","15":"tag-ecoute","16":"tag-emission","17":"tag-equipe","18":"tag-eu","19":"tag-europe","20":"tag-fr","21":"tag-france","22":"tag-grenoble","23":"tag-haute","24":"tag-information","25":"tag-infos","26":"tag-isere","27":"tag-journal","28":"tag-news","29":"tag-podcast","30":"tag-radio","31":"tag-republique-francaise","32":"tag-winamp"},"share_on_mastodon":{"url":"https:\/\/pubeurope.com\/@fr\/115297340880653713","error":""},"_links":{"self":[{"href":"https:\/\/www.europesays.com\/fr\/wp-json\/wp\/v2\/posts\/430394","targetHints":{"allow":["GET"]}}],"collection":[{"href":"https:\/\/www.europesays.com\/fr\/wp-json\/wp\/v2\/posts"}],"about":[{"href":"https:\/\/www.europesays.com\/fr\/wp-json\/wp\/v2\/types\/post"}],"author":[{"embeddable":true,"href":"https:\/\/www.europesays.com\/fr\/wp-json\/wp\/v2\/users\/2"}],"replies":[{"embeddable":true,"href":"https:\/\/www.europesays.com\/fr\/wp-json\/wp\/v2\/comments?post=430394"}],"version-history":[{"count":0,"href":"https:\/\/www.europesays.com\/fr\/wp-json\/wp\/v2\/posts\/430394\/revisions"}],"wp:featuredmedia":[{"embeddable":true,"href":"https:\/\/www.europesays.com\/fr\/wp-json\/wp\/v2\/media\/430395"}],"wp:attachment":[{"href":"https:\/\/www.europesays.com\/fr\/wp-json\/wp\/v2\/media?parent=430394"}],"wp:term":[{"taxonomy":"category","embeddable":true,"href":"https:\/\/www.europesays.com\/fr\/wp-json\/wp\/v2\/categories?post=430394"},{"taxonomy":"post_tag","embeddable":true,"href":"https:\/\/www.europesays.com\/fr\/wp-json\/wp\/v2\/tags?post=430394"}],"curies":[{"name":"wp","href":"https:\/\/api.w.org\/{rel}","templated":true}]}}