{"id":430399,"date":"2025-10-01T05:51:32","date_gmt":"2025-10-01T05:51:32","guid":{"rendered":"https:\/\/www.europesays.com\/fr\/430399\/"},"modified":"2025-10-01T05:51:32","modified_gmt":"2025-10-01T05:51:32","slug":"leau-du-robinet-coupee-dans-cette-commune-pres-de-rennes-un-retour-a-la-normale-retarde","status":"publish","type":"post","link":"https:\/\/www.europesays.com\/fr\/430399\/","title":{"rendered":"L\u2019eau du robinet coup\u00e9e dans cette commune pr\u00e8s de Rennes\u00a0: un retour \u00e0 la normale retard\u00e9"},"content":{"rendered":"<p>Bis repetita pour les habitants de Corps-Nuds (Ille-et-Vilaine). Alors que <a href=\"https:\/\/rennes.maville.com\/actu\/actudet_-l-eau-du-robinet-coupee-dans-cette-commune-pres-de-rennes-des-bouteilles-d-eau-distribuees-_7-6998505_actu.Htm\" target=\"_blank\" rel=\"noopener\">l\u2019eau du robinet est coup\u00e9e temporairement<\/a> dans la commune bretonne depuis lundi 29\u00a0septembre 2025 et qu\u2019un retour \u00e0 la normale \u00e9tait pr\u00e9vu rapidement, Eau du bassin rennais r\u00e9trop\u00e9dale.<\/p>\n<p><strong>\u00ab\u00a0En raison d\u2019une rupture de canalisation d\u2019eau potable alimentant la commune, la distribution d\u2019eau a \u00e9t\u00e9 coup\u00e9e et sera r\u00e9tablie dans la nuit avec une eau non potable\u00a0\u00bb,<\/strong> annonce la collectivit\u00e9 dans un communiqu\u00e9 diffus\u00e9 ce mardi 30 septembre. La raison de ce d\u00e9lai\u00a0? L\u2019attente de r\u00e9sultats d\u2019analyse qui peuvent prendre <strong>\u00ab\u00a0jusqu\u2019\u00e0 trois jours\u00a0\u00bb<\/strong>.<\/p>\n<p><strong>Lire aussi\u00a0: <\/strong> <a href=\"https:\/\/rennes.maville.com\/actu\/actudet_-reportage.-quatre-communes-et-leurs-milliers-d-habitants-prives-d-eau-potable-au-sud-de-rennes-_7-6998916_actu.Htm\" target=\"_blank\" rel=\"noopener\">REPORTAGE. Quatre communes et leurs milliers d\u2019habitants priv\u00e9s d\u2019eau potable au sud de Rennes<\/a><\/p>\n<p>Que faire avec une eau non potable\u00a0?<\/p>\n<p>L\u2019eau ne doit pas \u00eatre bue ni \u00eatre utilis\u00e9e pour la pr\u00e9paration des aliments. Toutefois, l\u2019eau du robinet peut \u00eatre utilis\u00e9e pour tous les autres usages corporels et domestiques\u00a0: hygi\u00e8ne corporelle, eaux des WC, m\u00e9nage.<\/p>\n<p>Pour r\u00e9pondre aux besoins essentiels des habitants, un dispositif d\u2019approvisionnement d\u2019eau en bouteille a \u00e9t\u00e9 mis en place par les \u00e9quipes d\u2019Eau du Bassin Rennais, en coordination avec la mairie de Corps-Nuds.\u00a0Cette distribution de bouteilles est pr\u00e9vue au 32,\u00a0rue des loisirs, tous les jours de 18 \u00e0 20\u00a0h.<\/p>\n<p>La collectivit\u00e9 assure mettre tout en \u0153uvre pour<strong> \u00ab\u00a0r\u00e9tablir la distribution d\u2019une eau potable au robinet dans les plus brefs d\u00e9lais\u00a0\u00bb<\/strong>.<\/p>\n<p>\u00a0<\/p>\n","protected":false},"excerpt":{"rendered":"Bis repetita pour les habitants de Corps-Nuds (Ille-et-Vilaine). Alors que l\u2019eau du robinet est coup\u00e9e temporairement dans la&hellip;\n","protected":false},"author":2,"featured_media":430400,"comment_status":"","ping_status":"","sticky":false,"template":"","format":"standard","meta":{"footnotes":""},"categories":[2821],"tags":[1111,11,829,7052,36078,4858,1777,674,1011,27,12,40047,3762,3086,584,25,55867,8133,16364],"class_list":{"0":"post-430399","1":"post","2":"type-post","3":"status-publish","4":"format-standard","5":"has-post-thumbnail","7":"category-rennes","8":"tag-actu","9":"tag-actualites","10":"tag-bretagne","11":"tag-commune","12":"tag-coupee","13":"tag-eau","14":"tag-eu","15":"tag-europe","16":"tag-fr","17":"tag-france","18":"tag-news","19":"tag-normale","20":"tag-pres","21":"tag-redon","22":"tag-rennes","23":"tag-republique-francaise","24":"tag-retarde","25":"tag-retour","26":"tag-robinet"},"share_on_mastodon":{"url":"https:\/\/pubeurope.com\/@fr\/115297352664950868","error":""},"_links":{"self":[{"href":"https:\/\/www.europesays.com\/fr\/wp-json\/wp\/v2\/posts\/430399","targetHints":{"allow":["GET"]}}],"collection":[{"href":"https:\/\/www.europesays.com\/fr\/wp-json\/wp\/v2\/posts"}],"about":[{"href":"https:\/\/www.europesays.com\/fr\/wp-json\/wp\/v2\/types\/post"}],"author":[{"embeddable":true,"href":"https:\/\/www.europesays.com\/fr\/wp-json\/wp\/v2\/users\/2"}],"replies":[{"embeddable":true,"href":"https:\/\/www.europesays.com\/fr\/wp-json\/wp\/v2\/comments?post=430399"}],"version-history":[{"count":0,"href":"https:\/\/www.europesays.com\/fr\/wp-json\/wp\/v2\/posts\/430399\/revisions"}],"wp:featuredmedia":[{"embeddable":true,"href":"https:\/\/www.europesays.com\/fr\/wp-json\/wp\/v2\/media\/430400"}],"wp:attachment":[{"href":"https:\/\/www.europesays.com\/fr\/wp-json\/wp\/v2\/media?parent=430399"}],"wp:term":[{"taxonomy":"category","embeddable":true,"href":"https:\/\/www.europesays.com\/fr\/wp-json\/wp\/v2\/categories?post=430399"},{"taxonomy":"post_tag","embeddable":true,"href":"https:\/\/www.europesays.com\/fr\/wp-json\/wp\/v2\/tags?post=430399"}],"curies":[{"name":"wp","href":"https:\/\/api.w.org\/{rel}","templated":true}]}}