{"id":430407,"date":"2025-10-01T05:55:19","date_gmt":"2025-10-01T05:55:19","guid":{"rendered":"https:\/\/www.europesays.com\/fr\/430407\/"},"modified":"2025-10-01T05:55:19","modified_gmt":"2025-10-01T05:55:19","slug":"une-place-sarkozy-a-nice","status":"publish","type":"post","link":"https:\/\/www.europesays.com\/fr\/430407\/","title":{"rendered":"une place Sarkozy \u00e0 Nice"},"content":{"rendered":"<p><img loading=\"lazy\" decoding=\"async\" width=\"994\" height=\"1018\" data-attachment-id=\"96462\" data-permalink=\"https:\/\/contre-attaque.net\/2025\/10\/01\/ceci-nest-pas-une-blague-une-place-sarkozy-a-nice\/signal-2025-09-30-230310_002\/\" data-orig-file=\"https:\/\/www.europesays.com\/fr\/wp-content\/uploads\/2025\/10\/signal-2025-09-30-230310_002.jpeg\" data-orig-size=\"994,1018\" data-comments-opened=\"0\" data-image-meta=\"{&quot;aperture&quot;:&quot;0&quot;,&quot;credit&quot;:&quot;&quot;,&quot;camera&quot;:&quot;&quot;,&quot;caption&quot;:&quot;&quot;,&quot;created_timestamp&quot;:&quot;0&quot;,&quot;copyright&quot;:&quot;&quot;,&quot;focal_length&quot;:&quot;0&quot;,&quot;iso&quot;:&quot;0&quot;,&quot;shutter_speed&quot;:&quot;0&quot;,&quot;title&quot;:&quot;&quot;,&quot;orientation&quot;:&quot;0&quot;}\" data-image-title=\"signal-2025-09-30-230310_002\" data-image-description=\"\" data-image-caption=\"\" data-medium-file=\"https:\/\/contre-attaque.net\/wp-content\/uploads\/2025\/10\/signal-2025-09-30-230310_002-293x300.jpeg\" data-large-file=\"https:\/\/www.europesays.com\/fr\/wp-content\/uploads\/2025\/10\/signal-2025-09-30-230310_002.jpeg\" src=\"https:\/\/www.europesays.com\/fr\/wp-content\/uploads\/2025\/10\/signal-2025-09-30-230310_002.jpeg\" alt=\"Nicolas Sarkozy lors d'un meeting, \u00e0 c\u00f4t\u00e9 de Christian Estrosi, le maire de Nice qui veut nommer une place \u00e0 son nom.\" class=\"wp-image-96462\"  \/><\/p>\n<p>La politique fran\u00e7aise est devenue un \u00e9pisode g\u00e9ant de South Park, ou un exercice de trolling g\u00e9ant. \u00c0 moins qu\u2019il ne s\u2019agisse d\u2019une exp\u00e9rience sociale \u00e0 l\u2019\u00e9chelle d\u2019un pays entier, pour tester jusqu\u2019o\u00f9 peut aller une classe politique corrompue et obsc\u00e8ne avant de provoquer une guerre civile ?<\/p>\n<p>Le maire de Nice Christian Estrosi vient d\u2019annoncer le 29 septembre qu\u2019il allait donner le nom de Nicolas Sarkozy au futur parvis de l\u2019h\u00f4tel de sa police municipale. Ce vieux copain du clan Sarkozy, d\u00e9sormais proche de Macron, a bien m\u00e9rit\u00e9 une laisse d\u2019or.<\/p>\n<p>La provocation est totale : Sarkozy sacralis\u00e9 de son vivant, <a href=\"https:\/\/contre-attaque.net\/2025\/09\/30\/coup-detat-mediatique-permanent-la-meute-au-secours-de-sarkozy\/\" target=\"_blank\" rel=\"noopener\">juste apr\u00e8s avoir \u00e9t\u00e9 condamn\u00e9 pour la troisi\u00e8me fois par la justice<\/a>, et pour baptiser une place consacr\u00e9e \u00e0 la police dans l\u2019une des villes les plus s\u00e9curitaires de France. Et le plus fou, c\u2019est qu\u2019Estrosi d\u00e9clare que cette d\u00e9cision vise \u00e0 \u00absaluer l\u2019action d\u00e9terminante que Sarkozy a men\u00e9e, d\u2019abord comme ministre de l\u2019Int\u00e9rieur puis comme pr\u00e9sident de la R\u00e9publique, en faisant de la s\u00e9curit\u00e9 une priorit\u00e9 nationale\u00bb. Tout est sid\u00e9rant dans cette phrase. Il a m\u00eame os\u00e9 : \u00abC\u2019est un geste de d\u00e9cence et d\u2019amiti\u00e9\u00bb. Les mots sont syst\u00e9matiquement renvers\u00e9s.<\/p>\n<p>Cette op\u00e9ration d\u00e9montre que la caste qui hurle \u00e0 l\u2019ins\u00e9curit\u00e9 et veut emprisonner le moindre petit voleur se moque totalement des faits, et qu\u2019elle fera toujours bloc pour d\u00e9fendre sa classe de criminels en col blanc. La police est une institution au service des dominants, et n\u2019a jamais \u00e9t\u00e9 au service de la population : c\u2019est Estrosi lui-m\u00eame qui le d\u00e9montre par sa d\u00e9cision.<\/p>\n<p>Dans le m\u00eame registre, le 18 juin, Bruno Retailleau annon\u00e7ait le lancement d\u2019une \u00abvaste campagne d\u2019adh\u00e9sion aux R\u00e9publicain\u00bb avec un slogan fabuleux : <a href=\"https:\/\/contre-attaque.net\/2025\/06\/19\/exclusif-bruno-retailleau-tente-une-carriere-dhumoriste\/\" target=\"_blank\" rel=\"noopener\">\u00abLa France des honn\u00eates gens\u00bb<\/a>. Qui est le g\u00e9nie incompris du marketing qui a valid\u00e9 une telle campagne ? S\u2019agit-il d\u2019un troll infiltr\u00e9 au cabinet de Retailleau ?<\/p>\n<p>Car tout le monde le sait, Les R\u00e9publicains, c\u2019est le parti le plus malhonn\u00eate de l\u2019histoire contemporaine de la France. Un parti qui a plac\u00e9 l\u2019escroquerie, le d\u00e9tournement de fond et le mensonge au rang de disciplines olympiques. On y trouve Fran\u00e7ois Fillon le corrompu, condamn\u00e9 \u00e0 quatre ans de prison avec sursis et de 10 ans d\u2019in\u00e9ligibilit\u00e9 dans l\u2019affaire de l\u2019emploi fictif de sa femme. La fripouille Laurent Wauquiez, qui a d\u00e9tourn\u00e9 des milliers d\u2019euros d\u2019argent public pour s\u2019offrir des banquets luxueux avec ses copains ou des restos de luxe avec des journalistes d\u2019extr\u00eame droite. Le couple Balkany condamn\u00e9 pour blanchiment de fraude fiscale. Jean-Fran\u00e7ois Cop\u00e9, maire de la commune de Meaux mais habitant dans le 16e arrondissement de Paris, qui a fait payer \u00e0 ses administr\u00e9s un v\u00e9hicule et deux chauffeurs pour se d\u00e9placer entre les deux endroits, le tout pour 126.315 \u20ac par an en moyenne entre 2016 et 2021.<\/p>\n<p>On pourrait continuer avec Brice Hortefeux, surnomm\u00e9 \u00able nazi\u00bb par ses coll\u00e8gues, condamn\u00e9 pour injure raciale, mis en examen en 2020 pour association de malfaiteurs, et contre qui le Parquet National Financier a requis en 2025 trois ans de prison et 150.000 euros d\u2019amende dans l\u2019affaire Libyenne. Alain Jupp\u00e9, condamn\u00e9 pour abus de confiance, recel d\u2019abus de biens sociaux, et prise ill\u00e9gale d\u2019int\u00e9r\u00eat. Serge Dassault le marchand d\u2019arme, condamn\u00e9 pour corruption, notamment pour avoir achet\u00e9 des voix en distribuant des billets. \u00c9ric Woerth poursuivi pour recel. Rachida Dati vis\u00e9e par une affaire pour corruption et trafic d\u2019influence. Darmanin, ancien LR, accus\u00e9 de viols. Et on ne parle m\u00eame pas des tauliers historiques de la droite fran\u00e7aise comme Pasqua, Chirac, Tib\u00e9ri et autres escrocs, dont LR est issu.<\/p>\n<p>Puisque plus rien n\u2019a de sens, autant rigoler un peu. Sugg\u00e9rons \u00e0 la droite fran\u00e7aise d\u2019autres id\u00e9es de noms pour les lieux publics. Pourquoi pas une rue Balkany qui m\u00e8nerait \u00e0 un Palais de Justice ? Et une avenue Fillon dans un quartier o\u00f9 se trouvent des tailleurs de luxe ? Un boulevard De Rugy pour saluer les amateurs de fruits de mer ? Une Place Benalla comme nouveau nom de la Place Beauveau ? Une rue Retailleau pour remplacer une rue au nom d\u2019un R\u00e9sistant ? Qui dit mieux ?<\/p>\n","protected":false},"excerpt":{"rendered":"La politique fran\u00e7aise est devenue un \u00e9pisode g\u00e9ant de South Park, ou un exercice de trolling g\u00e9ant. \u00c0&hellip;\n","protected":false},"author":2,"featured_media":430408,"comment_status":"","ping_status":"","sticky":false,"template":"","format":"standard","meta":{"footnotes":""},"categories":[2819],"tags":[43957,1111,11,55868,2397,1770,2950,1777,674,1011,27,19921,6319,12,2401,3091,882,25],"class_list":{"0":"post-430407","1":"post","2":"type-post","3":"status-publish","4":"format-standard","5":"has-post-thumbnail","7":"category-nice","8":"tag-absurde","9":"tag-actu","10":"tag-actualites","11":"tag-bourgeoisie","12":"tag-christian-estrosi","13":"tag-corruption","14":"tag-delinquance","15":"tag-eu","16":"tag-europe","17":"tag-fr","18":"tag-france","19":"tag-impunite","20":"tag-les-republicains","21":"tag-news","22":"tag-nice","23":"tag-nicolas-sarkozy","24":"tag-provence-alpes-cote-dazur","25":"tag-republique-francaise"},"share_on_mastodon":{"url":"https:\/\/pubeurope.com\/@fr\/115297369097882195","error":""},"_links":{"self":[{"href":"https:\/\/www.europesays.com\/fr\/wp-json\/wp\/v2\/posts\/430407","targetHints":{"allow":["GET"]}}],"collection":[{"href":"https:\/\/www.europesays.com\/fr\/wp-json\/wp\/v2\/posts"}],"about":[{"href":"https:\/\/www.europesays.com\/fr\/wp-json\/wp\/v2\/types\/post"}],"author":[{"embeddable":true,"href":"https:\/\/www.europesays.com\/fr\/wp-json\/wp\/v2\/users\/2"}],"replies":[{"embeddable":true,"href":"https:\/\/www.europesays.com\/fr\/wp-json\/wp\/v2\/comments?post=430407"}],"version-history":[{"count":0,"href":"https:\/\/www.europesays.com\/fr\/wp-json\/wp\/v2\/posts\/430407\/revisions"}],"wp:featuredmedia":[{"embeddable":true,"href":"https:\/\/www.europesays.com\/fr\/wp-json\/wp\/v2\/media\/430408"}],"wp:attachment":[{"href":"https:\/\/www.europesays.com\/fr\/wp-json\/wp\/v2\/media?parent=430407"}],"wp:term":[{"taxonomy":"category","embeddable":true,"href":"https:\/\/www.europesays.com\/fr\/wp-json\/wp\/v2\/categories?post=430407"},{"taxonomy":"post_tag","embeddable":true,"href":"https:\/\/www.europesays.com\/fr\/wp-json\/wp\/v2\/tags?post=430407"}],"curies":[{"name":"wp","href":"https:\/\/api.w.org\/{rel}","templated":true}]}}