{"id":430411,"date":"2025-10-01T05:57:33","date_gmt":"2025-10-01T05:57:33","guid":{"rendered":"https:\/\/www.europesays.com\/fr\/430411\/"},"modified":"2025-10-01T05:57:33","modified_gmt":"2025-10-01T05:57:33","slug":"cest-la-fin-du-ticket-papier-ce-mercredi-1er-octobre","status":"publish","type":"post","link":"https:\/\/www.europesays.com\/fr\/430411\/","title":{"rendered":"c&rsquo;est la fin du ticket papier ce mercredi 1er octobre"},"content":{"rendered":"<p>            Par<br \/>\n        <strong><br \/>\n            <a href=\"https:\/\/actu.fr\/auteur\/thomas-bernard\" title=\"Consulter tous les articles de Thomas Bernard\" rel=\"nofollow noopener\" target=\"_blank\">Thomas Bernard<\/a><br \/>\n        <\/strong><\/p>\n<p>        Publi\u00e9 le<\/p>\n<p>            1 oct. 2025 \u00e0 6h30        <\/p>\n<p>C\u2019est la fin d\u2019une \u00e8re. Une histoire longue de 45 ans. \u00c0 partir de ce mercredi 1er\u00a0octobre 2025, <strong>les tickets papiers jetables Edmonson ne sont plus accept\u00e9s dans les transports en commun du r\u00e9seau Naolib dans la m\u00e9tropole nantaise<\/strong>. Depuis le 19\u00a0mai 2025, <a href=\"https:\/\/actu.fr\/pays-de-la-loire\/nantes_44109\/transports-en-commun-a-nantes-un-nouveau-ticket-pour-prendre-le-bus-et-le-tram_62383860.html\" rel=\"nofollow noopener\" target=\"_blank\">les tickets jetables ont \u00e9t\u00e9 remplac\u00e9s par les tickets sans contact rechargeables<\/a>.<\/p>\n<p>Des tickets \u00e9changeables<\/p>\n<p class=\" wall-content\">Pour fournir ces nouveaux tickets, Soci\u00e9t\u00e9 d\u2019\u00e9conomie mixte des transports en commun de l\u2019agglom\u00e9ration nantaise (Semitan), est en train de d\u00e9ployer <strong>132 distributeurs de titres de transport<\/strong>. Il est \u00e9galement possible d\u2019acheter ces nouveaux titres dans les Relais Naolib, sur la boutique en ligne et \u00e0 l\u2019espace mobilit\u00e9s situ\u00e9 \u00e0 Commerce.<\/p>\n<p class=\" wall-content\">Pour ceux qui n\u2019ont pas \u00e9coul\u00e9 leur stock de tickets jetables, il est possible de<strong> les \u00e9changer gratuitement jusqu\u2019en juillet\u00a02026<\/strong> \u00e0 l\u2019espace mobilit\u00e9s Naolib (Commerce) ou dans les Relais Naolib.<\/p>\n<p class=\" wall-content\">Personnalisez votre actualit\u00e9 en ajoutant vos villes et m\u00e9dias en favori avec <a href=\"https:\/\/moncompte.actu.fr\" title=\"D\u00e9couvez Mon Actu\" rel=\"nofollow noopener\" data-trk=\"{&quot;cta&quot;:{&quot;action&quot;:&quot;https:\\\/\\\/moncompte.actu.fr&quot;,&quot;category&quot;:&quot;mon compte&quot;,&quot;from&quot;:&quot;article footer&quot;,&quot;name&quot;:&quot;Mon actu&quot;,&quot;type&quot;:&quot;cta&quot;}}\" target=\"_blank\">Mon Actu<\/a>.<\/p>\n","protected":false},"excerpt":{"rendered":"Par Thomas Bernard Publi\u00e9 le 1 oct. 2025 \u00e0 6h30 C\u2019est la fin d\u2019une \u00e8re. Une histoire longue&hellip;\n","protected":false},"author":2,"featured_media":430412,"comment_status":"","ping_status":"","sticky":false,"template":"","format":"standard","meta":{"footnotes":""},"categories":[2818],"tags":[1111,11,1777,674,1011,27,766,12,2636,25,104,2803],"class_list":{"0":"post-430411","1":"post","2":"type-post","3":"status-publish","4":"format-standard","5":"has-post-thumbnail","7":"category-nantes","8":"tag-actu","9":"tag-actualites","10":"tag-eu","11":"tag-europe","12":"tag-fr","13":"tag-france","14":"tag-nantes","15":"tag-news","16":"tag-pays-de-la-loire","17":"tag-republique-francaise","18":"tag-societe","19":"tag-transport"},"share_on_mastodon":{"url":"https:\/\/pubeurope.com\/@fr\/115297376243797218","error":""},"_links":{"self":[{"href":"https:\/\/www.europesays.com\/fr\/wp-json\/wp\/v2\/posts\/430411","targetHints":{"allow":["GET"]}}],"collection":[{"href":"https:\/\/www.europesays.com\/fr\/wp-json\/wp\/v2\/posts"}],"about":[{"href":"https:\/\/www.europesays.com\/fr\/wp-json\/wp\/v2\/types\/post"}],"author":[{"embeddable":true,"href":"https:\/\/www.europesays.com\/fr\/wp-json\/wp\/v2\/users\/2"}],"replies":[{"embeddable":true,"href":"https:\/\/www.europesays.com\/fr\/wp-json\/wp\/v2\/comments?post=430411"}],"version-history":[{"count":0,"href":"https:\/\/www.europesays.com\/fr\/wp-json\/wp\/v2\/posts\/430411\/revisions"}],"wp:featuredmedia":[{"embeddable":true,"href":"https:\/\/www.europesays.com\/fr\/wp-json\/wp\/v2\/media\/430412"}],"wp:attachment":[{"href":"https:\/\/www.europesays.com\/fr\/wp-json\/wp\/v2\/media?parent=430411"}],"wp:term":[{"taxonomy":"category","embeddable":true,"href":"https:\/\/www.europesays.com\/fr\/wp-json\/wp\/v2\/categories?post=430411"},{"taxonomy":"post_tag","embeddable":true,"href":"https:\/\/www.europesays.com\/fr\/wp-json\/wp\/v2\/tags?post=430411"}],"curies":[{"name":"wp","href":"https:\/\/api.w.org\/{rel}","templated":true}]}}