{"id":430415,"date":"2025-10-01T05:59:10","date_gmt":"2025-10-01T05:59:10","guid":{"rendered":"https:\/\/www.europesays.com\/fr\/430415\/"},"modified":"2025-10-01T05:59:10","modified_gmt":"2025-10-01T05:59:10","slug":"a-bordeaux-la-double-vie-du-docteur-jean-philippe-grimaud-chirurgien-et-plombier","status":"publish","type":"post","link":"https:\/\/www.europesays.com\/fr\/430415\/","title":{"rendered":"\u00e0 Bordeaux, la double vie du Docteur Jean-Philippe Grimaud, chirurgien et&#8230; plombier"},"content":{"rendered":"<p>Chirurgien cardiaque exp\u00e9riment\u00e9, Jean-Philippe Grimaud a choisi de bousculer les \u00e9vidences. \u00c0 62 ans, il jongle entre la salle d\u2019op\u00e9ration et les chantiers de plomberie, avec un CAP en poche.<\/p>\n<p class=\"fig-paragraph\">Chirurgien cardiaque reconnu \u00e0 la clinique Saint-Augustin de Bordeaux, Jean-Philippe Grimaud, 62 ans, peut troquer dans la m\u00eame journ\u00e9e sa blouse de m\u00e9decin contre une salopette de plombier. Si, depuis pr\u00e8s de vingt ans, il ma\u00eetrise les gestes pr\u00e9cis du bloc op\u00e9ratoire, il s\u2019est aussi perfectionn\u00e9 dans le maniement de la cl\u00e9 \u00e0 molette et autre furet.<\/p>\n<p class=\"fig-paragraph\">Une double vie insolite qui commence en 2018. Un probl\u00e8me domestique banal devient le point de d\u00e9part de cette aventure inattendue. \u00abJ\u2019avais besoin d\u2019un plombier pour des probl\u00e8mes de tuyauterie et j\u2019avais des vraies difficult\u00e9s \u00e0 en trouver un en urgence. J\u2019ai toujours \u00e9t\u00e9 entour\u00e9 d\u2019amis bricoleurs, et puis j\u2019avais un peu cette vocation avec mon grand-p\u00e8re qui \u00e9tait armurier, et mon arri\u00e8re-grand-p\u00e8re serrurier&#8230; Alors j\u2019ai commenc\u00e9 \u00e0 faire les choses moi-m\u00eame, et puis je me d\u00e9brouillais pas mal\u00a0!\u00bb, sourit le Bordelais.<\/p>\n<p>                                    <a class=\"fig-a11y-skip a11y-hidden\" href=\"#fig-a11y-skip-main-inarticle\"><br \/>\n        Passer la publicit\u00e9<br \/>\n    <\/a><\/p>\n<p class=\"fig-paragraph\">En cherchant \u00e0 se perfectionner, Jean-Philippe d\u00e9couvre qu\u2019il existe des formations accessibles, et notamment des cours pratiques, dans le cadre du CAP du lyc\u00e9e professionnel de\u00a0<a href=\"https:\/\/www.lefigaro.fr\/flash-eco\/mmt-b-ex-ford-plan-social-en-vue-visant-230-personnes-en-gironde-20250228?msockid=258c4318a154643d05395665a0ed65f9\" target=\"_blank\" data-fig-type=\"NewsFlash\" rel=\"sponsored noopener nofollow\" data-gtm-custom-categorie=\"navigation\" data-gtm-custom-action=\"crossclick\" data-gtm-custom-label=\"Contextuel\" data-gtm-event=\"customEventSPE\" data-fig-domain=\"LEFIGARO\">Blanquefort<\/a>. Piqu\u00e9 par la curiosit\u00e9, il d\u00e9cide de franchir le pas. \u00abInitialement, je n\u2019avais pas du tout l\u2019id\u00e9e de me professionnaliser. Mais je voulais \u00eatre s\u00fbr que je ne faisais pas de b\u00eatises quand je faisais les choses par moi-m\u00eame. Je suis all\u00e9 \u00e0 quelques cours pratiques, puis j\u2019ai finalement pass\u00e9 le CAP en candidat libre, et je l\u2019ai eu\u00a0!\u00bb, raconte-t-il. \u00abJ\u2019ai achet\u00e9 une voiture pour les d\u00e9placements et je me suis \u00e9quip\u00e9 avec tous les outils n\u00e9cessaires.\u00bb<\/p>\n<p>\u00abAu d\u00e9part, on m\u2019a un peu pris pour un fou\u00bb<\/p>\n<p class=\"fig-paragraph\">En novembre 2018 na\u00eet donc la microentreprise \u00abGrim\u2019eau\u00bb. Les matin\u00e9es de Jean-Philippe sont souvent consacr\u00e9es aux interventions m\u00e9dicales les plus d\u00e9licates, mais, l\u2019apr\u00e8s-midi venu, il part pr\u00eater main-forte sur des chantiers ou d\u00e9panner des particuliers. \u00ab Au niveau administratif, au d\u00e9part, on m\u2019a un peu pris pour un fou&#8230; J\u2019avais contact\u00e9 le Conseil de l\u2019Ordre et le portail des microentrepreneurs. Et puis finalement, j\u2019ai \u00e9t\u00e9 autoris\u00e9 \u00e0 coupler les deux activit\u00e9s\u00bb admet-il, amus\u00e9.<\/p>\n<p class=\"fig-paragraph\">\u00abDans les trois ans qui ont suivi, le rythme \u00e9tait effr\u00e9n\u00e9. Je trouvais \u00e7a surr\u00e9aliste qu\u2019on m\u2019appelle en tant que plombier, \u00e7a m\u2019amusait beaucoup\u00a0! Tr\u00e8s vite, j\u2019ai commenc\u00e9 \u00e0 faire des installations chez certains de mes coll\u00e8gues de l\u2019h\u00f4pital et puis le bouche-\u00e0-oreille a fait que l\u2019on m\u2019appelait tous les jours. Le personnel avait besoin de changer une chasse d\u2019eau, un robinet\u2026 J\u2019ai commenc\u00e9 \u00e0 faire des d\u00e9pannages, et puis de fil en aiguille, je me suis retrouv\u00e9 sollicit\u00e9 en permanence\u00bb, se souvient le docteur.<\/p>\n<p>    Jean-Philippe Grimaud, lors d\u2019une intervention en chirurgie cardiaque.<br \/>\n                Jean-Philippe Grimaud (collection personnelle)<\/p>\n<p class=\"fig-paragraph\">S\u2019il a aujourd\u2019hui un peu baiss\u00e9 le pied, ses interventions restent r\u00e9guli\u00e8res dans la m\u00e9tropole bordelaise. Une double vie qui en fait sourire plus d\u2019un \u00e0 l\u2019h\u00f4pital. \u00abOn s\u2019est rendu compte que j\u2019\u00e9tais tr\u00e8s utile, et il y a eu une grosse vague de sympathie envers moi et envers mes deux activit\u00e9s.\u00bb Pour Jean-Philippe Grimaud, qui rappelle la \u00abp\u00e9nurie\u00bb du secteur de la plomberie en France, ce m\u00e9lange des genres n\u2019est pas qu\u2019un passe-temps original\u00a0: il s\u2019agit aussi d\u2019une certaine philosophie de vie. \u00abJe me suis toujours dit qu\u2019il faut constamment se remettre en question. L\u2019id\u00e9e de partir \u00e0 180 degr\u00e9s dans un autre domaine\u2026 J\u2019adore \u00e7a. J\u2019aime apprendre et d\u00e9couvrir. La plomberie, \u00e7a me permet de m\u2019\u00e9vader. Quand j\u2019ai commenc\u00e9, je voulais faire passer un vrai message \u00e0 mes enfants\u00a0: on a beau \u00eatre un papa de 56 ans&#8230; \u00e7a n\u2019emp\u00eache pas de se remettre en question et de faire des choses qu\u2019on n\u2019aurait jamais imagin\u00e9 faire.\u00bb<\/p>\n<p class=\"fig-paragraph\">Alors, peut-on y voir un lien entre les deux m\u00e9tiers\u00a0? La r\u00e9ponse est non, selon le docteur Grimaud, sp\u00e9cialiste des l\u00e9sions des art\u00e8res coronaires. \u00abLes deux activit\u00e9s n\u2019ont rien \u00e0 voir, mais on reste dans le domaine de la tuyauterie\u00a0!\u00bb, conclut-il avec humour.<\/p>\n","protected":false},"excerpt":{"rendered":"Chirurgien cardiaque exp\u00e9riment\u00e9, Jean-Philippe Grimaud a choisi de bousculer les \u00e9vidences. \u00c0 62 ans, il jongle entre la&hellip;\n","protected":false},"author":2,"featured_media":430416,"comment_status":"","ping_status":"","sticky":false,"template":"","format":"standard","meta":{"footnotes":""},"categories":[2817],"tags":[1111,11,1997,18604,1777,674,1011,27,1757,12,2219,25],"class_list":{"0":"post-430415","1":"post","2":"type-post","3":"status-publish","4":"format-standard","5":"has-post-thumbnail","7":"category-bordeaux","8":"tag-actu","9":"tag-actualites","10":"tag-bordeaux","11":"tag-chirurgie","12":"tag-eu","13":"tag-europe","14":"tag-fr","15":"tag-france","16":"tag-insolite","17":"tag-news","18":"tag-nouvelle-aquitaine","19":"tag-republique-francaise"},"share_on_mastodon":{"url":"https:\/\/pubeurope.com\/@fr\/115297384182107283","error":""},"_links":{"self":[{"href":"https:\/\/www.europesays.com\/fr\/wp-json\/wp\/v2\/posts\/430415","targetHints":{"allow":["GET"]}}],"collection":[{"href":"https:\/\/www.europesays.com\/fr\/wp-json\/wp\/v2\/posts"}],"about":[{"href":"https:\/\/www.europesays.com\/fr\/wp-json\/wp\/v2\/types\/post"}],"author":[{"embeddable":true,"href":"https:\/\/www.europesays.com\/fr\/wp-json\/wp\/v2\/users\/2"}],"replies":[{"embeddable":true,"href":"https:\/\/www.europesays.com\/fr\/wp-json\/wp\/v2\/comments?post=430415"}],"version-history":[{"count":0,"href":"https:\/\/www.europesays.com\/fr\/wp-json\/wp\/v2\/posts\/430415\/revisions"}],"wp:featuredmedia":[{"embeddable":true,"href":"https:\/\/www.europesays.com\/fr\/wp-json\/wp\/v2\/media\/430416"}],"wp:attachment":[{"href":"https:\/\/www.europesays.com\/fr\/wp-json\/wp\/v2\/media?parent=430415"}],"wp:term":[{"taxonomy":"category","embeddable":true,"href":"https:\/\/www.europesays.com\/fr\/wp-json\/wp\/v2\/categories?post=430415"},{"taxonomy":"post_tag","embeddable":true,"href":"https:\/\/www.europesays.com\/fr\/wp-json\/wp\/v2\/tags?post=430415"}],"curies":[{"name":"wp","href":"https:\/\/api.w.org\/{rel}","templated":true}]}}