{"id":430417,"date":"2025-10-01T06:00:31","date_gmt":"2025-10-01T06:00:31","guid":{"rendered":"https:\/\/www.europesays.com\/fr\/430417\/"},"modified":"2025-10-01T06:00:31","modified_gmt":"2025-10-01T06:00:31","slug":"ce-que-propose-lfi-pour-les-jeunes-a-toulouse","status":"publish","type":"post","link":"https:\/\/www.europesays.com\/fr\/430417\/","title":{"rendered":"ce que propose LFI pour les jeunes \u00e0 Toulouse"},"content":{"rendered":"<p><strong>Quelques semaines apr\u00e8s la rentr\u00e9e universitaire, La France insoumise a pr\u00e9sent\u00e9 ses mesures pour les jeunes \u00e0 Toulouse, en vue des prochaines Municipales. LFI vient, en parall\u00e8le, de lancer une campagne pour les inciter \u00e0 s\u2019inscrire sur les listes \u00e9lectorales dans la Ville rose.   <\/strong><\/p>\n<p><img fetchpriority=\"high\" decoding=\"async\" width=\"1200\" height=\"900\" src=\"https:\/\/www.europesays.com\/fr\/wp-content\/uploads\/2025\/10\/LFI-jeunesse.jpeg\" alt=\"LFI\"  \/><\/p>\n<p>Am\u00e8le Lakhouache, Thomas Da Cruz, Ikram Tigha et Agathe Roby \u00a9 H\u00e9lo\u00efse Th\u00e9paut<\/p>\n<p>\u00ab Aujourd\u2019hui, \u00eatre jeune \u00e0 Toulouse,\u00a0c\u2019est <strong>devoir choisir entre payer son loyer ou manger,\u00a0\u00e9tudier ou travailler<\/strong> \u00bb, d\u00e9plore Thomas Da Cruz, co-animateur des Jeunes Insoumis \u00e0 Toulouse. Pour \u00e9tayer ses propos, il cite ainsi \u00ab le <a href=\"https:\/\/www.lejournaltoulousain.fr\/occitanie\/haute-garonne\/toulouse\/toulouse-ville-etudiante-334461\/\" target=\"_blank\" rel=\"noopener\">co\u00fbt de la vie \u00e9tudiante qui a augment\u00e9 de 5,54%<\/a> en un an \u00bb pour atteindre 1 214,65 euros par mois,\u00a0\u00ab les loyers qui ont grimp\u00e9 de 15% en cinq ans \u00bb et \u00ab les transports qui ont subi une hausse de 4,85% en un an \u00bb dans la Ville rose. Alors que \u00ab 80% des \u00e9tudiants \u00e0 Toulouse vivent sous le seuil de pauvret\u00e9, d\u2019apr\u00e8s les syndicats \u00bb, fait savoir Thomas Da Cruz avant de d\u00e9noncer \u00ab l\u2019inaction du maire \u00bb.<\/p>\n<p>\u00ab Les jeunes sont un peu <strong>les grands oubli\u00e9s de la politique de Jean-Luc Moudenc<\/strong> qui ne s\u2019adresse pas, ou tr\u00e8s peu, \u00e0 cette population. Ou alors seulement \u00e0 ceux qui vont bien \u00bb, consid\u00e8re Agathe Roby, co-cheffe de file de <a href=\"https:\/\/www.facebook.com\/franceinsoumisetoulouse\/?locale=fr_FR\" target=\"_blank\" rel=\"noopener\">La France insoumise<\/a> pour les Municipales 2026. Thomas Da Cruz rench\u00e9rit : \u00ab En 10 ans,\u00a0une des seules mesures marquantes de son mandat pour les jeunes a \u00e9t\u00e9 l\u2019ouverture du m\u00e9tro jusqu\u2019\u00e0 3h du matin le jeudi soir \u00bb. Pour que Toulouse \u00ab redevienne une ville accessible et vivable pour sa jeunesse \u00bb, les Insoumis font ainsi plusieurs propositions.<\/p>\n<p>Les propositions de LFI pour la jeunesse<\/p>\n<p>Tout d\u2019abord, la <strong>gratuit\u00e9 des transports pour les moins de 26 ans<\/strong>. Une mise en \u0153uvre qui ne se fera, toutefois, \u00ab pas imm\u00e9diatement parce que les finances de la M\u00e9tropole sont tr\u00e8s impact\u00e9es par les travaux de la troisi\u00e8me ligne de m\u00e9tro \u00bb. \u00ab C\u2019est un objectif progressif sur 3 ans qui sera donc r\u00e9alis\u00e9 durant le mandat \u00bb, affirme Agathe Roby qui \u00e9value le co\u00fbt pour atteindre cette gratuit\u00e9 \u00ab \u00e0 33 millions annuels, financ\u00e9s en partie par les recettes\u00a0du versement mobilit\u00e9. Nous les estimons \u00e0 plus de 15 millions d\u2019euros chaque ann\u00e9e. L\u2019id\u00e9e serait <a href=\"https:\/\/www.lejournaltoulousain.fr\/occitanie\/haute-garonne\/toulouse\/toulouse-proposition-loi-pour-augmenter-versement-mobilite-246165\/\" target=\"_blank\" rel=\"noopener\">de demander \u00e0 ce que ce versement augmente<\/a>, maintenant que Toulouse est la troisi\u00e8me ville de France \u00bb, souligne la co-cheffe de file qui \u00e9voque aussi l\u2019abandon du <a href=\"https:\/\/www.lejournaltoulousain.fr\/occitanie\/haute-garonne\/toulouse\/jonction-est-debut-travaux-projet-conteste-326221\/\" target=\"_blank\" rel=\"noopener\">projet controvers\u00e9 de la Jonction Est<\/a> pour financer cette mesure. \u00ab Cela permettrait 100 millions d\u2019euros d\u2019\u00e9conomies \u00bb, sourit-elle.<\/p>\n<p>En plus de la gratuit\u00e9 des transports, LFI souhaite \u00ab <strong>aligner l\u2019horaire de fin de circulation des bus sur celui des m\u00e9tros<\/strong> \u00bb.\u00a0\u00ab Il est n\u00e9cessaire qu\u2019ils circulent plus tard pour que chacun puisse rentrer chez soi sereinement,\u00a0sans se mettre en danger en marchant sur la route,\u00a0ni se ruiner en Uber ou taxi \u00bb, juge Thomas Da Cruz.\u00a0Les Insoumis \u00e9voquent \u00e9galement la <strong>gratuit\u00e9 des mus\u00e9es<\/strong> pour les jeunes et la cr\u00e9ation\u00a0d\u2019<strong>espaces de vie collaboratifs<\/strong>\u00a0dans les quartiers o\u00f9 ils pourront \u00ab se rencontrer,\u00a0sociabiliser\u00a0et sortir de leur solitude \u00bb, pr\u00e9cise Ikram Tigha, \u00e9galement co-animatrice des Jeunes Insoumis.<\/p>\n<p>Autre mesure forte : l\u2019<strong>encadrement des loyers<\/strong> qui \u00ab augmentent de mani\u00e8re galopante chaque ann\u00e9e \u00bb, rel\u00e8ve Thomas Da Cruz. \u00ab Jean-Luc Moudenc a refus\u00e9 de participer \u00e0 l\u2019exp\u00e9rimentation.\u00a0Il y a vraiment un manque de volont\u00e9 de sa part sur le sujet \u00bb, estime Agathe Roby. En parall\u00e8le, LFI m\u00e8nera \u00ab une lutte contre l\u2019insalubrit\u00e9 dans les logements \u00bb.\u00ab Bien des appartements occup\u00e9s par les jeunes sont insalubres. C\u2019est notamment le cas des r\u00e9sidences \u00e9tudiantes, dont les locataires s\u2019organisent r\u00e9guli\u00e8rement\u00a0pour d\u00e9noncer les conditions dans lesquelles ils vivent \u00bb, fait savoir Thomas Da Cruz.<\/p>\n<p>Faire voter les jeunes \u00e0 Toulouse<\/p>\n<p>Pour lui, il est donc temps que \u00ab Toulouse tourne la page \u00bb. \u00ab Et il n\u2019y a qu\u2019une seule fa\u00e7on d\u2019y parvenir : le vote \u00bb, d\u00e9clare le co-animateur. Probl\u00e8me, \u00ab la plupart des 135 000 \u00e9tudiants que Toulouse compte ne votent pas ici, mais chez leurs parents \u00bb, note Agathe Roby. La France insoumise a alors eu l\u2019id\u00e9e de lancer <strong>la campagne \u201cJ\u2019y vis, j\u2019y vote\u201d<\/strong>. \u00ab Elle consiste \u00e0<strong> inciter les gens \u00e0 s\u2019inscrire sur les listes \u00e9lectorales,\u00a0et plus particuli\u00e8rement les \u00e9tudiants<\/strong> \u00bb, informe Ikram Tigha. Ce qui passe par du tractage dans les universit\u00e9s, la mise en place\u00a0de tables citoyennes\u00a0sur les lieux publics strat\u00e9giques et du porte-\u00e0-porte, notamment dans les r\u00e9sidences \u00e9tudiantes.<\/p>\n<blockquote class=\"instagram-media\" data-instgrm-captioned=\"\" data-instgrm-permalink=\"https:\/\/www.instagram.com\/reel\/DO6lokNDak5\/?utm_source=ig_embed&amp;utm_campaign=loading\" data-instgrm-version=\"14\" style=\" background:#FFF; border:0; border-radius:3px; box-shadow:0 0 1px 0 rgba(0,0,0,0.5),0 1px 10px 0 rgba(0,0,0,0.15); margin: 1px; max-width:540px; min-width:326px; padding:0; width:99.375%; width:-webkit-calc(100% - 2px); width:calc(100% - 2px);\"\/>\n<p>\u00ab Nous ciblons les endroits\u00a0o\u00f9 peu de personnes sont inscrites sur les listes \u00e9lectorales.\u00a0Cela correspond aux populations jeunes,\u00a0mais aussi \u00e0 celles des quartiers p\u00e9riph\u00e9riques \u00bb, r\u00e9v\u00e8le la co-cheffe de file avant d\u2019ajouter : \u00ab Nous nous retrouvons \u00e0 faire le travail de Jean-Luc Moudenc \u00bb. Ce qui n\u2019a rien d\u2019anodin \u00e0 en croire Ikram Tigha. \u00ab Jean-Luc Moudenc n\u2019a <strong>pas int\u00e9r\u00eat \u00e0 ce que les jeunes votent<\/strong>\u00a0parce que ce n\u2019est pas son \u00e9lectorat. Il ne fait aucun effort pour les inciter \u00e0 mettre un bulletin dans l\u2019urne\u00a0parce qu\u2019il sait tr\u00e8s bien que s\u2019ils vont voter massivement, nous avons la possibilit\u00e9 de gagner \u00bb, conclut-elle.<\/p>\n<p><script async src=\"\/\/www.instagram.com\/embed.js\"><\/script><\/p>\n","protected":false},"excerpt":{"rendered":"Quelques semaines apr\u00e8s la rentr\u00e9e universitaire, La France insoumise a pr\u00e9sent\u00e9 ses mesures pour les jeunes \u00e0 Toulouse,&hellip;\n","protected":false},"author":2,"featured_media":430418,"comment_status":"","ping_status":"","sticky":false,"template":"","format":"standard","meta":{"footnotes":""},"categories":[2816],"tags":[1111,11,5225,1777,674,1011,27,12,2680,25,2312,55872],"class_list":{"0":"post-430417","1":"post","2":"type-post","3":"status-publish","4":"format-standard","5":"has-post-thumbnail","7":"category-toulouse","8":"tag-actu","9":"tag-actualites","10":"tag-encadrement-des-loyers","11":"tag-eu","12":"tag-europe","13":"tag-fr","14":"tag-france","15":"tag-news","16":"tag-occitanie","17":"tag-republique-francaise","18":"tag-toulouse","19":"tag-transports-gratuits-ce-que-propose-lfi-pour-les-jeunes-u00e0-toulouse"},"share_on_mastodon":{"url":"https:\/\/pubeurope.com\/@fr\/115297388500720349","error":""},"_links":{"self":[{"href":"https:\/\/www.europesays.com\/fr\/wp-json\/wp\/v2\/posts\/430417","targetHints":{"allow":["GET"]}}],"collection":[{"href":"https:\/\/www.europesays.com\/fr\/wp-json\/wp\/v2\/posts"}],"about":[{"href":"https:\/\/www.europesays.com\/fr\/wp-json\/wp\/v2\/types\/post"}],"author":[{"embeddable":true,"href":"https:\/\/www.europesays.com\/fr\/wp-json\/wp\/v2\/users\/2"}],"replies":[{"embeddable":true,"href":"https:\/\/www.europesays.com\/fr\/wp-json\/wp\/v2\/comments?post=430417"}],"version-history":[{"count":0,"href":"https:\/\/www.europesays.com\/fr\/wp-json\/wp\/v2\/posts\/430417\/revisions"}],"wp:featuredmedia":[{"embeddable":true,"href":"https:\/\/www.europesays.com\/fr\/wp-json\/wp\/v2\/media\/430418"}],"wp:attachment":[{"href":"https:\/\/www.europesays.com\/fr\/wp-json\/wp\/v2\/media?parent=430417"}],"wp:term":[{"taxonomy":"category","embeddable":true,"href":"https:\/\/www.europesays.com\/fr\/wp-json\/wp\/v2\/categories?post=430417"},{"taxonomy":"post_tag","embeddable":true,"href":"https:\/\/www.europesays.com\/fr\/wp-json\/wp\/v2\/tags?post=430417"}],"curies":[{"name":"wp","href":"https:\/\/api.w.org\/{rel}","templated":true}]}}