{"id":430423,"date":"2025-10-01T06:03:55","date_gmt":"2025-10-01T06:03:55","guid":{"rendered":"https:\/\/www.europesays.com\/fr\/430423\/"},"modified":"2025-10-01T06:03:55","modified_gmt":"2025-10-01T06:03:55","slug":"lille-un-homme-tue-par-balle-dans-une-epicerie-de-nuit","status":"publish","type":"post","link":"https:\/\/www.europesays.com\/fr\/430423\/","title":{"rendered":"Lille\u00a0: un homme tu\u00e9 par balle dans une \u00e9picerie de nuit"},"content":{"rendered":"<p class=\"paragraph text_align_left lp-f-body-02\">Il pourrait s\u2019agir d\u2019un \u00ab un r\u00e8glement de comptes \u00bb sur fond de trafic de drogue. <a href=\"https:\/\/www.leparisien.fr\/faits-divers\/un-homme-tue-dune-balle-dans-la-tete-devant-une-epicerie-a-saint-denis-29-07-2025-27X2HN7GPRAAXBOWKAIYQSAFG4.php\" target=\"_blank\" rel=\"noreferrer nofollow noopener\">Un employ\u00e9 d\u2019une \u00e9picerie<\/a> de nuit a \u00e9t\u00e9 tu\u00e9 dans la nuit de lundi \u00e0 mardi \u00e0 Lille (<a href=\"https:\/\/www.leparisien.fr\/nord-59\/\" target=\"_blank\" rel=\"noreferrer nofollow noopener\">Nord<\/a>), ont fait savoir des sources polici\u00e8res \u00e0 l\u2019AFP.<\/p>\n<p class=\"paragraph text_align_left lp-f-body-02\">\u00c2g\u00e9e d\u2019une trentaine d\u2019ann\u00e9es, la victime a appel\u00e9 les secours apr\u00e8s minuit en expliquant qu\u2019on lui avait tir\u00e9 dessus, selon une source polici\u00e8re interrog\u00e9e par l\u2019AFP.<\/p>\n<p>Une douille d\u00e9couverte sur place<\/p>\n<p class=\"paragraph text_align_left lp-f-body-02\">Touch\u00e9e au thorax, la victime a succomb\u00e9 \u00e0 ses blessures sur place, a ajout\u00e9 cette source polici\u00e8re, pr\u00e9cisant qu\u2019il n\u2019y avait pas de t\u00e9moin de la sc\u00e8ne et qu\u2019aucune arme n\u2019a \u00e9t\u00e9 retrouv\u00e9e \u00e0 proximit\u00e9. Une douille a cependant \u00e9t\u00e9 d\u00e9couverte derri\u00e8re le comptoir de la sup\u00e9rette, situ\u00e9e dans le quartier populaire de Lille-Sud, mais son calibre n\u2019est pas encore connu, selon une autre source polici\u00e8re.<\/p>\n<p class=\"paragraph text_align_left lp-f-body-02\"><a href=\"https:\/\/www.leparisien.fr\/politique\/a-lille-martine-aubry-passe-le-flambeau-06-03-2025-SM7COHTW2BDHJGFW5F4UYIUX7A.php\" target=\"_blank\" rel=\"noreferrer nofollow noopener\">Le maire PS de Lille, Arnaud Deslandes<\/a>, a \u00e9voqu\u00e9 un \u00ab r\u00e8glement de comptes \u00bb sur fond de trafic de drogue dans un communiqu\u00e9 de presse. \u00ab Avec toute la gravit\u00e9 qu\u2019inspire cet homicide, nous redemandons plus de policiers et les moyens d\u2019enqu\u00eate suffisants pour endiguer les trafics qui gangr\u00e8nent nos quartiers et mettent en danger nos habitants \u00bb, a ajout\u00e9 le maire.<\/p>\n","protected":false},"excerpt":{"rendered":"Il pourrait s\u2019agir d\u2019un \u00ab un r\u00e8glement de comptes \u00bb sur fond de trafic de drogue. Un employ\u00e9&hellip;\n","protected":false},"author":2,"featured_media":430424,"comment_status":"","ping_status":"","sticky":false,"template":"","format":"standard","meta":{"footnotes":""},"categories":[2815],"tags":[1111,11,459,1777,674,118,1011,27,811,1307,12,25],"class_list":{"0":"post-430423","1":"post","2":"type-post","3":"status-publish","4":"format-standard","5":"has-post-thumbnail","7":"category-lille","8":"tag-actu","9":"tag-actualites","10":"tag-departements-horsidfo","11":"tag-eu","12":"tag-europe","13":"tag-faits-divers","14":"tag-fr","15":"tag-france","16":"tag-hauts-de-france","17":"tag-lille","18":"tag-news","19":"tag-republique-francaise"},"share_on_mastodon":{"url":"https:\/\/pubeurope.com\/@fr\/115297403864692774","error":""},"_links":{"self":[{"href":"https:\/\/www.europesays.com\/fr\/wp-json\/wp\/v2\/posts\/430423","targetHints":{"allow":["GET"]}}],"collection":[{"href":"https:\/\/www.europesays.com\/fr\/wp-json\/wp\/v2\/posts"}],"about":[{"href":"https:\/\/www.europesays.com\/fr\/wp-json\/wp\/v2\/types\/post"}],"author":[{"embeddable":true,"href":"https:\/\/www.europesays.com\/fr\/wp-json\/wp\/v2\/users\/2"}],"replies":[{"embeddable":true,"href":"https:\/\/www.europesays.com\/fr\/wp-json\/wp\/v2\/comments?post=430423"}],"version-history":[{"count":0,"href":"https:\/\/www.europesays.com\/fr\/wp-json\/wp\/v2\/posts\/430423\/revisions"}],"wp:featuredmedia":[{"embeddable":true,"href":"https:\/\/www.europesays.com\/fr\/wp-json\/wp\/v2\/media\/430424"}],"wp:attachment":[{"href":"https:\/\/www.europesays.com\/fr\/wp-json\/wp\/v2\/media?parent=430423"}],"wp:term":[{"taxonomy":"category","embeddable":true,"href":"https:\/\/www.europesays.com\/fr\/wp-json\/wp\/v2\/categories?post=430423"},{"taxonomy":"post_tag","embeddable":true,"href":"https:\/\/www.europesays.com\/fr\/wp-json\/wp\/v2\/tags?post=430423"}],"curies":[{"name":"wp","href":"https:\/\/api.w.org\/{rel}","templated":true}]}}