{"id":430425,"date":"2025-10-01T06:05:10","date_gmt":"2025-10-01T06:05:10","guid":{"rendered":"https:\/\/www.europesays.com\/fr\/430425\/"},"modified":"2025-10-01T06:05:10","modified_gmt":"2025-10-01T06:05:10","slug":"les-impacts-sur-les-transports-de-la-rtm","status":"publish","type":"post","link":"https:\/\/www.europesays.com\/fr\/430425\/","title":{"rendered":"les impacts sur les transports de la RTM"},"content":{"rendered":"<p>            Par<br \/>\n        <strong><br \/>\n            <a href=\"https:\/\/actu.fr\/auteur\/fabien-binacchi\" title=\"Consulter tous les articles de Fabien Binacchi\" target=\"_blank\" rel=\"noopener\">Fabien Binacchi<\/a><br \/>\n        <\/strong><\/p>\n<p>        Publi\u00e9 le<\/p>\n<p>            1 oct. 2025 \u00e0 7h58        <\/p>\n<p>Ce jeudi 2\u00a0octobre 2025, partout en France, l\u2019intersyndicale appelle \u00e0 <strong>une nouvelle journ\u00e9e de manifestation<\/strong> pour s\u2019opposer aux pistes d\u2019\u00e9conomies budg\u00e9taires et demander plus de justice fiscale. Quelle mobilisation dans les transports de <a href=\"https:\/\/actu.fr\/marseille\/\" target=\"_blank\" rel=\"noopener\">Marseille<\/a>\u2009? Le mouvement sera-t-il tr\u00e8s suivi dans les rangs de la <a href=\"https:\/\/actu.fr\/tag\/rtm\" target=\"_blank\" rel=\"noopener\">RTM<\/a>\u2009? La r\u00e9gie d\u00e9voile les pr\u00e9visions de circulation.<\/p>\n<p>Entre 90\u2009% et 100\u2009% du trafic sur les rails<\/p>\n<p class=\" wall-content\">Selon les estimations, <strong>les taux de gr\u00e9vistes seront en recul<\/strong> en France pour cette troisi\u00e8me journ\u00e9e de gr\u00e8ve de la rentr\u00e9e sociale, apr\u00e8s celles du 10 et du 18\u00a0septembre.<\/p>\n<p class=\" wall-content\">Une tendance qui se confirme dans les effectifs de la R\u00e9gie des transports m\u00e9tropolitains (RTM). M\u00eame si la r\u00e9gie \u00ab\u2009invite les voyageurs \u00e0 anticiper leurs d\u00e9placements\u2009\u00bb ce jeudi 2\u00a0octobre 2025, elle n\u2019\u00e9voque que <strong>de \u00ab\u2009tr\u00e8s faibles perturbations\u2009\u00bb<\/strong> pour la journ\u00e9e.<\/p>\n<p class=\" wall-content\">Dans le d\u00e9tail, le service sera assur\u00e9 \u00e0 <strong>100\u2009% sur les deux lignes de m\u00e9tro<\/strong> M1 et M2. Et, du c\u00f4t\u00e9 des rails du tramway, 90\u2009% des circulations habituelles sont maintenues. Avec <strong>un trafic annonc\u00e9 \u00ab\u2009normal\u2009\u00bb <\/strong>sur les trois lignes T1, T2 et T3 au moins<strong> aux heures de pointe,<\/strong> c\u2019est-\u00e0-dire autour de 8h, midi et 17h.<\/p>\n<p class=\" wall-content\">Attention, la RTM pr\u00e9vient par contre que \u00ab\u2009<a href=\"https:\/\/actu.fr\/provence-alpes-cote-d-azur\/marseille_13055\/manifestation-du-2-octobre-a-marseille-ce-que-l-on-sait-de-la-prochaine-journee-de-mobilisation_63234935.html\" target=\"_blank\" rel=\"noopener\">la manifestation annonc\u00e9e \u00e0 partir de 10h30<\/a> est susceptible d\u2019<strong>impacter fortement<\/strong> la circulation de la T3\u2009\u00bb.<\/p>\n<p>Quelques lignes de bus tr\u00e8s perturb\u00e9es ou \u00e0 l\u2019arr\u00eat<\/p>\n<p class=\" wall-content\">Les lignes de bus qui traversent les secteurs <strong>Vieux-Port<\/strong>, <strong>Mairie<\/strong>, <strong>Mucem<\/strong>, <strong>Boulevard des Dames<\/strong> et <strong>Porte d\u2019Aix<\/strong> seront \u00e9galement impact\u00e9es par le passage du cort\u00e8ge.<\/p>\n<p class=\" wall-content\">En ce qui concerne les bus justement, la r\u00e9gie table sur un service assur\u00e9 \u00e0 <strong>80\u2009% en moyenne.<\/strong> Les lignes <strong>35T<\/strong>, <strong>42T<\/strong>, <strong>65<\/strong>, <strong>88<\/strong>, <strong>97J<\/strong> ou encore <strong>98<\/strong> seront parmi les plus fortement perturb\u00e9es. La <strong>95<\/strong>, qui dessert le secteur de l\u2019Estaque sera m\u00eame \u00e0 l\u2019arr\u00eat. Le d\u00e9tail, ligne par ligne est disponible sur\u00a0<a href=\"https:\/\/www.rtm.fr\/infos-trafic\/274538349845250149\" target=\"_blank\" rel=\"noopener\">cette page<\/a> du site Internet de la RTM.<\/p>\n<p>Votre r\u00e9gion, votre actu !<\/p>\n<p>Recevez chaque jour les infos qui comptent pour vous.<\/p>\n<p>\t<a href=\"https:\/\/actu.fr\/newsletter\" class=\"ac-btn ac-btn--corner ac-btn--medium ac-btn--blue800\" target=\"_blank\" rel=\"noopener\">S&rsquo;incrire<\/a><br \/>\nEt dans le reste du d\u00e9partement\u2009?<\/p>\n<p class=\" wall-content\">Dans les autres communes des <a href=\"https:\/\/actu.fr\/provence-alpes-cote-d-azur\/bouches-du-rhone_13\" target=\"_blank\" rel=\"noopener\">Bouches-du-Rh\u00f4ne<\/a> o\u00f9 la RTM op\u00e8re, le trafic sera \u00ab\u2009normal\u2009\u00bb presque partout. C\u2019est le cas sur les r\u00e9seaux <strong>Aixpress<\/strong> (BHNS Aix-en-Provence), <strong>Lignes de l\u2019agglo<\/strong> (Aubagne) et <strong>Ciotabus<\/strong> (La Ciotat), ainsi que sur les lignes interurbaines <strong>LeCar.<\/strong><\/p>\n<p class=\" wall-content\">Seules les circulations pr\u00e9vues du c\u00f4t\u00e9 de Martigues (Ulysse) sont tr\u00e8s l\u00e9g\u00e8rement impact\u00e9es avec <strong>un \u00ab\u2009service assur\u00e9 \u00e0 95\u2009%\u2009\u00bb,<\/strong> pr\u00e9dit la r\u00e9gie.<\/p>\n<p class=\" wall-content\">Personnalisez votre actualit\u00e9 en ajoutant vos villes et m\u00e9dias en favori avec <a href=\"https:\/\/moncompte.actu.fr\" title=\"D\u00e9couvez Mon Actu\" rel=\"nofollow noopener\" data-trk=\"{&quot;cta&quot;:{&quot;action&quot;:&quot;https:\\\/\\\/moncompte.actu.fr&quot;,&quot;category&quot;:&quot;mon compte&quot;,&quot;from&quot;:&quot;article footer&quot;,&quot;name&quot;:&quot;Mon actu&quot;,&quot;type&quot;:&quot;cta&quot;}}\" target=\"_blank\">Mon Actu<\/a>.<\/p>\n","protected":false},"excerpt":{"rendered":"Par Fabien Binacchi Publi\u00e9 le 1 oct. 2025 \u00e0 7h58 Ce jeudi 2\u00a0octobre 2025, partout en France, l\u2019intersyndicale&hellip;\n","protected":false},"author":2,"featured_media":279083,"comment_status":"","ping_status":"","sticky":false,"template":"","format":"standard","meta":{"footnotes":""},"categories":[2814],"tags":[1111,11,1777,674,1011,27,54872,884,12,882,25,10783,104,2803],"class_list":{"0":"post-430425","1":"post","2":"type-post","3":"status-publish","4":"format-standard","5":"has-post-thumbnail","7":"category-marseille","8":"tag-actu","9":"tag-actualites","10":"tag-eu","11":"tag-europe","12":"tag-fr","13":"tag-france","14":"tag-greve-du-2-octobre-2025","15":"tag-marseille","16":"tag-news","17":"tag-provence-alpes-cote-dazur","18":"tag-republique-francaise","19":"tag-rtm","20":"tag-societe","21":"tag-transport"},"share_on_mastodon":{"url":"https:\/\/pubeurope.com\/@fr\/115297407708219138","error":""},"_links":{"self":[{"href":"https:\/\/www.europesays.com\/fr\/wp-json\/wp\/v2\/posts\/430425","targetHints":{"allow":["GET"]}}],"collection":[{"href":"https:\/\/www.europesays.com\/fr\/wp-json\/wp\/v2\/posts"}],"about":[{"href":"https:\/\/www.europesays.com\/fr\/wp-json\/wp\/v2\/types\/post"}],"author":[{"embeddable":true,"href":"https:\/\/www.europesays.com\/fr\/wp-json\/wp\/v2\/users\/2"}],"replies":[{"embeddable":true,"href":"https:\/\/www.europesays.com\/fr\/wp-json\/wp\/v2\/comments?post=430425"}],"version-history":[{"count":0,"href":"https:\/\/www.europesays.com\/fr\/wp-json\/wp\/v2\/posts\/430425\/revisions"}],"wp:featuredmedia":[{"embeddable":true,"href":"https:\/\/www.europesays.com\/fr\/wp-json\/wp\/v2\/media\/279083"}],"wp:attachment":[{"href":"https:\/\/www.europesays.com\/fr\/wp-json\/wp\/v2\/media?parent=430425"}],"wp:term":[{"taxonomy":"category","embeddable":true,"href":"https:\/\/www.europesays.com\/fr\/wp-json\/wp\/v2\/categories?post=430425"},{"taxonomy":"post_tag","embeddable":true,"href":"https:\/\/www.europesays.com\/fr\/wp-json\/wp\/v2\/tags?post=430425"}],"curies":[{"name":"wp","href":"https:\/\/api.w.org\/{rel}","templated":true}]}}