{"id":430431,"date":"2025-10-01T06:09:11","date_gmt":"2025-10-01T06:09:11","guid":{"rendered":"https:\/\/www.europesays.com\/fr\/430431\/"},"modified":"2025-10-01T06:09:11","modified_gmt":"2025-10-01T06:09:11","slug":"un-nouveau-site-essonnien-distingue-par-la-region-ile-de-france-evasion","status":"publish","type":"post","link":"https:\/\/www.europesays.com\/fr\/430431\/","title":{"rendered":"Un nouveau site essonnien distingu\u00e9 par la R\u00e9gion \u00cele-de-France &#8211; EVASION"},"content":{"rendered":"<ol>\n<li><a href=\"https:\/\/news.google.com\/rss\/articles\/CBMikwFBVV95cUxPXzJCTUhnMHZfZGsxOXRHaDFhdmdGZC1hOWpVWmFDWk9BaTJhSGVnUklyNHBsbHByRHotelpTVVpDb0tWbmtULTB2YVJiRmFkdTE2QnNTSldHQmpVb09kWFY3Y3V2SDBlaTk5RktHcXZBcldrckl3RmFqUk1KdWlkeHFFbi11SXBHQi05T0lnWjd1c1k?oc=5\" target=\"_blank\" rel=\"noopener\">Un nouveau site essonnien distingu\u00e9 par la R\u00e9gion \u00cele-de-France<\/a>&nbsp;&nbsp;EVASION<\/li>\n<li><a href=\"https:\/\/news.google.com\/rss\/articles\/CBMi_wFBVV95cUxPRDYwZTZYTU9COXBMbjB2NzViMlR0WXZSYUY0YnZQbUFHOEhaYXc2MVVqcEhTY1Z0bTQwNkticTBKeHc2Y0tDeWs2UE5fR0Y4TDMtS2NNblAxNGFsTHB3dUhCeFAxdl9Gbk1wVmljY0JEMzdMMnA2dXhTRHlycXdFOXAtTFFETENZWHJicC1RVEdnVFBzSHpDdm9mWEtYd2VFekFCRmZxZmhUQm1GZHhNeWR2TEFubTY3QV9JcVlBR1FSVFFBbGI4VXdXN0RMaFFUcEJkbE15QUFYQkNmYkVVQ2xTMl9FVG1admVKNVZBTnRXN3RTRUwyaDNIUk5QRkU?oc=5\" target=\"_blank\" rel=\"noopener\">Patrimoine : les embl\u00e9matiques usines Renault de Boulogne-Billancourt re\u00e7oivent un label de la R\u00e9gion<\/a>&nbsp;&nbsp;Actu.fr<\/li>\n<li><a href=\"https:\/\/news.google.com\/rss\/articles\/CBMiowFBVV95cUxOMjJadlJ6bExvenRWeXY3cVRNUWlwLU41Z1hlY1cwSWZjdWR1VGh2SzkwMXJ5WE9MUmRndUhhQmwxbmo4VHJBbUk3LXpDMDNYaDRjczJIS3lPY0dDZVhZM0JZSnhvcjRLX3hkYnZ5alFpampvSjZuaGNaVHhnSDhCWUgyMnFCT2Ffc1BzUVh1OWZKbTE2VVFQdWR6VGZObDdiVkVv?oc=5\" target=\"_blank\" rel=\"noopener\">Deux nouveaux sites seine-et-marnais distingu\u00e9s par la R\u00e9gion \u00cele-de-France<\/a>&nbsp;&nbsp;EVASION<\/li>\n<li><a href=\"https:\/\/news.google.com\/rss\/articles\/CBMitAFBVV95cUxNVmV4TlZ4c1R0ZU51T1pBMzFfa3dtRVlVeTJHZ0tmR1BfYmdQZWhvYlFaQWN6djdPcXE3ZjZPUmtyM0hCTHdjYlJHMjhFOUN6ZEFWMWpVeWZBMVlMRlkwWDhJMzJSNE4wa3VKMHN3VnNxX3RfT1hmOS1aQWY0cUo0Y1BaLWVSUGlvdDlGQXRUZmxmeGl3VDVKZWRid3BvTWZzMm9iNVlOYzVBem1taWhfZnk5UnE?oc=5\" target=\"_blank\" rel=\"noopener\">Patrimoine : pourquoi le Colombier de Milly-la-For\u00eat vient d\u2019\u00eatre distingu\u00e9 par la R\u00e9gion ?<\/a>&nbsp;&nbsp;Le Journal Toulousain<\/li>\n<li><a href=\"https:\/\/news.google.com\/rss\/articles\/CBMiugFBVV95cUxNOGVvZXZlck9URlVSMDN1MHBLM0wwWEVjVUZCQ2RSQjhndlgyYkd0dFpkTU5pM1JHdGJlY09tbVVBdkFzQko0c3R0TGpoQS1iT0R1eS1EdExDYXBYQ0VMUFN0X1NaVTYtSGcwai03T1Yyb2VWeHhUWThVcUNqMGFmbmFSYlFrTGNpbU5FQUJuUERIV1JEalVaeEt3TXVUdEZVSy00NThQZnlZZ0pTa2VDQVd2b3h0N0JJN1E?oc=5\" target=\"_blank\" rel=\"noopener\">Commission permanente du 25 septembre 2025 concernant le patrimoine<\/a>&nbsp;&nbsp;R\u00e9gion \u00cele-de-France<\/li>\n<\/ol>\n","protected":false},"excerpt":{"rendered":"Un nouveau site essonnien distingu\u00e9 par la R\u00e9gion \u00cele-de-France&nbsp;&nbsp;EVASION Patrimoine : les embl\u00e9matiques usines Renault de Boulogne-Billancourt re\u00e7oivent&hellip;\n","protected":false},"author":2,"featured_media":430432,"comment_status":"","ping_status":"","sticky":false,"template":"","format":"standard","meta":{"footnotes":""},"categories":[1592],"tags":[1111,11,1933,1936,1777,1939,674,1011,27,662,1934,12,1940,626,1935,25,1937,1941,1938],"class_list":{"0":"post-430431","1":"post","2":"type-post","3":"status-publish","4":"format-standard","5":"has-post-thumbnail","7":"category-ile-de-france","8":"tag-actu","9":"tag-actualites","10":"tag-actualites-locales","11":"tag-essonne","12":"tag-eu","13":"tag-eure-et-loir","14":"tag-europe","15":"tag-fr","16":"tag-france","17":"tag-ile-de-france","18":"tag-infos-locales","19":"tag-news","20":"tag-oise","21":"tag-paris","22":"tag-pres-de-chez-vous","23":"tag-republique-francaise","24":"tag-seine-et-marne","25":"tag-somme","26":"tag-yvelines"},"share_on_mastodon":{"url":"https:\/\/pubeurope.com\/@fr\/115297423497766957","error":""},"_links":{"self":[{"href":"https:\/\/www.europesays.com\/fr\/wp-json\/wp\/v2\/posts\/430431","targetHints":{"allow":["GET"]}}],"collection":[{"href":"https:\/\/www.europesays.com\/fr\/wp-json\/wp\/v2\/posts"}],"about":[{"href":"https:\/\/www.europesays.com\/fr\/wp-json\/wp\/v2\/types\/post"}],"author":[{"embeddable":true,"href":"https:\/\/www.europesays.com\/fr\/wp-json\/wp\/v2\/users\/2"}],"replies":[{"embeddable":true,"href":"https:\/\/www.europesays.com\/fr\/wp-json\/wp\/v2\/comments?post=430431"}],"version-history":[{"count":0,"href":"https:\/\/www.europesays.com\/fr\/wp-json\/wp\/v2\/posts\/430431\/revisions"}],"wp:featuredmedia":[{"embeddable":true,"href":"https:\/\/www.europesays.com\/fr\/wp-json\/wp\/v2\/media\/430432"}],"wp:attachment":[{"href":"https:\/\/www.europesays.com\/fr\/wp-json\/wp\/v2\/media?parent=430431"}],"wp:term":[{"taxonomy":"category","embeddable":true,"href":"https:\/\/www.europesays.com\/fr\/wp-json\/wp\/v2\/categories?post=430431"},{"taxonomy":"post_tag","embeddable":true,"href":"https:\/\/www.europesays.com\/fr\/wp-json\/wp\/v2\/tags?post=430431"}],"curies":[{"name":"wp","href":"https:\/\/api.w.org\/{rel}","templated":true}]}}