{"id":430433,"date":"2025-10-01T06:10:16","date_gmt":"2025-10-01T06:10:16","guid":{"rendered":"https:\/\/www.europesays.com\/fr\/430433\/"},"modified":"2025-10-01T06:10:16","modified_gmt":"2025-10-01T06:10:16","slug":"le-departement-accompagne-les-projets-des-communes-rurales","status":"publish","type":"post","link":"https:\/\/www.europesays.com\/fr\/430433\/","title":{"rendered":"Le D\u00e9partement accompagne les projets des communes rurales"},"content":{"rendered":"<p><img loading=\"lazy\" decoding=\"async\" alt=\"\u00a9 D\u00e9partement de Seine-et-Marne - Jean-Fran\u00e7ois Parigi et Val\u00e9rie P\u00e9cresse, pr\u00e9sident du D\u00e9partement et pr\u00e9sidente de la R\u00e9gion \u00cele-de-France, ont confirm\u00e9 leur aide aux communes rurales lors du congr\u00e8s des maires de Seine-et-Marne.\" data-zoom-src=\"https:\/\/www.europesays.com\/fr\/wp-content\/uploads\/2025\/10\/initial-contrats-ruraux-departement.jpg\" data-zoomable=\"\" height=\"702\" src=\"https:\/\/www.europesays.com\/fr\/wp-content\/uploads\/2025\/10\/initial-contrats-ruraux-departement.jpg\" width=\"1248\"\/>  <\/p>\n<p class=\"article-desc\">\u00a9 D\u00e9partement de Seine-et-Marne &#8211; Jean-Fran\u00e7ois Parigi et Val\u00e9rie P\u00e9cresse, pr\u00e9sident du D\u00e9partement et pr\u00e9sidente de la R\u00e9gion \u00cele-de-France, ont confirm\u00e9 leur aide aux communes rurales lors du congr\u00e8s des maires de Seine-et-Marne. <\/p>\n<p>Depuis juillet 2021, <strong>174 contrats ruraux<\/strong> ont \u00e9t\u00e9 sign\u00e9s pour un montant total de <strong>23,2 millions d\u2019euros de subventions d\u00e9partementales<\/strong> (30,9 millions d\u2019euros d\u2019aides r\u00e9gionales). Cette ann\u00e9e, ce sont <strong>23 projets <\/strong>qui ont \u00e9t\u00e9 valid\u00e9s, confirmant l\u2019engagement du D\u00e9partement de Seine-et-Marne (et de la R\u00e9gion \u00cele-de-France) aupr\u00e8s des communes du territoire. <\/p>\n<p>A l\u2019occasion du <a href=\"https:\/\/mesinfos.fr\/77190-dammarie-les-lys\/les-maires-se-sont-reunis-une-derniere-fois-avant-les-elections-municipales-230866.html\" rel=\"noopener\" target=\"_blank\">63e congr\u00e8s des maires de Seine-et-Marne<\/a>, organis\u00e9 le 26 septembre \u00e0 Dammarie-l\u00e8s-Lys, dix communes (Boissettes Bransles, Buthiers, Cessoy-en-Montois, Charny, Congis-sur-Th\u00e9rouanne, Lissy, Mouy-sur-Seine, Th\u00e9nisy et Villeneuve-les-Bordes) ont b\u00e9n\u00e9fici\u00e9 d\u2019un contrat rural. Voici le d\u00e9tail des projets valid\u00e9s.<\/p>\n<p>  <strong>Une subvention totale de 2,7 millions d\u2019euros<\/strong> <\/p>\n<ul>\n<li><strong>Boissettes : <\/strong>construction d&rsquo;un centre technique municipal (350\u00a0000 euros). <\/li>\n<li><strong>Bransles : <\/strong>am\u00e9nagement de routes d\u00e9partementales (350\u00a0000 euros). <\/li>\n<li><strong>Buthiers : <\/strong>am\u00e9nagement et r\u00e9fection de voirie (189\u00a0760 euros). <\/li>\n<li><strong>Cessoy-en-Montois : <\/strong>am\u00e9nagement et renforcement de voies communales (129\u00a0500 euros). <\/li>\n<li><strong>Charny : <\/strong>agrandissement de la boulangerie pour la cr\u00e9ation d&rsquo;un p\u00f4le p\u00e2tisserie (179\u00a0702 euros). <\/li>\n<li><strong>Congis-sur-Th\u00e9rouanne : <\/strong>am\u00e9nagement de voirie (302\u00a0330 euros). <\/li>\n<li><strong>Lissy : <\/strong>am\u00e9nagement de voirie (219\u00a0800 euros). <\/li>\n<li><strong>Mouy-sur-Seine : <\/strong>restauration de l&rsquo;\u00e9glise Sainte-Genevi\u00e8ve (1re tranche) (350\u00a0000 euros). <\/li>\n<li><strong>Th\u00e9nisy : <\/strong>am\u00e9nagement de voirie (315\u00a0000 euros). <\/li>\n<li><strong>Villeneuve-les-Bordes : <\/strong>am\u00e9nagement de voirie (350\u00a0000 euros).<\/li>\n<\/ul>\n<p>Au total, c\u2019est une subvention de 2, 7 millions d\u2019euros que le D\u00e9partement a accord\u00e9e \u00e0 ces <a href=\"https:\/\/mesinfos.fr\/ile-de-france\/dix-villages-ont-signe-des-contrats-ruraux-avec-la-region-ile-de-france-216494.html\" rel=\"noopener\" target=\"_blank\">dix communes<\/a>. \u201cGr\u00e2ce \u00e0 son action constante et \u00e0 sa politique contractuelle volontariste, le D\u00e9partement de Seine-et-Marne continue de renforcer la coop\u00e9ration avec les communes et de contribuer activement \u00e0 l\u2019attractivit\u00e9, \u00e0 la s\u00e9curit\u00e9 et au bien-\u00eatre de leurs habitants\u2019\u2019, souligne la collectivit\u00e9 territoriale seine-et-marnaise dans un communiqu\u00e9.<\/p>\n","protected":false},"excerpt":{"rendered":"\u00a9 D\u00e9partement de Seine-et-Marne &#8211; Jean-Fran\u00e7ois Parigi et Val\u00e9rie P\u00e9cresse, pr\u00e9sident du D\u00e9partement et pr\u00e9sidente de la R\u00e9gion&hellip;\n","protected":false},"author":2,"featured_media":430434,"comment_status":"","ping_status":"","sticky":false,"template":"","format":"standard","meta":{"footnotes":""},"categories":[1592],"tags":[1111,11,1674,1777,674,1011,27,662,12,626,25],"class_list":{"0":"post-430433","1":"post","2":"type-post","3":"status-publish","4":"format-standard","5":"has-post-thumbnail","7":"category-ile-de-france","8":"tag-actu","9":"tag-actualites","10":"tag-communes","11":"tag-eu","12":"tag-europe","13":"tag-fr","14":"tag-france","15":"tag-ile-de-france","16":"tag-news","17":"tag-paris","18":"tag-republique-francaise"},"share_on_mastodon":{"url":"https:\/\/pubeurope.com\/@fr\/115297428245820330","error":""},"_links":{"self":[{"href":"https:\/\/www.europesays.com\/fr\/wp-json\/wp\/v2\/posts\/430433","targetHints":{"allow":["GET"]}}],"collection":[{"href":"https:\/\/www.europesays.com\/fr\/wp-json\/wp\/v2\/posts"}],"about":[{"href":"https:\/\/www.europesays.com\/fr\/wp-json\/wp\/v2\/types\/post"}],"author":[{"embeddable":true,"href":"https:\/\/www.europesays.com\/fr\/wp-json\/wp\/v2\/users\/2"}],"replies":[{"embeddable":true,"href":"https:\/\/www.europesays.com\/fr\/wp-json\/wp\/v2\/comments?post=430433"}],"version-history":[{"count":0,"href":"https:\/\/www.europesays.com\/fr\/wp-json\/wp\/v2\/posts\/430433\/revisions"}],"wp:featuredmedia":[{"embeddable":true,"href":"https:\/\/www.europesays.com\/fr\/wp-json\/wp\/v2\/media\/430434"}],"wp:attachment":[{"href":"https:\/\/www.europesays.com\/fr\/wp-json\/wp\/v2\/media?parent=430433"}],"wp:term":[{"taxonomy":"category","embeddable":true,"href":"https:\/\/www.europesays.com\/fr\/wp-json\/wp\/v2\/categories?post=430433"},{"taxonomy":"post_tag","embeddable":true,"href":"https:\/\/www.europesays.com\/fr\/wp-json\/wp\/v2\/tags?post=430433"}],"curies":[{"name":"wp","href":"https:\/\/api.w.org\/{rel}","templated":true}]}}