{"id":430435,"date":"2025-10-01T06:11:13","date_gmt":"2025-10-01T06:11:13","guid":{"rendered":"https:\/\/www.europesays.com\/fr\/430435\/"},"modified":"2025-10-01T06:11:13","modified_gmt":"2025-10-01T06:11:13","slug":"a-paris-aaliyah-xpress-est-a-la-fois-drag-queen-et-medecin-en-geriatrie","status":"publish","type":"post","link":"https:\/\/www.europesays.com\/fr\/430435\/","title":{"rendered":"\u00e0 Paris, Aaliyah Xpress est \u00e0 la fois drag queen et m\u00e9decin en g\u00e9riatrie"},"content":{"rendered":"<p>            Par<br \/>\n        <strong><br \/>\n            <a href=\"https:\/\/actu.fr\/auteur\/marie-amelie-marchal\" title=\"Consulter tous les articles de Marie Amelie Marchal\" target=\"_blank\" rel=\"noopener\">Marie Amelie Marchal<\/a><br \/>\n        <\/strong><\/p>\n<p>        Publi\u00e9 le<\/p>\n<p>            1 oct. 2025 \u00e0 8h04        <\/p>\n<p>Le flot de paroles est inarr\u00eatable et l\u2019expertise pointue. Vendredi 19\u00a0septembre 2025, actu Paris s\u2019est attabl\u00e9e avec Aaliyah Xpress,<strong> drag-queen et m\u00e9decin g\u00e9riatre<\/strong> \u00e0 <a href=\"https:\/\/actu.fr\/paris\/\" target=\"_blank\" rel=\"noopener\">Paris<\/a>. Veste en jean branch\u00e9e et coupe impeccable, Duy \u2013 son pr\u00e9nom au civil, a la trentaine. Et malgr\u00e9 deux activit\u00e9s (tr\u00e8s) prenantes, la mine est radieuse. \u00ab\u2009Tout est une question d\u2019organisation\u2009\u00bb, rit aux \u00e9clats celui qui est convaincu que dans quelques ann\u00e9es \u00ab\u2009on \u00e9coutera du <a href=\"https:\/\/actu.fr\/loisirs-culture\/concert-de-jul-au-stade-de-france-ou-voir-la-rediffusion-dans-les-cinemas-de-paris-et-de-petite-couronne_63231541.html\" target=\"_blank\" rel=\"noopener\">Jul <\/a>en Ehpad\u2009\u00bb. En attendant que Chikita r\u00e9sonne dans les enceintes des <a href=\"https:\/\/actu.fr\/ile-de-france\/montreuil_93048\/reportage-qui-sont-les-babayagas-communaute-autogeree-de-feministes-a-la-retraite_58140295.html\" target=\"_blank\" rel=\"noopener\">maisons de retraite<\/a>, Aaliyah Xpress lipsync (fait du playback, ndlr) sur des discours de <a href=\"https:\/\/actu.fr\/tag\/valerie-pecresse\" target=\"_blank\" rel=\"noopener\">Val\u00e9rie P\u00e9cresse<\/a> et des passages choisis de Sexe, mensonges et banlieues chaudes, le livre \u00e9rotique de <a href=\"https:\/\/actu.fr\/tag\/marlene-schiappa\" target=\"_blank\" rel=\"noopener\">Marl\u00e8ne Schiappa<\/a>.<\/p>\n<p>\u00ab\u2009Le drag, c\u2019est underground\u2009\u00bb<\/p>\n<p class=\" wall-content\">\u00ab\u2009Le drag, ce n\u2019est pas ce qu\u2019on voit \u00e0 la t\u00e9l\u00e9. C\u2019est <strong>underground<\/strong>. Ce sont des filles qui apprennent \u00e0 faire leur tenue sur une machine \u00e0 coudre Lidl, qui commencent \u00e0 performer dans des<strong> bars miteux<\/strong> avec des robes achet\u00e9es chez Forever21\u2009\u00bb, plante d\u2019embl\u00e9e Aaliyah Xpress. Lui a commenc\u00e9 \u00ab\u2009il y a sept ou huit ans\u2009\u00bb apr\u00e8s avoir d\u00e9couvert comme beaucoup l\u2019\u00e9mission Drag Race sur une obscure cha\u00eene am\u00e9ricaine.<\/p>\n<p class=\" wall-content\">\u00ab\u2009Ma premi\u00e8re fois en drag, c\u2019\u00e9tait \u00e0 la <a href=\"https:\/\/actu.fr\/ile-de-france\/paris_75056\/paris-la-mutinerie-le-bar-emblematique-de-la-culture-queer-menace-de-fermeture_61568180.html\" target=\"_blank\" rel=\"noopener\">Mutinerie<\/a> pour un concours de lipsync\u2009\u00bb, rembobine-t-il. \u00c0 ses d\u00e9buts, c\u2019est un ami qui le maquille. Puis Duy apprend \u00e0 sculpter son visage en regardant des tuto sur YouTube. Ce qui l\u2019anime\u2009? La <strong>cr\u00e9ativit\u00e9 sans limite<\/strong>, la <strong>libert\u00e9<\/strong> et la possibilit\u00e9 de faire passer des messages politiques.<\/p>\n<p class=\" wall-content\">Loin des plateaux de <a href=\"https:\/\/actu.fr\/tag\/drag-race-france\" target=\"_blank\" rel=\"noopener\">Drag Race France<\/a>, le drag est pour Duy une activit\u00e9 impossible \u00e0 r\u00e9aliser \u00e0 plein temps, \u00ab\u2009\u00e0 moins d\u2019organiser des bingos et des<strong> karaok\u00e9s de No\u00ebl<\/strong> dans les entreprises\u2026 Mais m\u00eame \u00e7a, \u00e7a reste saisonnier\u2009!\u2009\u00bb<\/p>\n<p>\u00ab\u2009Ma place dans la soci\u00e9t\u00e9 c\u2019est de faire en sorte que les gens aillent mieux\u2009\u00bb<\/p>\n<p class=\" wall-content\">\u00c7a tombe bien puisque Duy est \u00e9galement m\u00e9decin. Au quotidien, il s\u2019attelle \u00e0 ce que les personnes \u00e2g\u00e9es puissent rester en bonne sant\u00e9 le <a href=\"https:\/\/actu.fr\/ile-de-france\/le-plessis-robinson_92060\/me-voila-rassuree-comment-la-poste-veille-sur-les-seniors-dans-les-hauts-de-seine_59871752.html\" target=\"_blank\" rel=\"noopener\">plus longtemps chez elles<\/a>. \u00ab\u2009Ce qui m\u2019int\u00e9resse c\u2019est l\u2019approche d\u2019un individu dans sa globalit\u00e9, dans son parcours, son histoire pour pouvoir <strong>adapter les soins et respecter ses choix<\/strong>\u2009\u00bb, argumente l\u2019ancien hospitalier. Une mission loin des paillettes mais pas si oppos\u00e9e.<\/p>\n<p class=\" wall-content\">\u00ab\u2009Dans mes deux activit\u00e9s, la notion de <strong>justice sociale<\/strong> est fondamentale\u2009\u00bb, livre-t-il. \u00ab\u2009Que ce soit sur sc\u00e8ne ou au travail, ma place dans cette soci\u00e9t\u00e9 c\u2019est de faire en sorte que les gens aillent mieux.\u2009\u00bb<\/p>\n<p class=\" wall-content\">Et si ses deux univers ne se m\u00ealent pas tout \u00e0 fait \u2013 Duy pr\u00e9f\u00e8re ne pas d\u00e9voiler l\u2019institution pour laquelle il officie, les fronti\u00e8res sont poreuses. \u00ab\u2009En tant que m\u00e9decin, je peux transmettre mes connaissances sur des probl\u00e8mes comme la<strong> transphobie m\u00e9dicale<\/strong>\u2009\u00bb, avance-t-il. \u00ab\u2009Je peux expliquer les recommandations internationales, les droits des patients, ce qu\u2019ils peuvent attendre des m\u00e9decins ou au contraire les signaux d\u2019alerte qui font que ce soignant n\u2019est pas celui qu\u2019il leur faut\u2009\u00bb, liste le Parisien.<\/p>\n<p>Votre r\u00e9gion, votre actu !<\/p>\n<p>Recevez chaque jour les infos qui comptent pour vous.<\/p>\n<p>\t<a href=\"https:\/\/actu.fr\/newsletter\" class=\"ac-btn ac-btn--corner ac-btn--medium ac-btn--blue800\" target=\"_blank\" rel=\"noopener\">S&rsquo;incrire<\/a><\/p>\n<p class=\" wall-content\"><a href=\"https:\/\/www.instagram.com\/p\/CxqKKbQtQTd\/embed\" title=\"Ouvrir le lien sur Instagram\" target=\"_blank\" rel=\"noopener\">Visualiser le contenu sur Instagram<\/a><\/p>\n<p>Sous le drag, la lutte<\/p>\n<p class=\" wall-content\">Avec d\u2019autres queen asiatiques \u00e0 l\u2019instar de <a href=\"https:\/\/actu.fr\/auvergne-rhone-alpes\/lyon_69123\/kitty-space-participe-a-drag-race-france-je-ne-sors-pas-acheter-du-pain-comme-ca_59731144.html\" target=\"_blank\" rel=\"noopener\">Kitty Space<\/a>, Aaliyah Xpress a cr\u00e9\u00e9 le collectif Rice queers. \u00ab\u2009Notre objectif est de<strong> montrer la diversit\u00e9 de notre drag<\/strong>. <strong>Puisqu\u2019on est asiatiques, on nous confond<\/strong> et le public pense qu\u2019on fait la m\u00eame chose\u2009\u00bb, d\u00e9plore notre interlocuteur dont les parents ont fui les guerres civiles du Vietnam et du Cambodge dans les ann\u00e9es 1970. Victime de racisme, Duy milite contre la f\u00e9tichisation et l\u2019appropriation culturelle en partageant, sur <a href=\"https:\/\/x.com\/aaliyahxpress\/status\/1197256045791334400?s=21\">ses r\u00e9seaux<\/a> et sur sc\u00e8ne ses combats.<\/p>\n<p class=\" wall-content\">C\u2019est l\u00e0 aussi qu\u2019Aaliyah Xpress performe sur des discours de Val\u00e9rie P\u00e9cresse et des passages du livre de Marl\u00e8ne Schiappa. \u00ab\u2009J\u2019ai une <strong>obsession malsaine pour les femmes politiques de droite<\/strong>. Je pense qu\u2019elles tirent contre leur camp parce que la droite n\u2019en a rien \u00e0 faire des femmes \u00e0 part pour les utiliser. Ce sont des personnages qui sont tellement absurdes dans leurs discours. Comment oublier le passage de Val\u00e9rie P\u00e9cresse qui<a href=\"https:\/\/www.liberation.fr\/checknews\/crise-chez-lr-valerie-pecresse-a-t-elle-gifle-eric-ciotti-20240614_MIZ2SZTTJRADTGQGSNBH5INYPA\/\" target=\"_blank\" rel=\"noopener\"> se retrousse les manches pour d\u00e9loger Ciotti<\/a> du si\u00e8ge des LR\u2009? Ou encore la <a href=\"https:\/\/www.google.com\/search?sca_esv=6a46622504ef503e&amp;rlz=1C1GCEA_enFR946FR946&amp;sxsrf=AE3TifM36Ak_8ogEw7s6bzlT8BuT-zJagg:1759243199327&amp;udm=7&amp;fbs=AIIjpHx4nJjfGojPVHhEACUHPiMQikyFH3CmH4hhupxxDAHumjJAfWz7twIw8cNREb7abflnFzAeQnS0UaAyJs5z7P3wEyik4RL8Ic-l9-R0IL7-37Mj-h3KWcU5FzjyOdLPEC-ErpsjQ9-R54I37lnwCExzdWvb9OE3FBNDtdPmaagzRrMVkVj_psVDOpSIpPJtheW7_BIY&amp;q=isabelle+balkany+patrick+prison+video&amp;sa=X&amp;ved=2ahUKEwiuv-DP24CQAxXWRKQEHZKkAggQtKgLegQIFhAB&amp;biw=1280&amp;bih=593&amp;dpr=1.5#fpstate=ive&amp;ip=1&amp;vld=cid:4b75c157,vid:nF5O1AQHm8Q,st:0\" target=\"_blank\" rel=\"noopener\">s\u00e9quence ahurissante<\/a> o\u00f9 Isabelle Balkany attend Patrick \u00e0 sa sortie de prison\u2009?\u2009\u00bb<\/p>\n<p class=\" wall-content\">\u00ab\u2009Elles me font penser aux personnages dans les films d\u2019Almodovar, au bord de la crise de nerfs\u2009\u00bb, s\u2019amuse-t-il. \u00ab\u2009Mon drag, je l\u2019aime absurde, dramatique mais aussi sexy et s\u00e9duisant. Je peux commencer une performance burlesque en faisant du pole danse et terminer en incarnant Isabelle Balkany en pleurs devant la <a href=\"https:\/\/actu.fr\/ile-de-france\/paris_75056\/condamnation-de-nicolas-sarkozy-c-est-quoi-cette-prison-vip-a-paris-dont-tout-le-monde-parle_63215076.html\" target=\"_blank\" rel=\"noopener\">prison de la Sant\u00e9<\/a>.\u2009\u00bb<\/p>\n<p class=\" wall-content\">Pour d\u00e9couvrir l\u2019univers d\u2019Aaliyah Xpress rendez-vous ce <strong>mercredi 1er\u00a0octobre<\/strong> \u00e0 l\u2019occasion de la <a href=\"https:\/\/actu.fr\/ile-de-france\/paris_75056\/reportage-dans-ce-bar-de-paris-une-ambiance-de-coupe-du-monde-pour-l-emission-drag-race-france_52950648.html\" target=\"_blank\" rel=\"noopener\">viewing party<\/a> de Drag Race Philippines \u00e0 la <a href=\"https:\/\/actu.fr\/ile-de-france\/paris_75056\/une-dizaine-de-restaurants-deux-bars-ouverture-prochaine-d-un-food-court-geant-a-paris_49381859.html\" target=\"_blank\" rel=\"noopener\">Food Society<\/a>, dans le 14e arrondissement de Paris. Elle sera \u00e9galement sur sc\u00e8ne vendredi 10 octobre au Moxy (11e arrondissement).\u00a0<\/p>\n<p class=\" wall-content\">Personnalisez votre actualit\u00e9 en ajoutant vos villes et m\u00e9dias en favori avec <a href=\"https:\/\/moncompte.actu.fr\" title=\"D\u00e9couvez Mon Actu\" rel=\"nofollow noopener\" data-trk=\"{&quot;cta&quot;:{&quot;action&quot;:&quot;https:\\\/\\\/moncompte.actu.fr&quot;,&quot;category&quot;:&quot;mon compte&quot;,&quot;from&quot;:&quot;article footer&quot;,&quot;name&quot;:&quot;Mon actu&quot;,&quot;type&quot;:&quot;cta&quot;}}\" target=\"_blank\">Mon Actu<\/a>.<\/p>\n<p>                    <script async src=\"\/\/www.instagram.com\/embed.js\"><\/script><\/p>\n","protected":false},"excerpt":{"rendered":"Par Marie Amelie Marchal Publi\u00e9 le 1 oct. 2025 \u00e0 8h04 Le flot de paroles est inarr\u00eatable et&hellip;\n","protected":false},"author":2,"featured_media":430436,"comment_status":"","ping_status":"","sticky":false,"template":"","format":"standard","meta":{"footnotes":""},"categories":[1888],"tags":[1111,1928,11,1927,26643,1777,674,1011,27,2673,12,1926,626,1925,25,3552,104],"class_list":{"0":"post-430435","1":"post","2":"type-post","3":"status-publish","4":"format-standard","5":"has-post-thumbnail","7":"category-paris","8":"tag-actu","9":"tag-actu-paris","10":"tag-actualites","11":"tag-actualites-paris","12":"tag-drag-race-france","13":"tag-eu","14":"tag-europe","15":"tag-fr","16":"tag-france","17":"tag-medecins","18":"tag-news","19":"tag-news-paris","20":"tag-paris","21":"tag-paris-news","22":"tag-republique-francaise","23":"tag-seniors","24":"tag-societe"},"share_on_mastodon":{"url":"https:\/\/pubeurope.com\/@fr\/115297431789217373","error":""},"_links":{"self":[{"href":"https:\/\/www.europesays.com\/fr\/wp-json\/wp\/v2\/posts\/430435","targetHints":{"allow":["GET"]}}],"collection":[{"href":"https:\/\/www.europesays.com\/fr\/wp-json\/wp\/v2\/posts"}],"about":[{"href":"https:\/\/www.europesays.com\/fr\/wp-json\/wp\/v2\/types\/post"}],"author":[{"embeddable":true,"href":"https:\/\/www.europesays.com\/fr\/wp-json\/wp\/v2\/users\/2"}],"replies":[{"embeddable":true,"href":"https:\/\/www.europesays.com\/fr\/wp-json\/wp\/v2\/comments?post=430435"}],"version-history":[{"count":0,"href":"https:\/\/www.europesays.com\/fr\/wp-json\/wp\/v2\/posts\/430435\/revisions"}],"wp:featuredmedia":[{"embeddable":true,"href":"https:\/\/www.europesays.com\/fr\/wp-json\/wp\/v2\/media\/430436"}],"wp:attachment":[{"href":"https:\/\/www.europesays.com\/fr\/wp-json\/wp\/v2\/media?parent=430435"}],"wp:term":[{"taxonomy":"category","embeddable":true,"href":"https:\/\/www.europesays.com\/fr\/wp-json\/wp\/v2\/categories?post=430435"},{"taxonomy":"post_tag","embeddable":true,"href":"https:\/\/www.europesays.com\/fr\/wp-json\/wp\/v2\/tags?post=430435"}],"curies":[{"name":"wp","href":"https:\/\/api.w.org\/{rel}","templated":true}]}}