{"id":430437,"date":"2025-10-01T06:12:42","date_gmt":"2025-10-01T06:12:42","guid":{"rendered":"https:\/\/www.europesays.com\/fr\/430437\/"},"modified":"2025-10-01T06:12:42","modified_gmt":"2025-10-01T06:12:42","slug":"paris-mode-et-creativite-se-renouvellent-avec-matieres-fecales-et-zomer","status":"publish","type":"post","link":"https:\/\/www.europesays.com\/fr\/430437\/","title":{"rendered":"Paris: mode et cr\u00e9ativit\u00e9 se renouvellent avec Mati\u00e8res F\u00e9cales et Zomer"},"content":{"rendered":"<p>\n                                    <b>Publi\u00e9 le<\/b><br \/>\n                                    <\/p>\n<p>                                        30 septembre 2025<\/p>\n<p class=\"article-content col-md-8 offset-md-1\">\n                                Les jeunes marques confortent leur position cr\u00e9ative \u00e0 Paris, devenant des rendez-vous incontournables pour la presse et les acheteurs. La deuxi\u00e8me journ\u00e9e des d\u00e9fil\u00e9s de pr\u00eat-\u00e0-porter f\u00e9minin d\u00e9di\u00e9s au printemps-\u00e9t\u00e9 2026 s\u2019est r\u00e9v\u00e9l\u00e9e particuli\u00e8rement r\u00e9jouissante avec des shows stimulants apportant un nouveau souffle cr\u00e9ateur. A l\u2019instar de Zomer et de Mati\u00e8res F\u00e9cales, qui ont bouscul\u00e9 la fashion sph\u00e8re mardi.<\/p>\n<p><a class=\"btn btn-dark\" target=\"_blank\" href=\"https:\/\/fr.fashionnetwork.com\/galeries\/photos\/Matieres-Fecales,73321.html\" rel=\"noopener\">Voir le d\u00e9fil\u00e9<\/a><img decoding=\"async\" class=\"news-image\" style=\"width:100%;max-width:645px;\" src=\"https:\/\/www.europesays.com\/fr\/wp-content\/uploads\/2025\/10\/8c73.jpg\" alt=\"Mati\u00e8res F\u00e9cales, printemps-\u00e9t\u00e9 2026\" loading=\"lazy\"\/>Mati\u00e8res F\u00e9cales, printemps-\u00e9t\u00e9 2026 &#8211; \u00a9Launchmetrics\/spotlight<\/p>\n<p class=\"col-md-8 offset-md-1 article-content--texte\">\u00a0<br \/>Pour son premier d\u00e9fil\u00e9 dans le calendrier parisien, Mati\u00e8res F\u00e9cales frappe un grand coup avec sa mode sulfureuse, oscillant entre coupes couture et esth\u00e9tique techno-gothique. Comme sortis d&rsquo;un royaume perdu, les membres de cette tribu myst\u00e9rieuse, repr\u00e9sent\u00e9s par un casting hyper inclusif, prennent d&rsquo;assaut la capitale dans des tenues imposantes. Juch\u00e9s sur des escarpins \u00e0 plateforme vertigineuse et talons aiguille recourb\u00e9s, les mannequins se pr\u00e9sentent fard\u00e9s comme des poup\u00e9es de porcelaine, le regard vitreux, parfois masqu\u00e9 par un loup.<br \/>\u00a0<br \/>Adh\u00e9rer \u00e0 la conformit\u00e9 ne semblent pas la priorit\u00e9 des fondateurs de la marque, les Canadiens Hannah Rose Dalton (29 ans), qui ouvre et ferme le show, et Steven Raj Bhaskaran (31 ans) aux origines guyanaise et sri-lankaise. Les deux ont longtemps d\u00fb faire leurs preuves avant d\u2019imposer leur style. De Montr\u00e9al, ils\u00a0 ont fait \u00e9tape \u00e0 New York, o\u00f9 ils se sont illustr\u00e9s comme DJ, avant de rencontrer le succ\u00e8s \u00e0 Paris, d\u2019abord sous l\u2019aile de <a class=\"fnwAddLinks\" href=\"https:\/\/fr.fashionnetwork.com\/tags-rick-owens\" title=\"Rick Owens\" target=\"_blank\" rel=\"noopener\">Rick Owens<\/a> et de sa femme Mich\u00e8le Lamy, puis sous celle d\u2019Adrian Joffe, le patron de <a class=\"fnwAddLinks\" href=\"https:\/\/fr.fashionnetwork.com\/tags-dover-street-market\" title=\"Dover Street Market\" target=\"_blank\" rel=\"noopener\">Dover Street Market<\/a>, tout en s\u00e9duisant Lady Gaga et <a class=\"fnwAddLinks\" href=\"https:\/\/fr.fashionnetwork.com\/tags-madonna\" title=\"Madonna\" target=\"_blank\" rel=\"noopener\">Madonna<\/a>.<\/p>\n<p class=\"col-md-8 offset-md-1 article-content--texte\">Le duo se joue magnifiquement des codes de la couture pour les subvertir, sans jamais tomber dans la provocation gratuite. A l\u2019image de ce tailleur en tweed rose p\u00e2le, fa\u00e7on Chanel, priv\u00e9 de col et d\u00e9nudant les \u00e9paules, qui s\u2019effiloche dans les bords de veste et jupe.<br \/>\u00a0<br \/>Les silhouettes sont tant\u00f4t longilignes pr\u00e8s du corps, tant\u00f4t sculpturales avec des \u00e9paules marqu\u00e9es et des flancs bomb\u00e9s. Le corset s\u2019impose, accentuant les courbes f\u00e9minines, tandis que chapeaux chics et gants d\u2019op\u00e9ra apportent une touche glamour.<\/p>\n<p>L\u2019\u00e9l\u00e9gance est port\u00e9e \u00e0 son apog\u00e9e dans des v\u00eatements aux coupes impeccables: costumes masculins, ensembles en satin, tailleurs r\u00e9tro ann\u00e9es 1940, combinaisons sensuelles, robes de cocktail fronc\u00e9es en tulle ou encore trenchs-peignoirs d\u00e9voilant des bas jarretelle. Sans oublier les crinolines bouillonnant de tulles et orn\u00e9es de roses qui concluent le show.<br \/>\u00a0<br \/>Un vestiaire plus street compl\u00e8te la garde robe avec des jeans d\u00e9lav\u00e9s et d\u00e9chir\u00e9s juste ce qu\u2019il faut, des vestes de surv\u00eatement barr\u00e9es du slogan \u00ab\u00a0Never conform\u00a0\u00bb, ou encore ce tee-shirt noir trou\u00e9 imprim\u00e9 d\u2019une rose fan\u00e9e avec le slogan \u00ab\u00a0la vie en rose\u00a0\u00bb. Pour pimenter le tout, s\u2019ins\u00e8re un filon BDSM \u00e0 coup de pi\u00e8ces en cuir noires.<\/p>\n<p><a class=\"btn btn-dark\" target=\"_blank\" href=\"https:\/\/fr.fashionnetwork.com\/galeries\/photos\/Zomer,73316.html\" rel=\"noopener\">Voir le d\u00e9fil\u00e9<\/a><img decoding=\"async\" class=\"news-image\" style=\"width:100%;max-width:645px;\" src=\"https:\/\/www.europesays.com\/fr\/wp-content\/uploads\/2025\/10\/5204.jpg\" alt=\"Zomer , printemps-\u00e9t\u00e9 2026\" loading=\"lazy\"\/>Zomer , printemps-\u00e9t\u00e9 2026 &#8211; \u00a9Launchmetrics\/spotlight<\/p>\n<p class=\"col-md-8 offset-md-1 article-content--texte\">Une \u00e9norme palette de peinture tr\u00f4ne au milieu de la sc\u00e8ne, sur laquelle les mannequins viennent se frotter les pieds, laissant ensuite leurs empreintes color\u00e9es sur le podium blanc. Chez Zomer, il y a toujours un c\u00f4t\u00e9 ludique et il est souvent question de joie, de l\u00e9g\u00e8ret\u00e9 et d\u00e9tails fun.<\/p>\n<p>Exag\u00e9rer ou minimiser? Tel est le dilemme auquel se sont confront\u00e9s les deux cr\u00e9ateurs de la marque, le Tatar Danial Aitouganov et le N\u00e9erlando-Carib\u00e9en Imruh Asha, cette saison.<br \/>\u00a0<br \/>A l\u2019arriv\u00e9e, une collection construite avec intelligence entre basiques aux couleurs neutres et pi\u00e8ces multicolores plus recherch\u00e9es, rehauss\u00e9es \u00e0 chaque fois d\u2019une trouvaille loufoque ou maline. Comme ces cravates nou\u00e9es en n\u0153ud papillon, qui sont pos\u00e9es sur de mini blousons ou des chemisettes riquiqui, ou ces boucles de ceinture d\u00e9mesur\u00e9es qui se referment \u00e0 la taille de robes drap\u00e9es.<br \/>\u00a0<br \/>Dans ce bouleversement des proportions, les cr\u00e9ateurs font descendre la taille syst\u00e9matiquement au niveau des cuisses, marqu\u00e9e \u00e0 cette hauteur tr\u00e8s basse par une ceinture. Jupes et bermudas semblent ainsi avoir gliss\u00e9 le long des jambes, laissant d\u00e9passer le haut d\u2019un dessous dans une tout autre mati\u00e8re ou coloris. Tout se superpose dans un gai mix and match. La jupe courte en jean s&rsquo;incruste dans un jupon paillet\u00e9, la jupe trap\u00e8ze effet crocodile se plaque sur une robe d\u2019\u00e9t\u00e9 en popeline blanche.<br \/>\u00a0<br \/>Les variations autour de la forme du parapluie constituent l\u2019autre id\u00e9e originale d\u00e9velopp\u00e9e dans la collection. Les longues robes et jupes mouchoir se d\u00e9ploient en drap\u00e9s \u00e0 pointes. Des strates de volants pointus en cuir cr\u00e9ent du volume sur les \u00e9paules. Ailleurs, une jupe descend droite jusqu\u2019aux genoux pour s\u2019ouvrir en arceaux vers le bas, tel un parapluie.<br \/>\u00a0<br \/>\u00a0<br \/>\u00a0<br \/>\u00a0\n                            <\/p>\n<p>\n                                Tous droits de reproduction et de repr\u00e9sentation r\u00e9serv\u00e9s.<br \/>\u00a9 2025 FashionNetwork.com\n                            <\/p>\n","protected":false},"excerpt":{"rendered":"Publi\u00e9 le 30 septembre 2025 Les jeunes marques confortent leur position cr\u00e9ative \u00e0 Paris, devenant des rendez-vous incontournables&hellip;\n","protected":false},"author":2,"featured_media":430438,"comment_status":"","ping_status":"","sticky":false,"template":"","format":"standard","meta":{"footnotes":""},"categories":[1888],"tags":[1111,1928,11,1927,2424,537,2423,32978,1777,674,1011,27,2425,6239,985,12,1926,2298,626,1925,2426,2427,25,2421,24447,2422],"class_list":{"0":"post-430437","1":"post","2":"type-post","3":"status-publish","4":"format-standard","5":"has-post-thumbnail","7":"category-paris","8":"tag-actu","9":"tag-actu-paris","10":"tag-actualites","11":"tag-actualites-paris","12":"tag-beaute","13":"tag-contact","14":"tag-cosmetiques","15":"tag-dover-street-market","16":"tag-eu","17":"tag-europe","18":"tag-fr","19":"tag-france","20":"tag-luxe","21":"tag-madonna","22":"tag-mode","23":"tag-news","24":"tag-news-paris","25":"tag-parfum","26":"tag-paris","27":"tag-paris-news","28":"tag-professionnel","29":"tag-professionnels","30":"tag-republique-francaise","31":"tag-reseau","32":"tag-rick-owens","33":"tag-textile"},"share_on_mastodon":{"url":"https:\/\/pubeurope.com\/@fr\/115297435439268485","error":""},"_links":{"self":[{"href":"https:\/\/www.europesays.com\/fr\/wp-json\/wp\/v2\/posts\/430437","targetHints":{"allow":["GET"]}}],"collection":[{"href":"https:\/\/www.europesays.com\/fr\/wp-json\/wp\/v2\/posts"}],"about":[{"href":"https:\/\/www.europesays.com\/fr\/wp-json\/wp\/v2\/types\/post"}],"author":[{"embeddable":true,"href":"https:\/\/www.europesays.com\/fr\/wp-json\/wp\/v2\/users\/2"}],"replies":[{"embeddable":true,"href":"https:\/\/www.europesays.com\/fr\/wp-json\/wp\/v2\/comments?post=430437"}],"version-history":[{"count":0,"href":"https:\/\/www.europesays.com\/fr\/wp-json\/wp\/v2\/posts\/430437\/revisions"}],"wp:featuredmedia":[{"embeddable":true,"href":"https:\/\/www.europesays.com\/fr\/wp-json\/wp\/v2\/media\/430438"}],"wp:attachment":[{"href":"https:\/\/www.europesays.com\/fr\/wp-json\/wp\/v2\/media?parent=430437"}],"wp:term":[{"taxonomy":"category","embeddable":true,"href":"https:\/\/www.europesays.com\/fr\/wp-json\/wp\/v2\/categories?post=430437"},{"taxonomy":"post_tag","embeddable":true,"href":"https:\/\/www.europesays.com\/fr\/wp-json\/wp\/v2\/tags?post=430437"}],"curies":[{"name":"wp","href":"https:\/\/api.w.org\/{rel}","templated":true}]}}