{"id":430445,"date":"2025-10-01T06:16:13","date_gmt":"2025-10-01T06:16:13","guid":{"rendered":"https:\/\/www.europesays.com\/fr\/430445\/"},"modified":"2025-10-01T06:16:13","modified_gmt":"2025-10-01T06:16:13","slug":"au-moins-neuf-morts-apres-des-pluies-diluviennes-dans-le-sud","status":"publish","type":"post","link":"https:\/\/www.europesays.com\/fr\/430445\/","title":{"rendered":"au moins neuf morts apr\u00e8s des pluies diluviennes dans le Sud"},"content":{"rendered":"<p>Au moins neuf personnes, dont un enfant, ont p\u00e9ri apr\u00e8s de violentes pluies dans la r\u00e9gion d\u2019Odessa. En sept heures, l\u2019\u00e9quivalent de deux mois de pr\u00e9cipitations s\u2019est abattu sur la ville.<\/p>\n<p class=\"fig-paragraph\">Des pluies violentes qui se sont abattues dans\u00a0<a href=\"http:\/\/www.lefigaro.fr\/international\/guerre-en-ukraine-un-mort-et-14-blesses-dans-des-frappes-de-drones-russes-a-odessa-20250620\" data-fig-type=\"NewsFlash\" data-gtm-custom-categorie=\"navigation\" data-gtm-custom-action=\"crossclick\" data-gtm-custom-label=\"Contextuel\" data-gtm-event=\"customEventSPE\" data-fig-domain=\"LEFIGARO\" target=\"_blank\" rel=\"noopener\">la r\u00e9gion d&rsquo;Odessa<\/a>, dans le sud de\u00a0<a href=\"http:\/\/www.lefigaro.fr\/international\/l-ukraine-espere-recevoir-des-missiles-tomahawk-pour-accroitre-la-pression-sur-la-russie-20250929\" data-fig-type=\"Article\" data-gtm-custom-categorie=\"navigation\" data-gtm-custom-action=\"crossclick\" data-gtm-custom-label=\"Contextuel\" data-gtm-event=\"customEventSPE\" data-fig-domain=\"LEFIGARO\" target=\"_blank\" rel=\"noopener\">l&rsquo;Ukraine<\/a>, ont fait au moins neuf morts dont un enfant, ont indiqu\u00e9 les secours mercredi.<\/p>\n<p class=\"fig-paragraph\">\u00abToute la nuit, les sauveteurs ont aid\u00e9 \u00e0 \u00e9vacuer des personnes prises au pi\u00e8ge par des inondations, \u00e0 d\u00e9gager des voitures, \u00e0 pomper de l&rsquo;eau des b\u00e2timents\u00bb, ont pr\u00e9cis\u00e9 les services d&rsquo;urgence sur Telegram, tandis que le maire d&rsquo;Odessa Gennadui\u00ef Troukhanov avait rapport\u00e9 dans la nuit que l&rsquo;\u00e9quivalent de deux mois de pr\u00e9cipitations habituelles s&rsquo;\u00e9tait abattu en sept heures sur la ville. \u00abAucun r\u00e9seau d\u2019\u00e9gouts ne peut supporter une telle charge\u00bb, a-t-il ajout\u00e9.<\/p>\n<p>                                    <a class=\"fig-a11y-skip a11y-hidden\" href=\"#fig-a11y-skip-main-inarticle\"><br \/>\n        Passer la publicit\u00e9<br \/>\n    <\/a><\/p>\n<p class=\"fig-paragraph\">Ces intemp\u00e9ries meurtri\u00e8res interviennent alors que l\u2019Ukraine continue de subir des\u00a0<a href=\"http:\/\/www.lefigaro.fr\/international\/nos-gars-sont-arrives-l-ukraine-envoie-une-mission-militaire-anti-drones-pour-des-exercices-au-danemark-20250930\" data-fig-type=\"NewsFlash\" data-gtm-custom-categorie=\"navigation\" data-gtm-custom-action=\"crossclick\" data-gtm-custom-label=\"Contextuel\" data-gtm-event=\"customEventSPE\" data-fig-domain=\"LEFIGARO\" target=\"_blank\" rel=\"noopener\">bombardements quotidiens<\/a>\u00a0de l\u2019arm\u00e9e russe, qui contr\u00f4le environ 20% de son territoire, trois ans et demi apr\u00e8s le lancement de son invasion \u00e0 grande \u00e9chelle. \u00c0 Kherson (sud), un homme est mort mercredi matin dans une attaque russe, selon l\u2019administration militaire locale. \u00c0 Kharkiv (nord-est), les autorit\u00e9s ont fait \u00e9tat d\u2019importantes frappes pendant la nuit, qui ont fait six bless\u00e9s dont un policier, selon la police nationale.<\/p>\n","protected":false},"excerpt":{"rendered":"Au moins neuf personnes, dont un enfant, ont p\u00e9ri apr\u00e8s de violentes pluies dans la r\u00e9gion d\u2019Odessa. En&hellip;\n","protected":false},"author":2,"featured_media":430446,"comment_status":"","ping_status":"","sticky":false,"template":"","format":"standard","meta":{"footnotes":""},"categories":[1590],"tags":[11,1777,674,12,4459,220],"class_list":{"0":"post-430445","1":"post","2":"type-post","3":"status-publish","4":"format-standard","5":"has-post-thumbnail","7":"category-ukraine","8":"tag-actualites","9":"tag-eu","10":"tag-europe","11":"tag-news","12":"tag-pluie","13":"tag-ukraine"},"share_on_mastodon":{"url":"https:\/\/pubeurope.com\/@fr\/115297451030528170","error":""},"_links":{"self":[{"href":"https:\/\/www.europesays.com\/fr\/wp-json\/wp\/v2\/posts\/430445","targetHints":{"allow":["GET"]}}],"collection":[{"href":"https:\/\/www.europesays.com\/fr\/wp-json\/wp\/v2\/posts"}],"about":[{"href":"https:\/\/www.europesays.com\/fr\/wp-json\/wp\/v2\/types\/post"}],"author":[{"embeddable":true,"href":"https:\/\/www.europesays.com\/fr\/wp-json\/wp\/v2\/users\/2"}],"replies":[{"embeddable":true,"href":"https:\/\/www.europesays.com\/fr\/wp-json\/wp\/v2\/comments?post=430445"}],"version-history":[{"count":0,"href":"https:\/\/www.europesays.com\/fr\/wp-json\/wp\/v2\/posts\/430445\/revisions"}],"wp:featuredmedia":[{"embeddable":true,"href":"https:\/\/www.europesays.com\/fr\/wp-json\/wp\/v2\/media\/430446"}],"wp:attachment":[{"href":"https:\/\/www.europesays.com\/fr\/wp-json\/wp\/v2\/media?parent=430445"}],"wp:term":[{"taxonomy":"category","embeddable":true,"href":"https:\/\/www.europesays.com\/fr\/wp-json\/wp\/v2\/categories?post=430445"},{"taxonomy":"post_tag","embeddable":true,"href":"https:\/\/www.europesays.com\/fr\/wp-json\/wp\/v2\/tags?post=430445"}],"curies":[{"name":"wp","href":"https:\/\/api.w.org\/{rel}","templated":true}]}}