{"id":430455,"date":"2025-10-01T06:21:21","date_gmt":"2025-10-01T06:21:21","guid":{"rendered":"https:\/\/www.europesays.com\/fr\/430455\/"},"modified":"2025-10-01T06:21:21","modified_gmt":"2025-10-01T06:21:21","slug":"carl-friedrich-ophuls-juriste-du-reich-et-penseur-de-lue","status":"publish","type":"post","link":"https:\/\/www.europesays.com\/fr\/430455\/","title":{"rendered":"Carl Friedrich Oph\u00fcls : juriste du Reich et penseur de l&rsquo;UE ?"},"content":{"rendered":"<p class=\"has-medium-font-size\">Un sombre penseur derri\u00e8re les Trait\u00e9s de Rome ?<\/p>\n<p class=\"has-medium-font-size\">Carl Friedrich Oph\u00fcls (1895-1970) est un juriste form\u00e9 entre Londres et Francfort, membre du NSDAP dans les ann\u00e9es 1930 selon les biographies, puis haut diplomate de la RFA. <\/p>\n<p class=\"has-medium-font-size\">Dans les ann\u00e9es 1950, notre homme devient chef juridique dans les n\u00e9gociations qui aboutissent \u00e0 la naissance des Trait\u00e9s de Rome (1957). <\/p>\n<p class=\"has-medium-font-size\">Un pilier juridique de ce qui allait vite devenir le march\u00e9 commun europ\u00e9en puis l\u2019Union europ\u00e9enne dans l\u2019\u00e9tat dans laquelle nous la connaissons.<\/p>\n<p class=\"has-medium-font-size\">En 1958, Oph\u00fcls publie European Revival, un texte programmatique o\u00f9 il d\u00e9fend une int\u00e9gration supranationale ferme : d\u00e9passer la simple coop\u00e9ration d\u2019\u00c9tats pour transf\u00e9rer des souverainet\u00e9s.<\/p>\n<p class=\"has-medium-font-size\">En somme, il s\u2019agit de la bo\u00eete noire de l\u2019ADN europ\u00e9en contemporain\u2026<\/p>\n<p class=\"has-medium-font-size\">Un cas isol\u00e9 dans la construction europ\u00e9enne ? Pas si s\u00fbr !<\/p>\n<p><strong>D\u00e9couvrez notre enqu\u00eate<br \/>Des anciens nazis architectes de l\u2019UE ?<\/strong><\/p>\n<p class=\"has-medium-font-size\" id=\"isPasted\">Des anciens nazis, ayant parfois occup\u00e9 de tr\u00e8s hautes fonctions, retrouv\u00e9s des ann\u00e9es plus tard\u2026<\/p>\n<p class=\"has-medium-font-size\">\u2026 parmi<strong>\u00a0les membres actifs de la construction europ\u00e9enne<\/strong>\u00a0? Impossible\u00a0!<\/p>\n<p class=\"has-medium-font-size\">R\u00e9my de\u00a0Juste Milieu\u00a0a men\u00e9 l\u2019enqu\u00eate pour en savoir plus sur ces sombres histoires.<\/p>\n<p class=\"has-medium-font-size\">Entre\u00a0<strong>effacement du pass\u00e9 et r\u00e9\u00e9criture de l\u2019Histoire<\/strong>, les d\u00e9couvertes sont nombreuses.<\/p>\n<p class=\"has-medium-font-size\">Pour acc\u00e9der \u00e0 cette enqu\u00eate,\u00a0laissez-vous guider\u00a0!<\/p>\n<p class=\"has-medium-font-size\">On vous l\u2019envoie pour tout abonnement d\u00e9couverte \u00e0\u00a0Juste Mensuel\u00a0(3 mois, garantie \u00ab\u00a0Satisfait ou rembours\u00e9\u00a0\u00bb).<\/p>\n<p><a href=\"https:\/\/abonnement.juste-milieu.fr\/juste-mensuel-46-landing\/index.html?source=JUM744040002\" target=\"_blank\" rel=\" noreferrer noopener\"><img loading=\"lazy\" decoding=\"async\" width=\"1024\" height=\"740\" src=\"https:\/\/www.europesays.com\/fr\/wp-content\/uploads\/2025\/10\/JMS-n\u00b046_Anciens-nazis-UE-1024x740.png\" alt=\"\" class=\"wp-image-14775\" style=\"width:513px;height:auto\"  \/><\/a><\/p>\n<p>\t\tContinue Reading<\/p>\n","protected":false},"excerpt":{"rendered":"Un sombre penseur derri\u00e8re les Trait\u00e9s de Rome ? Carl Friedrich Oph\u00fcls (1895-1970) est un juriste form\u00e9 entre&hellip;\n","protected":false},"author":2,"featured_media":430456,"comment_status":"","ping_status":"","sticky":false,"template":"","format":"standard","meta":{"footnotes":""},"categories":[1586],"tags":[17,11,55873,1777,674,1779,1011,27,16684,12,25,1778,364],"class_list":{"0":"post-430455","1":"post","2":"type-post","3":"status-publish","4":"format-standard","5":"has-post-thumbnail","7":"category-europe","8":"tag-17","9":"tag-actualites","10":"tag-carl-friedrich-ophuls","11":"tag-eu","12":"tag-europe","13":"tag-european-union","14":"tag-fr","15":"tag-france","16":"tag-nazisme","17":"tag-news","18":"tag-republique-francaise","19":"tag-ue","20":"tag-union-europeenne"},"share_on_mastodon":{"url":"https:\/\/pubeurope.com\/@fr\/115297471457954735","error":""},"_links":{"self":[{"href":"https:\/\/www.europesays.com\/fr\/wp-json\/wp\/v2\/posts\/430455","targetHints":{"allow":["GET"]}}],"collection":[{"href":"https:\/\/www.europesays.com\/fr\/wp-json\/wp\/v2\/posts"}],"about":[{"href":"https:\/\/www.europesays.com\/fr\/wp-json\/wp\/v2\/types\/post"}],"author":[{"embeddable":true,"href":"https:\/\/www.europesays.com\/fr\/wp-json\/wp\/v2\/users\/2"}],"replies":[{"embeddable":true,"href":"https:\/\/www.europesays.com\/fr\/wp-json\/wp\/v2\/comments?post=430455"}],"version-history":[{"count":0,"href":"https:\/\/www.europesays.com\/fr\/wp-json\/wp\/v2\/posts\/430455\/revisions"}],"wp:featuredmedia":[{"embeddable":true,"href":"https:\/\/www.europesays.com\/fr\/wp-json\/wp\/v2\/media\/430456"}],"wp:attachment":[{"href":"https:\/\/www.europesays.com\/fr\/wp-json\/wp\/v2\/media?parent=430455"}],"wp:term":[{"taxonomy":"category","embeddable":true,"href":"https:\/\/www.europesays.com\/fr\/wp-json\/wp\/v2\/categories?post=430455"},{"taxonomy":"post_tag","embeddable":true,"href":"https:\/\/www.europesays.com\/fr\/wp-json\/wp\/v2\/tags?post=430455"}],"curies":[{"name":"wp","href":"https:\/\/api.w.org\/{rel}","templated":true}]}}