{"id":430465,"date":"2025-10-01T06:27:11","date_gmt":"2025-10-01T06:27:11","guid":{"rendered":"https:\/\/www.europesays.com\/fr\/430465\/"},"modified":"2025-10-01T06:27:11","modified_gmt":"2025-10-01T06:27:11","slug":"la-liste-des-forfaits-pour-la-tournee-de-novembre-sallonge","status":"publish","type":"post","link":"https:\/\/www.europesays.com\/fr\/430465\/","title":{"rendered":"la liste des forfaits pour la tourn\u00e9e de novembre s\u2019allonge"},"content":{"rendered":"<p>Dans un mois, le s\u00e9lectionneur Fabien Galthi\u00e9 d\u00e9voilera les noms des joueurs retenus pour les tests automnaux. Avec, d\u00e9j\u00e0, une dizaine d\u2019absents.<\/p>\n<p class=\"fig-paragraph\">La tourn\u00e9e d\u2019automne du XV de France s\u2019annonce copieuse avec des test-matchs face \u00e0 l\u2019Afrique du sud (le 8 novembre au Stade de France), les Fidji (le 15 \u00e0 Bordeaux) et l\u2019Australie (le 22 au Stade de France).<\/p>\n<p class=\"fig-paragraph\">Fin octobre, le s\u00e9lectionneur des Bleus, Fabien Galthi\u00e9, d\u00e9voilera les noms des 42 joueurs retenus pour les retrouvailles avec les doubles champions du monde sud-africains. Avec, d\u00e9j\u00e0, des certitudes sur les (nombreux) absents. Trois postes sont particuli\u00e8rement touch\u00e9s\u00a0: pilier droit, demi de m\u00eal\u00e9e et ailier.<\/p>\n<p>                                    <a class=\"fig-a11y-skip a11y-hidden\" href=\"#fig-a11y-skip-main-inarticle\"><br \/>\n        Passer la publicit\u00e9<br \/>\n    <\/a><\/p>\n<p>H\u00e9catombe au poste de demi de m\u00eal\u00e9e<\/p>\n<p class=\"fig-paragraph\">\u00c0 droite de la m\u00eal\u00e9e, le Rochelais et\u00a0<a href=\"http:\/\/www.lefigaro.fr\/sports\/rugby\/xv-de-france\/rugby-le-pilier-de-la-rochelle-et-du-xv-de-france-uini-atonio-vers-une-longue-absence-20250612\" data-fig-type=\"NewsFlash\" data-gtm-custom-categorie=\"navigation\" data-gtm-custom-action=\"crossclick\" data-gtm-custom-label=\"Contextuel\" data-gtm-event=\"customEventSPE\" data-fig-domain=\"LEFIGARO\" rel=\"nofollow noopener\" target=\"_blank\">cadre des Bleus <strong>Uini Atonio<\/strong><\/a> \u00a0(35 ans) et le jeune Bayonnais <strong>Tevita Tatafu<\/strong> (22 ans) sont tous les deux forfaits, le premier touch\u00e9 aux ischio-jambiers, le second bless\u00e9 \u00e0 la cheville. Au talonnage, le Toulousain <strong>Peato Mauvaka<\/strong> (genou) manquera \u00e9galement \u00e0 l\u2019appel. Mais, \u00e0 ce poste, le r\u00e9servoir tricolore est plus profond.<\/p>\n<p class=\"fig-paragraph\">C\u00f4t\u00e9 n\u00b09, c\u2019est l\u2019h\u00e9catombe. <strong>Antoine Dupont<\/strong>, qui ne retrouvera les terrains que d\u00e9but d\u00e9cembre,\u00a0<a href=\"http:\/\/www.lefigaro.fr\/sports\/rugby\/top-14\/top-14-maxime-lucu-ubb-absent-jusqu-a-fin-octobre-20250830\" data-fig-type=\"NewsFlash\" data-gtm-custom-categorie=\"navigation\" data-gtm-custom-action=\"crossclick\" data-gtm-custom-label=\"Contextuel\" data-gtm-event=\"customEventSPE\" data-fig-domain=\"LEFIGARO\" rel=\"nofollow noopener\" target=\"_blank\"><strong>Maxime Lucu<\/strong> (blessure au pouce)<\/a>\u00a0et\u00a0<a href=\"http:\/\/www.lefigaro.fr\/sports\/rugby\/top-14\/top-14-triple-coup-dur-pour-le-lou-20250929\" data-fig-type=\"NewsFlash\" data-gtm-custom-categorie=\"navigation\" data-gtm-custom-action=\"crossclick\" data-gtm-custom-label=\"Contextuel\" data-gtm-event=\"customEventSPE\" data-fig-domain=\"LEFIGARO\" rel=\"nofollow noopener\" target=\"_blank\"><strong>Baptiste Couilloud<\/strong> (\u00e9paule)<\/a>\u00a0ne seront pas r\u00e9tablis \u00e0 temps. Ce qui fait du n\u00e9o-Rochelais Nolann Le\u00a0Garrec le titulaire annonc\u00e9 au poste de demi de m\u00eal\u00e9e.<\/p>\n<p class=\"fig-body-link\">\n            \u00c0 lire aussi<br \/>\n        <a class=\"fig-body-link__link\" href=\"http:\/\/www.lefigaro.fr\/sports\/rugby\/rugby-antoine-dupont-repousse-la-date-de-son-retour-sur-les-terrains-20250929\" data-fig-type=\"NewsFlash\" data-gtm-custom-categorie=\"navigation\" data-gtm-custom-action=\"crossclick\" data-gtm-custom-label=\"Contextuel\" data-gtm-event=\"customEventSPE\" data-fig-domain=\"LEFIGARO\" rel=\"nofollow noopener\" target=\"_blank\">Rugby\u00a0: Antoine Dupont repousse la date de son retour sur les terrains<br \/>\n    <\/a>\n<\/p>\n<p class=\"fig-paragraph\">Sur les ailes,\u00a0<a href=\"http:\/\/www.lefigaro.fr\/sports\/rugby\/xv-de-france\/top-14-gabin-villiere-forfait-pour-la-tournee-d-automne-avec-le-xv-de-france-20250922\" data-fig-type=\"NewsFlash\" data-gtm-custom-categorie=\"navigation\" data-gtm-custom-action=\"crossclick\" data-gtm-custom-label=\"Contextuel\" data-gtm-event=\"customEventSPE\" data-fig-domain=\"LEFIGARO\" rel=\"nofollow noopener\" target=\"_blank\">le Toulonnais <strong>Gabin Villi\u00e8re<\/strong><\/a>, op\u00e9r\u00e9 d\u2019une pubalgie, et l<a href=\"http:\/\/www.lefigaro.fr\/sports\/rugby\/top-14\/xv-de-france-blesse-a-un-genou-avec-pau-theo-attissogbe-forfait-pour-la-tournee-de-novembre-20250924\" data-fig-type=\"NewsFlash\" data-gtm-custom-categorie=\"navigation\" data-gtm-custom-action=\"crossclick\" data-gtm-custom-label=\"Contextuel\" data-gtm-event=\"customEventSPE\" data-fig-domain=\"LEFIGARO\" rel=\"nofollow noopener\" target=\"_blank\">e Palois <strong>Th\u00e9o Attissogbe<\/strong><\/a>, victime d\u2019une entorse du ligament lat\u00e9ral interne d\u2019un genou, sont forfaits. Sans oublier, au centre, l\u2019absence du champion d\u2019Europe bordelais,\u00a0<a href=\"http:\/\/www.lefigaro.fr\/sports\/rugby\/top-14\/top-14-touche-a-une-epaule-le-centre-de-l-ubb-yoram-moefana-absent-3-mois-20250902\" data-fig-type=\"NewsFlash\" data-gtm-custom-categorie=\"navigation\" data-gtm-custom-action=\"crossclick\" data-gtm-custom-label=\"Contextuel\" data-gtm-event=\"customEventSPE\" data-fig-domain=\"LEFIGARO\" rel=\"nofollow noopener\" target=\"_blank\"><strong>Yoram Moefana<\/strong> (\u00e9paule).<\/a><\/p>\n<p class=\"fig-paragraph\">Avec encore un gros mois de comp\u00e9tition d\u2019ici cette tourn\u00e9e, Fabien Galthi\u00e9 doit certainement croiser les doigts pour que cette liste de forfaits ne s\u2019allonge pas plus.<\/p>\n","protected":false},"excerpt":{"rendered":"Dans un mois, le s\u00e9lectionneur Fabien Galthi\u00e9 d\u00e9voilera les noms des joueurs retenus pour les tests automnaux. Avec,&hellip;\n","protected":false},"author":2,"featured_media":430466,"comment_status":"","ping_status":"","sticky":false,"template":"","format":"standard","meta":{"footnotes":""},"categories":[1416],"tags":[514,1011,27,16279,479,1468,60,55874],"class_list":{"0":"post-430465","1":"post","2":"type-post","3":"status-publish","4":"format-standard","5":"has-post-thumbnail","7":"category-rugby","8":"tag-antoine-dupont","9":"tag-fr","10":"tag-france","11":"tag-peato-mauvaka","12":"tag-rugby","13":"tag-rugby-football","14":"tag-sports","15":"tag-yoram-moefana"},"share_on_mastodon":{"url":"https:\/\/pubeurope.com\/@fr\/115297494244803420","error":""},"_links":{"self":[{"href":"https:\/\/www.europesays.com\/fr\/wp-json\/wp\/v2\/posts\/430465","targetHints":{"allow":["GET"]}}],"collection":[{"href":"https:\/\/www.europesays.com\/fr\/wp-json\/wp\/v2\/posts"}],"about":[{"href":"https:\/\/www.europesays.com\/fr\/wp-json\/wp\/v2\/types\/post"}],"author":[{"embeddable":true,"href":"https:\/\/www.europesays.com\/fr\/wp-json\/wp\/v2\/users\/2"}],"replies":[{"embeddable":true,"href":"https:\/\/www.europesays.com\/fr\/wp-json\/wp\/v2\/comments?post=430465"}],"version-history":[{"count":0,"href":"https:\/\/www.europesays.com\/fr\/wp-json\/wp\/v2\/posts\/430465\/revisions"}],"wp:featuredmedia":[{"embeddable":true,"href":"https:\/\/www.europesays.com\/fr\/wp-json\/wp\/v2\/media\/430466"}],"wp:attachment":[{"href":"https:\/\/www.europesays.com\/fr\/wp-json\/wp\/v2\/media?parent=430465"}],"wp:term":[{"taxonomy":"category","embeddable":true,"href":"https:\/\/www.europesays.com\/fr\/wp-json\/wp\/v2\/categories?post=430465"},{"taxonomy":"post_tag","embeddable":true,"href":"https:\/\/www.europesays.com\/fr\/wp-json\/wp\/v2\/tags?post=430465"}],"curies":[{"name":"wp","href":"https:\/\/api.w.org\/{rel}","templated":true}]}}