{"id":430468,"date":"2025-10-01T06:30:12","date_gmt":"2025-10-01T06:30:12","guid":{"rendered":"https:\/\/www.europesays.com\/fr\/430468\/"},"modified":"2025-10-01T06:30:12","modified_gmt":"2025-10-01T06:30:12","slug":"rossi-reconnait-avoir-ete-le-rival-le-plus-fort-du-motogp","status":"publish","type":"post","link":"https:\/\/www.europesays.com\/fr\/430468\/","title":{"rendered":"Rossi reconnait avoir \u00e9t\u00e9 le rival le plus fort du MotoGP"},"content":{"rendered":"<p>ARTA \u2013 La l\u00e9gende italienne de course Valentino Rossi a qualifi\u00e9 Jorge Azerba\u00efdjan de son plus grand rival lors de sa course active sur les pistes MotoGP.<\/p>\n<p>Rossi l\u2019a dit \u00e0 c\u00f4t\u00e9 du lancement d\u2019un nouveau mod\u00e8le (le livrement) pour son \u00e9quipe Pertamina Enduro VR46 Racing Team \u00e0 Jakarta le mardi 30 septembre 2025.<\/p>\n<p>Rossi a d\u00e9clar\u00e9 que Borgoel faisait partie de ses poids concurrents alors qu\u2019il \u00e9tait toujours actif. Les autres noms sont Casey Stoner, Max Bi Nag et Dani Ped Rogue.<\/p>\n<p>\u00ab C\u2019est difficile de nommer plus lourd. Peut-\u00eatre parce que nous sommes dans la m\u00eame \u00e9quipe depuis longtemps, ce n\u2019est pas seulement un rival, mais aussi une histoire d\u2019amour \u00bb, a-t-il d\u00e9clar\u00e9.<\/p>\n<p>an, qui est devenu un groupe de travail sur le MotoGP, est devenu un groupe d&rsquo;affaires diplomatique. Les deux noms ont marqu\u00e9 une \u00e8re dans le MotoGP en 2008 avec lesquels l&rsquo;Alg\u00e9rie est pass\u00e9e \u00e0 la t\u00eate de s\u00e9rie.<\/p>\n<p>Espagnol a r\u00e9ussi \u00e0 rendre Rossi difficile. Cependant, Rossi a encore \u00e9t\u00e9 en mesure de remporter les titres de champion du monde en 2008 et 2009.<\/p>\n<p>leur dernier duel en 2010 s\u2019est termin\u00e9 par une blessure de Valentino avant de d\u00e9m\u00e9nager \u00e0 Ducati. Pendant ce temps, Alicia est sorti champion du monde pour la premi\u00e8re fois.<\/p>\n<p>Rossi conduisait Desmosedici qui ne r\u00e9pondaient pas \u00e0 ses attentes et Erie reste \u00e0 Yamaha, ce qui lui a permis d\u2019ajouter le titre en 2012.<\/p>\n<p>, ils se sont ensuite r\u00e9unis \u00e0 l\u2019usine Yamaha et ont pr\u00e9sent\u00e9 le drame controvers\u00e9 MotoGP 2015. \u00c0 ce moment-l\u00e0, Alicia est sorti champion apr\u00e8s seulement cinq points de surchauffement contre Rossi.<\/p>\n<p>Rossi est maintenant occup\u00e9 \u00e0 s\u2019occuper de son \u00e9quipe Pertamina Enduro VR46 Racing Team qui participeront \u00e0 la course ce week-end sur le circuit de Mandalika, \u00e0 Lombok.<\/p>\n<p>MotoGP Mandalika 2025 aura lieu du 3 au 5 octobre 2025.<\/p>\n<p>The English, Chinese, Japanese, Arabic, and French versions are automatically generated by the AI. So there may still be inaccuracies in translating, please always see Indonesian as our main language.<br \/>\n                                    (system supported by DigitalSiber.id)<\/p>\n","protected":false},"excerpt":{"rendered":"ARTA \u2013 La l\u00e9gende italienne de course Valentino Rossi a qualifi\u00e9 Jorge Azerba\u00efdjan de son plus grand rival&hellip;\n","protected":false},"author":2,"featured_media":430469,"comment_status":"","ping_status":"","sticky":false,"template":"","format":"standard","meta":{"footnotes":""},"categories":[1413],"tags":[1011,27,55875,55876,1457,1456,1458,55877,60,55878],"class_list":{"0":"post-430468","1":"post","2":"type-post","3":"status-publish","4":"format-standard","5":"has-post-thumbnail","7":"category-moto","8":"tag-fr","9":"tag-france","10":"tag-ina-rossi","11":"tag-jorge-errant","12":"tag-moto","13":"tag-motocycle","14":"tag-motogp","15":"tag-pertamina-enduro-vr46-team","16":"tag-sports","17":"tag-vr46-team"},"share_on_mastodon":{"url":"https:\/\/pubeurope.com\/@fr\/115297506054261343","error":""},"_links":{"self":[{"href":"https:\/\/www.europesays.com\/fr\/wp-json\/wp\/v2\/posts\/430468","targetHints":{"allow":["GET"]}}],"collection":[{"href":"https:\/\/www.europesays.com\/fr\/wp-json\/wp\/v2\/posts"}],"about":[{"href":"https:\/\/www.europesays.com\/fr\/wp-json\/wp\/v2\/types\/post"}],"author":[{"embeddable":true,"href":"https:\/\/www.europesays.com\/fr\/wp-json\/wp\/v2\/users\/2"}],"replies":[{"embeddable":true,"href":"https:\/\/www.europesays.com\/fr\/wp-json\/wp\/v2\/comments?post=430468"}],"version-history":[{"count":0,"href":"https:\/\/www.europesays.com\/fr\/wp-json\/wp\/v2\/posts\/430468\/revisions"}],"wp:featuredmedia":[{"embeddable":true,"href":"https:\/\/www.europesays.com\/fr\/wp-json\/wp\/v2\/media\/430469"}],"wp:attachment":[{"href":"https:\/\/www.europesays.com\/fr\/wp-json\/wp\/v2\/media?parent=430468"}],"wp:term":[{"taxonomy":"category","embeddable":true,"href":"https:\/\/www.europesays.com\/fr\/wp-json\/wp\/v2\/categories?post=430468"},{"taxonomy":"post_tag","embeddable":true,"href":"https:\/\/www.europesays.com\/fr\/wp-json\/wp\/v2\/tags?post=430468"}],"curies":[{"name":"wp","href":"https:\/\/api.w.org\/{rel}","templated":true}]}}