{"id":430470,"date":"2025-10-01T06:31:17","date_gmt":"2025-10-01T06:31:17","guid":{"rendered":"https:\/\/www.europesays.com\/fr\/430470\/"},"modified":"2025-10-01T06:31:17","modified_gmt":"2025-10-01T06:31:17","slug":"romain-grosjean-si-cetait-ma-derniere-fois-dans-une-f1-au-moins-ca-sest-passe-de-la-meilleure-maniere","status":"publish","type":"post","link":"https:\/\/www.europesays.com\/fr\/430470\/","title":{"rendered":"Romain Grosjean : \u00ab Si c\u2019\u00e9tait ma derni\u00e8re fois dans une F1, au moins \u00e7a s\u2019est pass\u00e9 de la meilleure mani\u00e8re \u00bb"},"content":{"rendered":"<p class=\"field_LQ1162C\">Une gigantesque boule de feu s\u2019est \u00e9lev\u00e9e dans le ciel de Sakhir, ce 28 novembre 2020, d\u00e9clenchant 28 secondes d\u2019angoisse irrespirable. Le monde de la <a href=\"https:\/\/www.autohebdo.fr\/actualites\/f1\" data-internallinksmanager029f6b8e52c=\"1\" title=\"F1\" target=\"_blank\" rel=\"noopener\">Formule 1<\/a>, du paddock aux fans, s\u2019est fig\u00e9, les yeux riv\u00e9s sur les \u00e9crans, attendant f\u00e9brilement de conna\u00eetre le sort de <a href=\"https:\/\/www.autohebdo.fr\/actualites\/tag\/romain-grosjean\" data-internallinksmanager029f6b8e52c=\"19\" title=\"Romaine Grosjean\" target=\"_blank\" rel=\"noopener\">Romain Grosjean<\/a>. Le Fran\u00e7ais \u00e9tait prisonnier de cette fournaise, enferm\u00e9 dans l\u2019habitacle en flammes d\u2019une <a href=\"https:\/\/www.autohebdo.fr\/actualites\/ecurie\/haas\" data-internallinksmanager029f6b8e52c=\"82\" title=\"Ecurie Haas F1 Team\" target=\"_blank\" rel=\"noopener\">Haas<\/a> qu\u2019il pilotait encore quelques secondes plus t\u00f4t, au d\u00e9part de son 96e Grand Prix avec la formation de Banbury.<\/p>\n","protected":false},"excerpt":{"rendered":"Une gigantesque boule de feu s\u2019est \u00e9lev\u00e9e dans le ciel de Sakhir, ce 28 novembre 2020, d\u00e9clenchant 28&hellip;\n","protected":false},"author":2,"featured_media":430471,"comment_status":"","ping_status":"","sticky":false,"template":"","format":"standard","meta":{"footnotes":""},"categories":[1412],"tags":[1451,1452,1453,1454,1455,1011,27,4443,32234,60],"class_list":{"0":"post-430470","1":"post","2":"type-post","3":"status-publish","4":"format-standard","5":"has-post-thumbnail","7":"category-f1","8":"tag-f1","9":"tag-formula-1","10":"tag-formula1","11":"tag-formule-1","12":"tag-formule1","13":"tag-fr","14":"tag-france","15":"tag-haas","16":"tag-romain-grosjean","17":"tag-sports"},"share_on_mastodon":{"url":"https:\/\/pubeurope.com\/@fr\/115297509863705901","error":""},"_links":{"self":[{"href":"https:\/\/www.europesays.com\/fr\/wp-json\/wp\/v2\/posts\/430470","targetHints":{"allow":["GET"]}}],"collection":[{"href":"https:\/\/www.europesays.com\/fr\/wp-json\/wp\/v2\/posts"}],"about":[{"href":"https:\/\/www.europesays.com\/fr\/wp-json\/wp\/v2\/types\/post"}],"author":[{"embeddable":true,"href":"https:\/\/www.europesays.com\/fr\/wp-json\/wp\/v2\/users\/2"}],"replies":[{"embeddable":true,"href":"https:\/\/www.europesays.com\/fr\/wp-json\/wp\/v2\/comments?post=430470"}],"version-history":[{"count":0,"href":"https:\/\/www.europesays.com\/fr\/wp-json\/wp\/v2\/posts\/430470\/revisions"}],"wp:featuredmedia":[{"embeddable":true,"href":"https:\/\/www.europesays.com\/fr\/wp-json\/wp\/v2\/media\/430471"}],"wp:attachment":[{"href":"https:\/\/www.europesays.com\/fr\/wp-json\/wp\/v2\/media?parent=430470"}],"wp:term":[{"taxonomy":"category","embeddable":true,"href":"https:\/\/www.europesays.com\/fr\/wp-json\/wp\/v2\/categories?post=430470"},{"taxonomy":"post_tag","embeddable":true,"href":"https:\/\/www.europesays.com\/fr\/wp-json\/wp\/v2\/tags?post=430470"}],"curies":[{"name":"wp","href":"https:\/\/api.w.org\/{rel}","templated":true}]}}