{"id":430477,"date":"2025-10-01T06:35:43","date_gmt":"2025-10-01T06:35:43","guid":{"rendered":"https:\/\/www.europesays.com\/fr\/430477\/"},"modified":"2025-10-01T06:35:43","modified_gmt":"2025-10-01T06:35:43","slug":"dans-les-coulisses-du-drole-dimmeuble-qui-intrigue-barcelone-depuis-50-ans","status":"publish","type":"post","link":"https:\/\/www.europesays.com\/fr\/430477\/","title":{"rendered":"dans les coulisses du dr\u00f4le d\u2019immeuble qui intrigue Barcelone depuis 50 ans"},"content":{"rendered":"<p>\t\t\t109<\/p>\n<p><strong>Quel est cet immeuble \u00e9trange qu\u2019on aper\u00e7oit \u00e0 quelques kilom\u00e8tres de Barcelone ? \u201cUne horreur\u201d, nous disent certains, \u201cune bizarrerie\u201d pour d\u2019autres, cette masse de briques qui surplombe les toits ne laisse pas indiff\u00e9rent ! Sign\u00e9 par l\u2019un des plus grands architectes catalans du XXe, on le conna\u00eet sous le nom non moins curieux de Walden 7. Visite guid\u00e9e.\u00a0<\/strong><\/p>\n<p style=\"text-align: right;\">Par Florence Siguret, guide fran\u00e7aise de r\u00e9f\u00e9rence \u00e0 <a href=\"https:\/\/www.barceloneautrement.com\/\" target=\"_blank\" rel=\"noopener nofollow\"><strong>Barcelone Autrement <\/strong><\/a>\u2013 Photos : CC<\/p>\n<p>Dans la banlieue ouest de Barcelone se dresse un g\u00e9ant de briques rouges aux airs labyrinthiques et futuristes. \u00c0 Sant Just Desvern, loin de passer inaper\u00e7u, le Walden 7 et ses 16 \u00e9tages est une tentative audacieuse de r\u00e9inventer la fa\u00e7on d\u2019habiter la ville.<\/p>\n<p>Imagin\u00e9 par <a href=\"https:\/\/www.equinoxmagazine.fr\/2022\/01\/14\/ricardo-bofill\/\" target=\"_blank\" rel=\"noopener nofollow\">Ricardo Bofill<\/a> et son Taller de Arquitectura \u00e0 la fin des ann\u00e9es 1960, il s\u2019inscrit dans un contexte g\u00e9n\u00e9ral de grande croissance \u00e9conomique et d\u00e9mographique en Catalogne. L\u2019industrie bat son plein, attirant des populations venues de toute l\u2019Espagne avec l\u2019espoir de trouver une vie meilleure. La d\u00e9mographie explose et les pouvoirs publics sont souvent pris de court dans l\u2019offre de logements. Des grands ensembles naissent, construits \u00e0 la va-vite et de fa\u00e7on anarchique, o\u00f9 l\u2019esth\u00e9tique et le bien-\u00eatre de leurs occupants sont sacrifi\u00e9s au nom de l\u2019urgence.<\/p>\n<p><img fetchpriority=\"high\" decoding=\"async\" class=\"alignnone size-full wp-image-99307\" src=\"https:\/\/www.europesays.com\/fr\/wp-content\/uploads\/2025\/10\/walden7.jpg\" alt=\"walden7\" width=\"1000\" height=\"510\" title=\"Walden 7 : dans les coulisses du dr\u00f4le d\u2019immeuble qui intrigue Barcelone depuis 50 ans 6\"  \/><\/p>\n<p>C\u2019est dans ce contexte que le jeune Ricardo Bofill, form\u00e9 \u00e0 l\u2019\u00c9cole d\u2019Architecture de Barcelone et surtout \u00e0 Gen\u00e8ve, cr\u00e9e le Taller de Arquitectura avec l\u2019ambition d\u2019offrir une alternative aux mod\u00e8les urbanistiques de son \u00e9poque. L\u2019architecte s\u2019entoure de math\u00e9maticiens, de philosophes, d\u2019ing\u00e9nieurs, d\u2019artistes, de po\u00e8tes, de sociologues et psychologues pour former une \u00e9quipe pluridisciplinaire capable d\u2019offrir une architecture plus humaine.\u00a0<\/p>\n<p>Le Walden 7 ou la mise en oeuvre d\u2019une utopie<\/p>\n<p>L\u2019id\u00e9e du Walden 7 na\u00eet dans les ann\u00e9es 1960, dans la lign\u00e9e de projets o\u00f9 Bofill exp\u00e9rimente de nouvelles formes urbanistiques : le barrio Gaud\u00ed de Reus, le castillo de Kafka \u00e0 Sant Pere de Ribes ou encore la Muralla Roja \u00e0 Calpe. Les r\u00e9alisations sont labyrinthiques avec une alternance de patios, de coursives, de passages inspir\u00e9s des m\u00e9dinas, des kasbahs, de l\u2019habitat traditionnel du bassin m\u00e9diterran\u00e9en.<\/p>\n<p>\u00c0 Sant Just Desvern, Bofill utilisera le site d\u2019une ancienne cimenterie, dont il gardera le corps principal pour y am\u00e9nager son Taller de Arquitectura et sa r\u00e9sidence personnelle. Le reste sera d\u00e9truit pour donner place \u00e0 un immense ensemble de logements collectifs, de \u201cvilles dans l\u2019espace\u201d. Du projet g\u00e9n\u00e9ral, un seul \u00e9difice sera r\u00e9alis\u00e9, le \u201cWalden 7\u201d.\u00a0<\/p>\n<p><img loading=\"lazy\" decoding=\"async\" class=\"alignnone size-full wp-image-108734\" src=\"https:\/\/www.europesays.com\/fr\/wp-content\/uploads\/2025\/10\/walden-7-ricardo-bofill.jpg\" alt=\"ricardo-bofill barcelone\" width=\"900\" height=\"675\" title=\"Walden 7 : dans les coulisses du dr\u00f4le d\u2019immeuble qui intrigue Barcelone depuis 50 ans 7\"  \/><\/p>\n<p>Le nom est un clin d\u2019\u0153il \u00e0 l\u2019ouvrage utopiste du psychologue am\u00e9ricain B. F. Skinner, \u201cWalden Two\u201d dans lequel deux \u00e9tudiants partent en stage dans une communaut\u00e9 exp\u00e9rimentale libertaire et \u00e9galitaire. Le Walden 7 de Bofill serait comme une traduction architecturale de cette soci\u00e9t\u00e9 communautaire id\u00e9ale.<\/p>\n<p>Une construction unique<\/p>\n<p>\u00c0 l\u2019image de ses projets pr\u00e9c\u00e9dents, au lieu de suivre les pr\u00e9ceptes de l\u2019architecture standardis\u00e9e que conna\u00eet l\u2019Espagne franquiste, ou les id\u00e9es du Corbusier qu\u2019il rejette en bloc \u00e0 cause de leur manque d\u2019humanit\u00e9, Ricardo Bofill promeut une architecture inspir\u00e9e des cit\u00e9s-jardins o\u00f9 l\u2019homme et son histoire sont au coeur de l\u2019organisation spatiale.\u00a0<\/p>\n<p>La t\u00e2che complexe du design de l\u2019\u00e9difice est confi\u00e9e \u00e0 Ana Bofill, s\u0153ur de Ricardo et \u201cwaldenita\u201d depuis le d\u00e9but (nom attribu\u00e9 aux habitants d\u2019origine du Walden 7, il en reste quelques-uns aujourd\u2019hui).<\/p>\n<p>Le Walden 7 est con\u00e7u comme une ville dans l\u2019espace : le module carr\u00e9 de 30 m2 sert de base pour organiser et distribuer les logements. Au c\u0153ur des diff\u00e9rents blocs, on trouve des cours int\u00e9rieures verticales, perc\u00e9es de passerelles, balcons et escaliers, cr\u00e9ant des perspectives mouvantes et des espaces semi-publics qui favorisent la rencontre et l\u2019\u00e9change. On pr\u00e9voit des commerces, des services \u00e0 l\u2019int\u00e9rieur m\u00eame de la structure, de mani\u00e8re \u00e0 cr\u00e9er une v\u00e9ritable ville autog\u00e9r\u00e9e.\u00a0<\/p>\n<p><img loading=\"lazy\" decoding=\"async\" class=\"alignnone size-full wp-image-99353\" src=\"https:\/\/www.europesays.com\/fr\/wp-content\/uploads\/2025\/10\/vue-jardin-walden7-1.jpg\" alt=\"vue jardin walden7 1\" width=\"1000\" height=\"582\" title=\"Walden 7 : dans les coulisses du dr\u00f4le d\u2019immeuble qui intrigue Barcelone depuis 50 ans 8\"  \/><\/p>\n<p>Briques rouges en ext\u00e9rieur, \u00e0 l\u2019image de la kasbah, murs turquoises \u00e0 l\u2019int\u00e9rieur, loin d\u2019\u00eatre un monobloc, le Walden 7 est perc\u00e9 d\u2019ouvertures qui ventilent et apportent de la lumi\u00e8re \u00e0 l\u2019\u00e9difice. Au 16e \u00e9tage, le toit terrasse communautaire est con\u00e7u comme un jardin suspendu o\u00f9 l\u2019on peut organiser des \u00e9v\u00e9nements, se retrouver pour un barbecue ou bien tout simplement profiter des piscines. Avec vue.<\/p>\n<p>Une histoire mouvement\u00e9e<\/p>\n<p>Le Walden 7 a pourtant failli ne pas exister car avant la fin des travaux, l\u2019entreprise de construction s\u2019est d\u00e9clar\u00e9e en faillite, laissant le chantier en suspens. Une myriade de petites entreprises se mobilisent et terminent le b\u00e2timent en 1975, mais ce n\u2019\u00e9tait que le d\u00e9but d\u2019une s\u00e9rie de probl\u00e8mes qui commencent d\u00e8s 1977 :\u00a0 mauvaises finitions, chutes de c\u00e9ramiques, fissures, infiltrations\u2026 L\u2019\u00e9difice se couvre de filets de s\u00e9curit\u00e9 et le b\u00e2timent est d\u00e9clar\u00e9 en ruines, contre la volont\u00e9 de ses habitants.\u00a0<\/p>\n<p>C\u2019est la mairie de Sant Just Desvern qui viendra au secours de l\u2019\u0153uvre des Bofill en investissant l\u2019\u00e9quivalent de 3,6 millions d\u2019euros pour la r\u00e9habilitation et la consolidation de l\u2019\u00e9difice. Le Walden 7 est d\u00e9clar\u00e9 \u201cBien Cultural de Inter\u00e9s Local\u201d en 1987 et \u00e0 la fin des travaux en 1995, le b\u00e2timent et ses habitants tournent la page d\u2019une histoire tumultueuse.\u00a0<\/p>\n<p><img loading=\"lazy\" decoding=\"async\" class=\"alignnone size-full wp-image-227870\" src=\"https:\/\/www.europesays.com\/fr\/wp-content\/uploads\/2025\/10\/PB2962641.jpg\" alt=\"Equinox Barcelone Walden 7\" width=\"1500\" height=\"1155\" title=\"Walden 7 : dans les coulisses du dr\u00f4le d\u2019immeuble qui intrigue Barcelone depuis 50 ans 9\"  \/><\/p>\n<p>\u00c0 la fois embl\u00e9matique et pol\u00e9mique, original et contest\u00e9, le Walden 7 et ses 50 bougies fait aujourd\u2019hui partie int\u00e9grante du paysage de la banlieue de Barcelone, t\u00e9moignage d\u2019une utopie que les Bofill se sont attach\u00e9s \u00e0 transformer en r\u00e9alit\u00e9.<\/p>\n<p>\u00a0<\/p>\n<p>Pour en savoir plus, Florence de Barcelone Autrement organise des visites du Walden 7, en compagnie de \u201cwaldenitas\u201d (habitants de l\u2019\u00e9difice). La prochaine visite est pr\u00e9vue le dimanche 19 octobre \u00e0 11h, infos et inscriptions sur <a href=\"https:\/\/www.barceloneautrement.com\/reserver\/\" target=\"_blank\" rel=\"noopener nofollow\"><strong>Barceloneautrement.com\/reserver<\/strong><\/a><\/p>\n","protected":false},"excerpt":{"rendered":"109 Quel est cet immeuble \u00e9trange qu\u2019on aper\u00e7oit \u00e0 quelques kilom\u00e8tres de Barcelone ? \u201cUne horreur\u201d, nous disent&hellip;\n","protected":false},"author":2,"featured_media":430478,"comment_status":"","ping_status":"","sticky":false,"template":"","format":"standard","meta":{"footnotes":""},"categories":[1358],"tags":[1348,1384,1385,1386,58,59,1011,27],"class_list":{"0":"post-430477","1":"post","2":"type-post","3":"status-publish","4":"format-standard","5":"has-post-thumbnail","7":"category-arts-et-design","8":"tag-arts","9":"tag-arts-and-design","10":"tag-arts-et-design","11":"tag-design","12":"tag-divertissement","13":"tag-entertainment","14":"tag-fr","15":"tag-france"},"share_on_mastodon":{"url":"https:\/\/pubeurope.com\/@fr\/115297526508522310","error":""},"_links":{"self":[{"href":"https:\/\/www.europesays.com\/fr\/wp-json\/wp\/v2\/posts\/430477","targetHints":{"allow":["GET"]}}],"collection":[{"href":"https:\/\/www.europesays.com\/fr\/wp-json\/wp\/v2\/posts"}],"about":[{"href":"https:\/\/www.europesays.com\/fr\/wp-json\/wp\/v2\/types\/post"}],"author":[{"embeddable":true,"href":"https:\/\/www.europesays.com\/fr\/wp-json\/wp\/v2\/users\/2"}],"replies":[{"embeddable":true,"href":"https:\/\/www.europesays.com\/fr\/wp-json\/wp\/v2\/comments?post=430477"}],"version-history":[{"count":0,"href":"https:\/\/www.europesays.com\/fr\/wp-json\/wp\/v2\/posts\/430477\/revisions"}],"wp:featuredmedia":[{"embeddable":true,"href":"https:\/\/www.europesays.com\/fr\/wp-json\/wp\/v2\/media\/430478"}],"wp:attachment":[{"href":"https:\/\/www.europesays.com\/fr\/wp-json\/wp\/v2\/media?parent=430477"}],"wp:term":[{"taxonomy":"category","embeddable":true,"href":"https:\/\/www.europesays.com\/fr\/wp-json\/wp\/v2\/categories?post=430477"},{"taxonomy":"post_tag","embeddable":true,"href":"https:\/\/www.europesays.com\/fr\/wp-json\/wp\/v2\/tags?post=430477"}],"curies":[{"name":"wp","href":"https:\/\/api.w.org\/{rel}","templated":true}]}}