{"id":430479,"date":"2025-10-01T06:36:14","date_gmt":"2025-10-01T06:36:14","guid":{"rendered":"https:\/\/www.europesays.com\/fr\/430479\/"},"modified":"2025-10-01T06:36:14","modified_gmt":"2025-10-01T06:36:14","slug":"journal-de-ma-fin-de-vie-le-livre-posthume-dalain-anziani","status":"publish","type":"post","link":"https:\/\/www.europesays.com\/fr\/430479\/","title":{"rendered":"\u00ab\u00a0Journal de ma fin de vie\u00a0\u00bb, le livre posthume d\u2019Alain Anziani"},"content":{"rendered":"<p>Un livre, son livre. L\u2019ancien s\u00e9nateur, maire de M\u00e9rignac et pr\u00e9sident de la M\u00e9tropole <a href=\"https:\/\/www.sudouest.fr\/politique\/alain-anziani\/deces-d-alain-anziani-maire-senateur-bouddhiste-le-singulier-parcours-d-un-atypique-24722991.php\" rel=\"nofollow noopener\" target=\"_blank\">d\u00e9c\u00e9d\u00e9 le 19\u00a0juillet dernier<\/a>, a tenu le journal des trois derni\u00e8res ann\u00e9es de sa vie, l\u2019\u00e9volution de la maladie, ses cons\u00e9quences sur l\u2019exercice du pouvoir, ou la place des malades dans la soci\u00e9t\u00e9. Dans ce journal posthume qui para\u00eet aux \u00c9ditions Affirmatif\u00a0! le 10\u00a0octobre (1), Alain Anziani d\u00e9veloppe aussi des r\u00e9flexions sur le monde hospitalier, les soignants, le statut des aidants, ou simplement \u00ab\u00a0l\u2019exp\u00e9rience d\u2019\u00eatre confront\u00e9 \u00e0 sa mort\u00a0\u00bb, \u00e9crit-il. \u00ab\u00a0Il nous l\u00e8gue un t\u00e9moignage irrempla\u00e7able\u00a0\u00e0 la hauteur de son engagement moral et politique\u00a0\u00bb, indique joliment son \u00e9diteur bordelais.<\/p>\n","protected":false},"excerpt":{"rendered":"Un livre, son livre. L\u2019ancien s\u00e9nateur, maire de M\u00e9rignac et pr\u00e9sident de la M\u00e9tropole d\u00e9c\u00e9d\u00e9 le 19\u00a0juillet dernier,&hellip;\n","protected":false},"author":2,"featured_media":430480,"comment_status":"","ping_status":"","sticky":false,"template":"","format":"standard","meta":{"footnotes":""},"categories":[1357],"tags":[1379,58,59,1011,27,1380],"class_list":{"0":"post-430479","1":"post","2":"type-post","3":"status-publish","4":"format-standard","5":"has-post-thumbnail","7":"category-livres","8":"tag-books","9":"tag-divertissement","10":"tag-entertainment","11":"tag-fr","12":"tag-france","13":"tag-livres"},"share_on_mastodon":{"url":"https:\/\/pubeurope.com\/@fr\/115297529612883089","error":""},"_links":{"self":[{"href":"https:\/\/www.europesays.com\/fr\/wp-json\/wp\/v2\/posts\/430479","targetHints":{"allow":["GET"]}}],"collection":[{"href":"https:\/\/www.europesays.com\/fr\/wp-json\/wp\/v2\/posts"}],"about":[{"href":"https:\/\/www.europesays.com\/fr\/wp-json\/wp\/v2\/types\/post"}],"author":[{"embeddable":true,"href":"https:\/\/www.europesays.com\/fr\/wp-json\/wp\/v2\/users\/2"}],"replies":[{"embeddable":true,"href":"https:\/\/www.europesays.com\/fr\/wp-json\/wp\/v2\/comments?post=430479"}],"version-history":[{"count":0,"href":"https:\/\/www.europesays.com\/fr\/wp-json\/wp\/v2\/posts\/430479\/revisions"}],"wp:featuredmedia":[{"embeddable":true,"href":"https:\/\/www.europesays.com\/fr\/wp-json\/wp\/v2\/media\/430480"}],"wp:attachment":[{"href":"https:\/\/www.europesays.com\/fr\/wp-json\/wp\/v2\/media?parent=430479"}],"wp:term":[{"taxonomy":"category","embeddable":true,"href":"https:\/\/www.europesays.com\/fr\/wp-json\/wp\/v2\/categories?post=430479"},{"taxonomy":"post_tag","embeddable":true,"href":"https:\/\/www.europesays.com\/fr\/wp-json\/wp\/v2\/tags?post=430479"}],"curies":[{"name":"wp","href":"https:\/\/api.w.org\/{rel}","templated":true}]}}