{"id":430483,"date":"2025-10-01T06:38:12","date_gmt":"2025-10-01T06:38:12","guid":{"rendered":"https:\/\/www.europesays.com\/fr\/430483\/"},"modified":"2025-10-01T06:38:12","modified_gmt":"2025-10-01T06:38:12","slug":"lola-young-sabsente-quelque-temps-et-va-annuler-des-concerts-apres-son-malaise-sur-scene-a-new-york","status":"publish","type":"post","link":"https:\/\/www.europesays.com\/fr\/430483\/","title":{"rendered":"Lola Young s\u2019absente \u00ab\u00a0quelque temps\u00a0\u00bb et va annuler des concerts apr\u00e8s son malaise sur sc\u00e8ne \u00e0 New York"},"content":{"rendered":"<p>        <img decoding=\"async\" loading=\"lazy\" src=\"https:\/\/www.europesays.com\/fr\/wp-content\/uploads\/2025\/10\/1f193c2_upload-1-6iykiaenevky-afp-20250908-2234212796-v3-highres-2025mtvvideomusicawardsshow.jpg\"  width=\"728\" height=\"409\" alt=\"Lola Young s\u2019est effondr\u00e9e sur sc\u00e8ne lors d\u2019un concert \u00e0 New York et a d\u00e9cid\u00e9 ce mardi 30\u00a0septembre d\u2019annuler \u00ab\u00a0ses \u00e9v\u00e8nements \u00e0 venir\u00a0\u00bb. (photo d\u2019illustration)\"\/>  <\/p>\n<p>MIKE COPPOLA \/ Getty Images via AFP<\/p>\n<p>Lola Young s\u2019est effondr\u00e9e sur sc\u00e8ne lors d\u2019un concert \u00e0 New York et a d\u00e9cid\u00e9 ce mardi 30\u00a0septembre d\u2019annuler \u00ab\u00a0ses \u00e9v\u00e8nements \u00e0 venir\u00a0\u00bb. (photo d\u2019illustration)<\/p>\n<p class=\"asset asset-text\">CULTURE &#8211; La sant\u00e9 d\u2019abord. La chanteuse britannique Lola Young, rendue c\u00e9l\u00e8bre pour son tube\u00a0Messy, a annonc\u00e9 ce mardi 30\u00a0septembre au soir sur <a href=\"https:\/\/www.instagram.com\/p\/DPO7v-iEWvi\/?utm_source=ig_web_copy_link\" target=\"_blank\" rel=\"noopener\" title=\"Nouvelle fen\u00eatre\">Instagram<\/a> annuler tous ses \u00e9v\u00e8nements \u00e0 venir. Cette d\u00e9cision, qui a fait l\u2019effet d\u2019une bombe pour les fans de l\u2019artiste de 24\u00a0ans, survient apr\u00e8s son malaise sur sc\u00e8ne lors d\u2019un concert samedi \u00e0 <a href=\"https:\/\/www.huffingtonpost.fr\/international\/article\/etat-de-new-york-un-grave-accident-d-autocar-touristique-fait-de-nombreux-blesses-et-plusieurs-morts_253894.html\" target=\"_blank\" rel=\"noopener\" title=\"Nouvelle fen\u00eatre\">New York<\/a>.<\/p>\n<p class=\"asset asset-text\">\u00ab\u00a0Je vais m\u2019absenter pendant quelque temps. Cela me peine de devoir annuler tous mes projets pr\u00e9vus dans un futur proche\u00a0\u00bb, a \u00e9crit la chanteuse londonienne, sans pr\u00e9ciser quels concerts de sa tourn\u00e9e internationale \u00e9taient annul\u00e9s. Elle a pr\u00e9vu de se produire au Royaume-Uni en octobre, puis au Canada, aux \u00c9tats-Unis et au Mexique en novembre et d\u00e9cembre. Sa tourn\u00e9e doit ensuite se poursuivre en Am\u00e9rique latine et en Europe entre mars et juin\u00a02026.<\/p>\n<p class=\"asset asset-text\">\u00ab\u00a0J\u2019esp\u00e8re sinc\u00e8rement que vous m\u2019accorderez une seconde chance lorsque j\u2019aurai pris le temps de travailler sur moi-m\u00eame et que je reviendrai plus forte\u00a0\u00bb, a-t-elle poursuivi, remerciant ses fans pour leur \u00ab\u00a0amour et leur soutien\u00a0\u00bb.<\/p>\n<p>    Trouble schizo-affectif et addiction \u00e0 la coca\u00efne    <\/p>\n<p class=\"asset asset-text\">La chanteuse, qui vient de sortir il y a dix jours son troisi\u00e8me album\u00a0I\u2019m Only F**king Myself, se produisait au festival All Things Go samedi \u00e0 New York quand elle s\u2019est \u00e9croul\u00e9e sur sc\u00e8ne en plein milieu de sa performance, comme le montrent plusieurs vid\u00e9os. Elle a \u00e9t\u00e9 rapidement \u00e9vacu\u00e9e par les secours sous les yeux de ses fans, choqu\u00e9s.<\/p>\n<p class=\"asset asset-text\">\u00ab\u00a0Je vais bien maintenant\u00a0\u00bb, avait-elle ensuite \u00e9crit sur Instagram, annon\u00e7ant l\u2019annulation de son concert du lendemain \u00e0 Washington.<\/p>\n<p class=\"asset asset-text\">La veille, Lola Young avait d\u00e9j\u00e0 annul\u00e9 sa participation \u00e0 un festival dans le New Jersey, son manager Nick Shymansky \u00e9voquant sur Instagram des \u00ab\u00a0mesures de protection pour assurer sa s\u00e9curit\u00e9\u00a0\u00bb, en lien avec la \u00ab\u00a0sant\u00e9 mentale\u00a0\u00bb de l\u2019artiste.<\/p>\n<p class=\"asset asset-text\">La chanteuse, r\u00e9v\u00e9l\u00e9e \u00e0 l\u2019international en 2024 avec son tube Messy, viral sur TikTok, avait confi\u00e9 dans plusieurs interviews qu\u2019elle souffrait d\u2019un trouble schizo-affectif, qui peut provoquer des \u00e9pisodes maniaques et n\u00e9cessiter des hospitalisations.<\/p>\n<p class=\"asset asset-text\">Tr\u00e8s ouverte sur ses probl\u00e8mes de sant\u00e9, elle a \u00e9galement d\u00e9clar\u00e9 dans une interview au Guardian qu\u2019elle est all\u00e9e en cure de d\u00e9sintoxication pour une addiction \u00e0 la coca\u00efne en fin d\u2019ann\u00e9e derni\u00e8re.<\/p>\n<p class=\"asset asset-text\">Au moment de monter sur sc\u00e8ne samedi, elle avait confi\u00e9 aux fans avoir travers\u00e9 des \u00ab\u00a0jours difficiles\u00a0\u00bb. Elle s\u2019est excus\u00e9e mardi \u00ab\u00a0de d\u00e9cevoir tous ceux qui ont achet\u00e9 un billet\u00a0\u00bb et leur a promis un remboursement, sans dire exactement jusqu\u2019\u00e0 quand ses dates de concert \u00e9taient annul\u00e9es.<\/p>\n<p>              <script async src=\"\/\/www.instagram.com\/embed.js\"><\/script><\/p>\n","protected":false},"excerpt":{"rendered":"MIKE COPPOLA \/ Getty Images via AFP Lola Young s\u2019est effondr\u00e9e sur sc\u00e8ne lors d\u2019un concert \u00e0 New&hellip;\n","protected":false},"author":2,"featured_media":430484,"comment_status":"","ping_status":"","sticky":false,"template":"","format":"standard","meta":{"footnotes":""},"categories":[1355],"tags":[2704,251,58,59,73,1011,27,1361,873,415,4441],"class_list":{"0":"post-430483","1":"post","2":"type-post","3":"status-publish","4":"format-standard","5":"has-post-thumbnail","7":"category-musique","8":"tag-chanteuse","9":"tag-culture","10":"tag-divertissement","11":"tag-entertainment","12":"tag-etats-unis","13":"tag-fr","14":"tag-france","15":"tag-music","16":"tag-musique","17":"tag-new-york","18":"tag-tournee"},"share_on_mastodon":{"url":"https:\/\/pubeurope.com\/@fr\/115297537954988511","error":""},"_links":{"self":[{"href":"https:\/\/www.europesays.com\/fr\/wp-json\/wp\/v2\/posts\/430483","targetHints":{"allow":["GET"]}}],"collection":[{"href":"https:\/\/www.europesays.com\/fr\/wp-json\/wp\/v2\/posts"}],"about":[{"href":"https:\/\/www.europesays.com\/fr\/wp-json\/wp\/v2\/types\/post"}],"author":[{"embeddable":true,"href":"https:\/\/www.europesays.com\/fr\/wp-json\/wp\/v2\/users\/2"}],"replies":[{"embeddable":true,"href":"https:\/\/www.europesays.com\/fr\/wp-json\/wp\/v2\/comments?post=430483"}],"version-history":[{"count":0,"href":"https:\/\/www.europesays.com\/fr\/wp-json\/wp\/v2\/posts\/430483\/revisions"}],"wp:featuredmedia":[{"embeddable":true,"href":"https:\/\/www.europesays.com\/fr\/wp-json\/wp\/v2\/media\/430484"}],"wp:attachment":[{"href":"https:\/\/www.europesays.com\/fr\/wp-json\/wp\/v2\/media?parent=430483"}],"wp:term":[{"taxonomy":"category","embeddable":true,"href":"https:\/\/www.europesays.com\/fr\/wp-json\/wp\/v2\/categories?post=430483"},{"taxonomy":"post_tag","embeddable":true,"href":"https:\/\/www.europesays.com\/fr\/wp-json\/wp\/v2\/tags?post=430483"}],"curies":[{"name":"wp","href":"https:\/\/api.w.org\/{rel}","templated":true}]}}